{"id":22931,"date":"2013-03-23T11:31:09","date_gmt":"2013-03-23T10:31:09","guid":{"rendered":"http:\/\/www.schiebener.net\/wordpress\/?p=22931"},"modified":"2013-03-28T11:13:58","modified_gmt":"2013-03-28T10:13:58","slug":"marion-bei-den-mexis-teil-28-lehrergewerkschaftsfuhrerin-reich-und-korrupt-hugo-chavez-tot-und-ein-drogenboss-verschwindet-aus-der-forbes-liste","status":"publish","type":"post","link":"https:\/\/www.schiebener.net\/wordpress\/marion-bei-den-mexis-teil-28-lehrergewerkschaftsfuhrerin-reich-und-korrupt-hugo-chavez-tot-und-ein-drogenboss-verschwindet-aus-der-forbes-liste\/","title":{"rendered":"Marion bei den Mexis, Teil 28: Lehrergewerkschaftsf\u00fchrerin reich und korrupt, Hugo Ch\u00e1vez tot und ein Drogenboss verschwindet aus der Forbes-Liste."},"content":{"rendered":"<p><em>Dieser Artikel ist der <a href=\"http:\/\/www.schiebener.net\/wordpress\/?author=23\" target=\"_blank\">28. Teil einer pers\u00f6nlichen Serie<\/a> \u00fcber das Leben in Mexico und Mexico-City. Heute berichtet unsere Autorin unter anderem \u00fcber eine korrupte Gewerkschaftsf\u00fchrerin, den Tod von Hugo Ch\u00e1vez sowie \u00fcber allerlei reiche Leute, mit und ohne Drogen. Wir w\u00fcnschen viel Spa\u00df beim Lesen.<\/em><\/p>\n<p><strong>\u00a1Hola a todos!<\/strong><\/p>\n<p><strong>L\u00e4sst man die Rechtschreibkorrektur \u00fcber einen deutschsprachigen Text laufen, in dem der mexikanische Pr\u00e4sident Pe\u00f1a Nieto erscheint, kommt als erster Verbesserungsvorschlag f\u00fcr Nieto &#8222;Niete&#8220;.<\/strong><\/p>\n<p>Ob er aber wirklich eine Niete ist, l\u00e4sst sich nach 100 Tagen Regierungszeit nat\u00fcrlich noch nicht sagen. Was sich aber jetzt schon zeigt, ist, dass er sich seiner politischen Macht sehr bewusst ist.<\/p>\n<figure id=\"attachment_22988\" aria-describedby=\"caption-attachment-22988\" style=\"width: 512px\" class=\"wp-caption aligncenter\"><a href=\"http:\/\/www.schiebener.net\/wordpress\/wp-content\/uploads\/2013\/03\/koerdt2801.jpg\"><img loading=\"lazy\" decoding=\"async\" class=\"size-full wp-image-22988\" alt=\"Frau Gordillo und Herr Pe\u00f1a Nieto konnten scheints auch herzlich miteinander lachen. Vielleicht hat sie ihm auch gerade nur f\u00fcr seine Frau ihren Sch\u00f6nheitschirurgen empfohlen und er dachte, das sei ein guter Witz.\" src=\"http:\/\/www.schiebener.net\/wordpress\/wp-content\/uploads\/2013\/03\/koerdt2801.jpg\" width=\"512\" height=\"384\" srcset=\"https:\/\/www.schiebener.net\/wordpress\/wp-content\/uploads\/2013\/03\/koerdt2801.jpg 512w, https:\/\/www.schiebener.net\/wordpress\/wp-content\/uploads\/2013\/03\/koerdt2801-300x225.jpg 300w\" sizes=\"auto, (max-width: 512px) 85vw, 512px\" \/><\/a><figcaption id=\"caption-attachment-22988\" class=\"wp-caption-text\">Vorher: Frau Gordillo und Herr Pe\u00f1a Nieto konnten scheint&#8217;s auch herzlich miteinander lachen. Vielleicht hat sie ihm auch gerade nur f\u00fcr seine Frau ihren Sch\u00f6nheitschirurgen empfohlen und er dachte, das sei ein guter Witz.<\/figcaption><\/figure>\n<p><strong>\u00dcberaus deutlich wurde dies, als er vor zwei Wochen die Lehrergewerkschaftsf\u00fchrerin Elba Esther Gordillo nach ihrer R\u00fcckkehr aus den USA am Flughafen verhaften lie\u00df.<\/strong> Nun gut, das hatte aber auch einen Grund: Frau Gordillo soll aus Gewerkschaftsgeldern umgerechnet zwischen 155 und 170 Millionen Euro unterschlagen haben. Mir ist bei der Summe erst einmal die Sprache weggeblieben. Dann dachte ich wiederum: Na ja, die stand ja schlie\u00dflich auch 24 Jahre an der Spitze der Gewerkschaft. Einer meiner Deutschsch\u00fcler kl\u00e4rte mich auf: Die Summe bez\u00f6ge sich nur auf die letzten drei, vier Jahre. Da hat es mir wieder die Sprache verschlagen. <!--more-->Als ich sie wiederfand, erz\u00e4hlte ich von diesem ehemaligen VW-Gewerkschafter und seinen Lustreisen nach Brasilien. Jedenfalls das, was mir noch so bruchst\u00fcckhaft im Hirn haften geblieben ist. Daraufhin fragte mich mein Sch\u00fcler: Ja, was hat er denn gemacht? Und ich sagte, er sei auf Firmenkosten nach Brasilien geflogen und hat dort seiner Geliebten eine Wohnung finanziert. Und? Ja, wie und? Das war\u2019s? Ich nickte und er lachte herzhaft.<\/p>\n<figure id=\"attachment_22992\" aria-describedby=\"caption-attachment-22992\" style=\"width: 512px\" class=\"wp-caption aligncenter\"><a href=\"http:\/\/www.schiebener.net\/wordpress\/wp-content\/uploads\/2013\/03\/koerdt2803.jpg\"><img loading=\"lazy\" decoding=\"async\" class=\"size-full wp-image-22992\" alt=\"Die Reichen wohnen nebenan.\" src=\"http:\/\/www.schiebener.net\/wordpress\/wp-content\/uploads\/2013\/03\/koerdt2803.jpg\" width=\"512\" height=\"384\" srcset=\"https:\/\/www.schiebener.net\/wordpress\/wp-content\/uploads\/2013\/03\/koerdt2803.jpg 512w, https:\/\/www.schiebener.net\/wordpress\/wp-content\/uploads\/2013\/03\/koerdt2803-300x225.jpg 300w\" sizes=\"auto, (max-width: 512px) 85vw, 512px\" \/><\/a><figcaption id=\"caption-attachment-22992\" class=\"wp-caption-text\">Sch\u00f6ner wohnen &#8211; einer der beschlagnahmten Gordillo-H\u00e4user in Mexiko-Stadt. Dieses steht nicht unweit des Chapultepec-Parks, auch wenn es noch in unserem Stadtteil liegt, d\u00fcrften wir uns dort die Mieten kaum leisten k\u00f6nnen.<\/figcaption><\/figure>\n<p>Eigentlich hat auch ganz Mexiko \u00fcber Gordillos Verhaftung geschmunzelt. Ich fand das gar nicht komisch, schlie\u00dflich hat die Frau damit nicht nur unz\u00e4hlige Sch\u00f6nheitsoperationen bezahlt (die meiner Meinung nach \u00fcberhaupt nichts gebracht haben) und zahlreiche Immobilien erworben (alleine acht in der mexikanischen Hauptstadt, dann noch zwei in San Diego und eine in Paris), sondern auch ihre ganze Familie versorgt (u.a. mit politischen \u00c4mtern).<\/p>\n<figure id=\"attachment_22989\" aria-describedby=\"caption-attachment-22989\" style=\"width: 512px\" class=\"wp-caption aligncenter\"><a href=\"http:\/\/www.schiebener.net\/wordpress\/wp-content\/uploads\/2013\/03\/koerdt2802.jpg\"><img loading=\"lazy\" decoding=\"async\" class=\"size-full wp-image-22989\" alt=\"Nachher hatte sie wirklich nichts mehr zu lachen. Ob die Gitter nachtr\u00e4glich per Photoshop eingef\u00fcgt worden sind, wei\u00df ich nicht. Ich war ja bei der Verhaftung nicht mit dabei. Beide Bilder aus meiner Lieblingszeitung &quot;La Jornada&quot;.\" src=\"http:\/\/www.schiebener.net\/wordpress\/wp-content\/uploads\/2013\/03\/koerdt2802.jpg\" width=\"512\" height=\"384\" srcset=\"https:\/\/www.schiebener.net\/wordpress\/wp-content\/uploads\/2013\/03\/koerdt2802.jpg 512w, https:\/\/www.schiebener.net\/wordpress\/wp-content\/uploads\/2013\/03\/koerdt2802-300x225.jpg 300w\" sizes=\"auto, (max-width: 512px) 85vw, 512px\" \/><\/a><figcaption id=\"caption-attachment-22989\" class=\"wp-caption-text\">Nachher hatte sie wirklich nichts mehr zu lachen. Ob die Gitter nachtr\u00e4glich per Photoshop eingef\u00fcgt worden sind, wei\u00df ich nicht. Ich war ja bei der Verhaftung nicht mit dabei. Beide Bilder aus meiner Lieblingszeitung &#8222;La Jornada&#8220;.<\/figcaption><\/figure>\n<p><strong>Eine weitere Gruppe, die jetzt nichts zu lachen hat, ist die Lehrerschaft.<\/strong> Schlie\u00dflich genoss die unter Gordillos Schirmherrschaft eine gewisse Narrenfreiheit. Stell dir vor, dein Papa ist Lehrer. Dann konntest du in Mexiko das auch werden, denn die Lehrerstellen konnten vererbt werden. Egal, wie bl\u00f6de du auch bist, das ging. Und wenn du dann nicht zum Unterricht erschienen bist, machte das auch nichts: Es gab keine Sanktionen. Damit wird es jetzt wohl vorbei sein. Wie auch Frau Gordillos Luxusleben. Wenn man den offiziellen Angaben glaubt, muss sie jetzt 67 sein. Sie ist aber seit 1960 in der Gewerkschaft. Das w\u00fcrde bedeuten, sie war schon mit 15 Lehrerin. Stramme Leistung. In der jetzigen Regierungspartei PRI war sie auch, bis die sie vor ein paar Jahren rausgeschmissen haben. Dann gr\u00fcndete sie ihre eigene Partei und robbte sich an den vorherigen Pr\u00e4sidenten Calder\u00f3n von der PAN.<\/p>\n<figure id=\"attachment_22990\" aria-describedby=\"caption-attachment-22990\" style=\"width: 512px\" class=\"wp-caption aligncenter\"><a href=\"http:\/\/www.schiebener.net\/wordpress\/wp-content\/uploads\/2013\/03\/koerdt2804.jpg\"><img loading=\"lazy\" decoding=\"async\" class=\"size-full wp-image-22990\" alt=\"Hugo Chavez ist tot \" src=\"http:\/\/www.schiebener.net\/wordpress\/wp-content\/uploads\/2013\/03\/koerdt2804.jpg\" width=\"512\" height=\"384\" srcset=\"https:\/\/www.schiebener.net\/wordpress\/wp-content\/uploads\/2013\/03\/koerdt2804.jpg 512w, https:\/\/www.schiebener.net\/wordpress\/wp-content\/uploads\/2013\/03\/koerdt2804-300x225.jpg 300w\" sizes=\"auto, (max-width: 512px) 85vw, 512px\" \/><\/a><figcaption id=\"caption-attachment-22990\" class=\"wp-caption-text\">Hugo Ch\u00e1vez ist tot. &#8222;Viva Ch\u00e1vez!&#8220; (fotos: koerdt)<\/figcaption><\/figure>\n<p><strong>Apropos heran robben: Hugo Ch\u00e1vez ist tot.<\/strong> Nun gut, das ist nichts Neues. Aber in dem Zusammenhang wurde mir mal wieder deutlich, dass Lateinamerika eben keine homogene Einheit darstellt. Ch\u00e1vez bezeichnete 2005 den damaligen PAN-Pr\u00e4sidenten Fox sinngem\u00e4\u00df als \u201eArschkriecher der USA\u201c, was bei dem gar nicht gut ankam. Seitdem lagen die diplomatischen Beziehungen quasi auf Eis. An der Venezuelanischen Botschaft in Polanco gab es dennoch Trauerbekundungen. Und vielleicht werden von dort demn\u00e4chst auch Pilgerreisen zum einbalsamierten Ch\u00e1vez nach Caracas angeboten. Warum totalit\u00e4re Charaktere eigentlich immer zum Personenkult neigen, bleibt f\u00fcr mich nach wie vor bizarr.<\/p>\n<figure id=\"attachment_22991\" aria-describedby=\"caption-attachment-22991\" style=\"width: 512px\" class=\"wp-caption aligncenter\"><a href=\"http:\/\/www.schiebener.net\/wordpress\/wp-content\/uploads\/2013\/03\/koerdt2805.jpg\"><img loading=\"lazy\" decoding=\"async\" class=\"size-full wp-image-22991\" alt=\"Hugo Chavez - Personenkult\" src=\"http:\/\/www.schiebener.net\/wordpress\/wp-content\/uploads\/2013\/03\/koerdt2805.jpg\" width=\"512\" height=\"642\" srcset=\"https:\/\/www.schiebener.net\/wordpress\/wp-content\/uploads\/2013\/03\/koerdt2805.jpg 512w, https:\/\/www.schiebener.net\/wordpress\/wp-content\/uploads\/2013\/03\/koerdt2805-239x300.jpg 239w\" sizes=\"auto, (max-width: 512px) 85vw, 512px\" \/><\/a><figcaption id=\"caption-attachment-22991\" class=\"wp-caption-text\">Und ewig gr\u00fc\u00dft der Commandante &#8211; zum Gl\u00fcck nur als Bild und nicht als ausgestellte Mumie. Allzu dicke hatte es die mexikanische Regierung aber nicht mit dem Hugo. Schlie\u00dflich w\u00fcrde die dem imperalistischen Erzfeind in ein bestimmtes K\u00f6rperteil kriechen.<\/figcaption><\/figure>\n<p><strong>Die weitere Meldung Lateinamerika betreffend, war ja die Papstwahl.<\/strong> Wir waren Papst, jetzt ist Argentinien dran. Als erstes nichteurop\u00e4isches Land \u00fcberhaupt. Auch hier zeigt sich die Inhomogenit\u00e4t Lateinamerikas. Hier in Mexiko tanzten die Katholiken (deren Anzahl in Mexiko ja an Wahlergebnisse in kommunistischen L\u00e4nder erinnert) vor Freude nicht auf der Stra\u00dfe, sondern wiesen sofort darauf hin, dass der neue Pontifex ja angeblich mit der damaligen Milit\u00e4rjunta gemeinsame Sache gemacht hat. Die Argentinier stehen auf der mexikanischen Beliebtheitsskala ungef\u00e4hr dort wo die US-Amerikaner stehen. Sie gelten schlichtweg als die Arroganzschn\u00f6sel Lateinamerikas.<\/p>\n<p><strong>Als Arroganzschn\u00f6sel wurde bislang der reichste Mann der Welt, der Mexikaner Carlos Slim, ja nicht wahrgenommen.<\/strong> Wohl eher das Gegenteil: Der Unternehmer gilt als allgemein als bescheidener Zeitgenosse, der um an seiner an Krebs verstorbenen Frau noch immer trauert und das Museum mit einem Teil seiner Kunstsammlung nach ihr benannte: Museo Somaya. Der Eintritt ins Museum ist jederzeit frei. Klingt wirklich nicht unsympathisch, wenn er nicht den Mexikanern das Telefonieren zur Kostenh\u00f6lle machen w\u00fcrde. Fast nirgendwo auf der Welt sind die Telefonkosten so hoch wie in Mexiko. Und wer beherrscht den Markt? Richtig, Herr Slim. 80% des Festnetz- und 70% des Mobilfunkmarktes geh\u00f6ren seinen Firmen. So, nun gef\u00e4llt aber nicht jedem diese Monopolisierung. Unter anderem den gro\u00dfen Parteien, die sich zum Mexiko-Pakt (\u201ePacto por M\u00e9xico\u201c) zusammengeschlossen haben, um Reformen im Land voranzutreiben. So will der Mexiko-Pakt das Monopol auf dem Telekommunikationsmarkt durch gesetzliche Neureglungen brechen. Und wer steht an der Speerspitze? Pr\u00e4sident Pe\u00f1a Nieto. Wie gesagt, der Mann handelt. Ob er Gewinner oder Niete ist, wird sich zeigen m\u00fcssen. Jedenfalls darf Herr Slim jetzt um seinen ersten Platz in der Forbes-Liste der reichsten M\u00e4nner der Welt f\u00fcrchten. Vor kurzem f\u00fchrte er sie zum vierten Mal in Folge an. Wer jedenfalls aus der Liste verschwunden ist, ist der Chef des Sinaloa-Kartells, Joaqu\u00edn \u201eEl Chapo\u201c Guzm\u00e1n. Zu undurchsichtig seien seine Besitzverh\u00e4ltnisse, so die Begr\u00fcndung. Ach was, wer h\u00e4tte das gedacht? Der Typ ist seit 12 Jahren untergetaucht und das wird wohl auch erst einmal so bleiben. Die Meldung, er sei im Norden Guatemalas erschossen worden, entpuppte sich als Ente. Und der guatemaltekische Innenminister musste schamesrot vor die Presse treten, nachdem er Stunden zuvor siegessicher verk\u00fcndet hatte, dass er es sein k\u00f6nnte. \u201eEl Chapo\u201c f\u00fchrt zwar nicht die Forbes-Liste an, belegt aber in einem anderen Ranking nun Platz eins: Er gilt in den USA nun als Staatsfeind Nr. 1.<\/p>\n<p>Also, ich finde dieses Land schon recht leistungsstark.<\/p>\n<p><strong>Hoffe, euch allen geht es gut und dass die Ostereiersuche nicht im Schnee versinkt.<\/strong><\/p>\n<p><strong>Muchos saludos,<\/strong><br \/>\n<strong> Marion<\/strong><\/p>\n<p>P.S.: Die Rechtschreibkorrektur schl\u00e4gt bei Gordillo als erstes &#8222;Gorilla&#8220; vor, bei Sinaloa &#8222;Sinalco&#8220;.<\/p>\n","protected":false},"excerpt":{"rendered":"<p>Dieser Artikel ist der 28. Teil einer pers\u00f6nlichen Serie \u00fcber das Leben in Mexico und Mexico-City. Heute berichtet unsere Autorin unter anderem \u00fcber eine korrupte Gewerkschaftsf\u00fchrerin, den Tod von Hugo &hellip; <a href=\"https:\/\/www.schiebener.net\/wordpress\/marion-bei-den-mexis-teil-28-lehrergewerkschaftsfuhrerin-reich-und-korrupt-hugo-chavez-tot-und-ein-drogenboss-verschwindet-aus-der-forbes-liste\/\" class=\"more-link\"><span class=\"screen-reader-text\">\u201eMarion bei den Mexis, Teil 28: Lehrergewerkschaftsf\u00fchrerin reich und korrupt, Hugo Ch\u00e1vez tot und ein Drogenboss verschwindet aus der Forbes-Liste.\u201c <\/span>weiterlesen<\/a><\/p>\n","protected":false},"author":23,"featured_media":0,"comment_status":"open","ping_status":"open","sticky":false,"template":"","format":"standard","meta":{"footnotes":""},"categories":[377],"tags":[4219,2114,4217,4218,4220,378,3739],"class_list":["post-22931","post","type-post","status-publish","format-standard","hentry","category-mexico","tag-carlos-slim","tag-ciudad-mexico","tag-elba-esther-gordillo","tag-hugo-chavez","tag-joaquin-el-chapo-guzman","tag-mexico-city","tag-pena-nieto"],"_links":{"self":[{"href":"https:\/\/www.schiebener.net\/wordpress\/wp-json\/wp\/v2\/posts\/22931","targetHints":{"allow":["GET"]}}],"collection":[{"href":"https:\/\/www.schiebener.net\/wordpress\/wp-json\/wp\/v2\/posts"}],"about":[{"href":"https:\/\/www.schiebener.net\/wordpress\/wp-json\/wp\/v2\/types\/post"}],"author":[{"embeddable":true,"href":"https:\/\/www.schiebener.net\/wordpress\/wp-json\/wp\/v2\/users\/23"}],"replies":[{"embeddable":true,"href":"https:\/\/www.schiebener.net\/wordpress\/wp-json\/wp\/v2\/comments?post=22931"}],"version-history":[{"count":0,"href":"https:\/\/www.schiebener.net\/wordpress\/wp-json\/wp\/v2\/posts\/22931\/revisions"}],"wp:attachment":[{"href":"https:\/\/www.schiebener.net\/wordpress\/wp-json\/wp\/v2\/media?parent=22931"}],"wp:term":[{"taxonomy":"category","embeddable":true,"href":"https:\/\/www.schiebener.net\/wordpress\/wp-json\/wp\/v2\/categories?post=22931"},{"taxonomy":"post_tag","embeddable":true,"href":"https:\/\/www.schiebener.net\/wordpress\/wp-json\/wp\/v2\/tags?post=22931"}],"curies":[{"name":"wp","href":"https:\/\/api.w.org\/{rel}","templated":true}]}}