{"id":22860,"date":"2013-03-16T21:08:35","date_gmt":"2013-03-16T20:08:35","guid":{"rendered":"http:\/\/www.schiebener.net\/wordpress\/?p=22860"},"modified":"2013-03-16T22:19:15","modified_gmt":"2013-03-16T21:19:15","slug":"umleitung-von-brussel-bis-bestwig-vom-eu-haushalt-zum-burgerhaushalt-vom-papst-zu-den-piraten-und-mehr","status":"publish","type":"post","link":"https:\/\/www.schiebener.net\/wordpress\/umleitung-von-brussel-bis-bestwig-vom-eu-haushalt-zum-burgerhaushalt-vom-papst-zu-den-piraten-und-mehr\/","title":{"rendered":"Umleitung: von Br\u00fcssel bis Bestwig, vom EU-Haushalt zum B\u00fcrgerhaushalt, vom Papst zu den Piraten und mehr."},"content":{"rendered":"<figure id=\"attachment_22861\" aria-describedby=\"caption-attachment-22861\" style=\"width: 256px\" class=\"wp-caption alignleft\"><img loading=\"lazy\" decoding=\"async\" class=\" wp-image-22861 \" alt=\"Jetzt besitzen wir auch ein Motiv f\u00fcr Polizeimeldungen (foto: zoom)\" src=\"http:\/\/www.schiebener.net\/wordpress\/wp-content\/uploads\/2013\/03\/BlaulichtPolizei.jpg\" width=\"256\" height=\"192\" \/><figcaption id=\"caption-attachment-22861\" class=\"wp-caption-text\">Seit den Ver.di, GEW und\u00a0 GdP Demos besitzen auch wir ein Motiv f\u00fcr Polizeimeldungen (foto: zoom)<\/figcaption><\/figure>\n<p><strong>Br\u00fcsseler Irrsinn f\u00fcr Zypern:<\/strong> Man muss sich EU-Gipfel nicht als rationale Veranstaltung vorstellen &#8230; <a title=\"Zypern-Finanzkrise\" href=\"http:\/\/www.wiesaussieht.de\/2013\/03\/16\/brusseler-irrsinn-fur-zypern\/\" target=\"_blank\">wiesaussieht<\/a><\/p>\n<p><strong>Jubil\u00e4umsfeier f\u00fcr die Agenda 2010:<\/strong> Wenig Kritik und keine Empathie mit den Opfern &#8230; <a title=\"Jubil\u00e4umsfeier f\u00fcr die Agenda 2010\" href=\"http:\/\/www.nachdenkseiten.de\/?p=16534\" target=\"_blank\">nachdenkseiten <\/a><\/p>\n<p><strong>Medienrummel um Konklave und Papst:<\/strong> Es gr\u00fc\u00dft das Religionslehrermangel-Murmeltier &#8230; <a title=\"Religionslehrer Mangelware\" href=\"http:\/\/hpd.de\/node\/15363\" target=\"_blank\">hpd<\/a><\/p>\n<p><strong>Papst Wahl \u2013 Kasperle Theater:<\/strong> Die TV Pr\u00e4sentation des neuen Papstes erinnerte mich an meine Kindheit &#8230; <a title=\"Papst-Wahl Kindertheater\" href=\"http:\/\/www.neheims-netz.de\/?p=4520\" target=\"_blank\">neheimsnetz<\/a><\/p>\n<p><strong>Respekt! Habemus papam:<\/strong> Der Mensch, liebe Br\u00fcder und Schwestern, ist das Ebenbild Gottes &#8230; <a title=\"Habemus Papam\" href=\"http:\/\/www.jurga.de\/503.html\" target=\"_blank\">jurga<\/a><\/p>\n<p><strong>Kein Papst aus dem Sauerland?<\/strong> Das ehemalige Herzogtum Westfalen, welches bis zur S\u00e4kularisation \u00fcber 350 Jahre lang der stabilen Landesherrschaft der K\u00f6lner Kurf\u00fcrstbisch\u00f6fe unterstanden hat, war wohl einmal eine der katholischsten Landschaften im deutschsprachigen Raum &#8230; <a title=\"Papst aus dem Sauerland\" href=\"http:\/\/www.heise.de\/tp\/artikel\/38\/38740\/1.html\" target=\"_blank\">telepolis<\/a><\/p>\n<p><strong>Hom\u00f6opathische Ministerin Steffens:<\/strong> Nun wird Bartoschek die Leidensf\u00e4higkeit der fachlich versierten Ministerialbeamte untersch\u00e4tzen, welche in die Ministerien als Fachkr\u00e4fte berufen werden und dort zumeist auf Lebenszeit bleiben &#8230; <a title=\"Barbara Steffens\" href=\"http:\/\/nesselsetzer.wordpress.com\/2013\/03\/14\/kopfschuttelnde-ministerialbeamte\/\" target=\"_blank\">nesselsetzer<\/a><\/p>\n<p><strong>Starcon vs. Scienceblogs:<\/strong> So leicht bringt man Blogger zum Schweigen &#8230; <a title=\"Starcon und Blogger\" href=\"http:\/\/blog.psiram.com\/2013\/03\/starcon-vs-scienceblogs-so-leicht-bringt-man-blogger-zum-schweigen\/\" target=\"_blank\">psiram<\/a><\/p>\n<p><strong>Zum Ruhrgebiet gab es f\u00fcnf Dinge zu sagen:<\/strong> 1. Seine St\u00e4dte sind pleite. 2. Ihre Infrastruktur ist mangelhaft. 3. Die Parteien m\u00f6chten die Missst\u00e4nde beseitigen &#8230; <a title=\"Ruhrgebiet\" href=\"http:\/\/post-von-horn.de\/2013\/03\/16\/zusammenarbeit-plus-kooperation\/\" target=\"_blank\">postvonhorn<\/a><\/p>\n<p><strong>\u201cPiraten wirken nicht!\u201d:<\/strong> Immer wieder h\u00f6re und lese ich dar\u00fcber, wie sinnlos doch die Piratenpartei sei und dass sie doch wirklungslos sei &#8230; <a title=\"Piraten\" href=\"http:\/\/c2h5oh1.wordpress.com\/2013\/03\/09\/piraten-wirken-nicht\/\" target=\"_blank\">c2h5oh<\/a><\/p>\n<p><strong>Lokale Medien und Informationen:<\/strong> weniger Zeitung, mehr Online &#8230; <a title=\"Lokale Medien\" href=\"http:\/\/charlyandfriends.blogspot.de\/2013\/03\/lokal-weniger-zeitung-mehr-online.html\" target=\"_blank\">charlyandfriends<\/a><\/p>\n<p><strong>J\u00e4hes Erwachen aus Kindertr\u00e4umen:<\/strong> Zum Ende des Spielwarengesch\u00e4fts L\u00fctgenau in Dortmund &#8230; <a title=\"Spielwaren in Dortmund\" href=\"http:\/\/www.revierpassagen.de\/16457\/jahes-erwachen-aus-kindertraumen-zum-ende-des-spielwarengeschafts-lutgenau-in-dortmund\/20130315_1438\" target=\"_blank\">revierpassagen<\/a><\/p>\n<p><strong>Waldeck-Frankenberg:<\/strong> B\u00fcrgerhaushalt im Landkreis &#8230; <a title=\"Buergerhaushalt\" href=\"http:\/\/sbl-fraktion.de\/?p=2834\" target=\"_blank\">sbl<\/a><\/p>\n<p><strong>Bestwig***:<\/strong> Haupt- und Realschule stehen auf der Kippe &#8230; <a title=\"Bestwig Schulen\" href=\"http:\/\/www.derwesten.de\/staedte\/nachrichten-aus-meschede-eslohe-bestwig-und-schmallenberg\/haupt-und-realschule-stehen-auf-der-kippe-id7726698.html\" target=\"_blank\">derwesten<\/a><\/p>\n<p><em>***Am 16. Januar 2010 hatten wir das Notwendige zu diesem Thema geschrieben:<\/em> Schulkonkurrenz im Hochsauerland? Brilon legt vor. Diskussionsvorschlag: \u201cGesamtschule Olsberg\u201d &#8230; <a title=\"Gesamtschule Olsberg\" href=\"http:\/\/www.schiebener.net\/wordpress\/?p=6333#more-6333\" target=\"_blank\">zoom<\/a><\/p>\n","protected":false},"excerpt":{"rendered":"<p>Br\u00fcsseler Irrsinn f\u00fcr Zypern: Man muss sich EU-Gipfel nicht als rationale Veranstaltung vorstellen &#8230; wiesaussieht Jubil\u00e4umsfeier f\u00fcr die Agenda 2010: Wenig Kritik und keine Empathie mit den Opfern &#8230; nachdenkseiten &hellip; <a href=\"https:\/\/www.schiebener.net\/wordpress\/umleitung-von-brussel-bis-bestwig-vom-eu-haushalt-zum-burgerhaushalt-vom-papst-zu-den-piraten-und-mehr\/\" class=\"more-link\"><span class=\"screen-reader-text\">\u201eUmleitung: von Br\u00fcssel bis Bestwig, vom EU-Haushalt zum B\u00fcrgerhaushalt, vom Papst zu den Piraten und mehr.\u201c <\/span>weiterlesen<\/a><\/p>\n","protected":false},"author":3,"featured_media":0,"comment_status":"open","ping_status":"open","sticky":false,"template":"","format":"standard","meta":{"footnotes":""},"categories":[542,3,533,3182,80,32,5,24,49,379,1208],"tags":[],"class_list":["post-22860","post","type-post","status-publish","format-standard","hentry","category-arbeitswelt","category-bildung-und-schule","category-europa","category-finanzen","category-lokales","category-medien","category-naturwissenschaft","category-politik","category-religion","category-umleitung","category-wirtschaft"],"_links":{"self":[{"href":"https:\/\/www.schiebener.net\/wordpress\/wp-json\/wp\/v2\/posts\/22860","targetHints":{"allow":["GET"]}}],"collection":[{"href":"https:\/\/www.schiebener.net\/wordpress\/wp-json\/wp\/v2\/posts"}],"about":[{"href":"https:\/\/www.schiebener.net\/wordpress\/wp-json\/wp\/v2\/types\/post"}],"author":[{"embeddable":true,"href":"https:\/\/www.schiebener.net\/wordpress\/wp-json\/wp\/v2\/users\/3"}],"replies":[{"embeddable":true,"href":"https:\/\/www.schiebener.net\/wordpress\/wp-json\/wp\/v2\/comments?post=22860"}],"version-history":[{"count":0,"href":"https:\/\/www.schiebener.net\/wordpress\/wp-json\/wp\/v2\/posts\/22860\/revisions"}],"wp:attachment":[{"href":"https:\/\/www.schiebener.net\/wordpress\/wp-json\/wp\/v2\/media?parent=22860"}],"wp:term":[{"taxonomy":"category","embeddable":true,"href":"https:\/\/www.schiebener.net\/wordpress\/wp-json\/wp\/v2\/categories?post=22860"},{"taxonomy":"post_tag","embeddable":true,"href":"https:\/\/www.schiebener.net\/wordpress\/wp-json\/wp\/v2\/tags?post=22860"}],"curies":[{"name":"wp","href":"https:\/\/api.w.org\/{rel}","templated":true}]}}