{"id":22695,"date":"2013-03-08T12:19:06","date_gmt":"2013-03-08T11:19:06","guid":{"rendered":"http:\/\/www.schiebener.net\/wordpress\/?p=22695"},"modified":"2013-03-16T00:58:35","modified_gmt":"2013-03-15T23:58:35","slug":"entlassene-frankfurter-rundschau-beschaftigte-sind-wutend-auf-die-spd-protest-beim-landesparteitag-der-spd-am-9-marz-in-hanau","status":"publish","type":"post","link":"https:\/\/www.schiebener.net\/wordpress\/entlassene-frankfurter-rundschau-beschaftigte-sind-wutend-auf-die-spd-protest-beim-landesparteitag-der-spd-am-9-marz-in-hanau\/","title":{"rendered":"Entlassene Frankfurter Rundschau-Besch\u00e4ftigte sind w\u00fctend auf die SPD. Protest beim Landesparteitag der SPD am 9. M\u00e4rz in Hanau."},"content":{"rendered":"<p><img loading=\"lazy\" decoding=\"async\" class=\"alignleft size-full wp-image-2182\" title=\"In unserem Briefkasten\" alt=\"In unserem Briefkasten\" src=\"http:\/\/www.schiebener.net\/wordpress\/wp-content\/uploads\/2009\/02\/lt_briefkasten01.jpg\" width=\"120\" height=\"91\" \/><strong>Frankfurt am Main. (<a href=\"http:\/\/hessen.verdi.de\/pressemitteilungen\/showNews?id=f5f8d31e-870e-11e2-695c-0015c5f266ac\" target=\"_blank\">verd.di_pm<\/a>) Entlassene Besch\u00e4ftigte des Druck- und Verlagshauses der &#8222;Frankfurter Rundschau&#8220; werden am Samstag, 9. M\u00e4rz, vor dem Hanauer &#8218;Congress Park&#8216; am Schlossplatz f\u00fcr soziale Gerechtigkeit demonstrieren. Sie fordern von der SPD Gelder f\u00fcr angemessene Abfindungen, nachdem sie durch die Insolvenz des Druck- und Verlagshauses am 1. M\u00e4rz ihre Arbeitspl\u00e4tze verloren haben. Die hessische SPD veranstaltet in dem Kongresszentrum am Samstag ihren Listenparteitag zur Bundestagswahl. <\/strong><\/p>\n<p>Die SPD ist \u00fcber ihre Medienholding ddvg Miteigent\u00fcmerin des Druck- und Verlagshauses. Wie der zweite Hauptgesellschafter, die K\u00f6lner Mediengruppe DuMont Schauberg, verweigert die ddvg Leistungen, die \u00fcber eine bescheidene Transfergesellschaft und das Minimum eines Insolvenzsozialplans hinausgehen.<!--more--><\/p>\n<p>Pro Besch\u00e4ftigungsjahr stehen den Gek\u00fcndigten im Schnitt gerade einmal 500 Euro zu. ver.di fordert nach wie vor, dass die beiden Gesellschafter zun\u00e4chst wenigstens die Auszahlung der Abfindungen vorfinanzieren. Andernfalls ist zu erwarten, dass es Jahre dauern wird bis feststeht, was am Ende des Insolvenzverfahrens tats\u00e4chlich noch ausgezahlt werden kann.<\/p>\n<p>Au\u00dferdem besteht die Gefahr der Verrechnung mit Hartz-IV-Leistungen, falls die Betroffenen bis zum Ablauf der Bezugsdauer von Arbeitslosengeld keine neue Anstellung finden. &#8222;Damit w\u00fcrden dann ausgerechnet diejenigen noch einmal bestraft, die wegen ihres Alters oder fehlender Arbeitspl\u00e4tze in der Druckindustrie keine Chance auf dem Arbeitsmarkt haben&#8220;, bef\u00fcrchtet Manfred Moos vom ver.di-Fachbereich Medien.<\/p>\n<p>Dass die SPD sich nunmehr im Wahlkampf als Partei der sozialen Gerechtigkeit stilisiere, werde von vielen der arbeitslos gewordenen Rundschau-Besch\u00e4ftigen als blanker Hohn empfunden. &#8222;Der Vorwurf an die SPD ist, dass mit der Insolvenz von den Eigent\u00fcmern die f\u00fcr sie billigste Variante der Betriebsschlie\u00dfung gew\u00e4hlt worden ist. F\u00fcr die Besch\u00e4ftigten war diese Entscheidung eine Katastrophe&#8220;, so Moos. Die Entscheidung sei zwar nicht mehr r\u00fcckg\u00e4ngig zu machen, die Folgen k\u00f6nnten aber noch immer abgemildert werden.<\/p>\n<p>Unterst\u00fctzt werden die ehemaligen Rundschau-Besch\u00e4ftigten von Kolleginnen und Kollegen aus der H\u00fcrriyet-Redaktion der Dogan-Mediengruppe aus M\u00f6rfelden-Walldorf. Sie wollen dabei auch auf ihre eigene Situation aufmerksam machen. Die H\u00fcrriyet-Redaktion soll geschlossen werden, \u00fcber f\u00fcnfzig Arbeitspl\u00e4tze sind in Gefahr.<\/p>\n<p>Die Protestkundgebung vor dem &#8218;Congress Park&#8216; soll am 9. M\u00e4rz um 12.00 Uhr beginnen.<\/p>\n","protected":false},"excerpt":{"rendered":"<p>Frankfurt am Main. (verd.di_pm) Entlassene Besch\u00e4ftigte des Druck- und Verlagshauses der &#8222;Frankfurter Rundschau&#8220; werden am Samstag, 9. M\u00e4rz, vor dem Hanauer &#8218;Congress Park&#8216; am Schlossplatz f\u00fcr soziale Gerechtigkeit demonstrieren. Sie &hellip; <a href=\"https:\/\/www.schiebener.net\/wordpress\/entlassene-frankfurter-rundschau-beschaftigte-sind-wutend-auf-die-spd-protest-beim-landesparteitag-der-spd-am-9-marz-in-hanau\/\" class=\"more-link\"><span class=\"screen-reader-text\">\u201eEntlassene Frankfurter Rundschau-Besch\u00e4ftigte sind w\u00fctend auf die SPD. Protest beim Landesparteitag der SPD am 9. M\u00e4rz in Hanau.\u201c <\/span>weiterlesen<\/a><\/p>\n","protected":false},"author":17,"featured_media":0,"comment_status":"open","ping_status":"open","sticky":false,"template":"","format":"standard","meta":{"footnotes":""},"categories":[303,32,1043],"tags":[457,4208,5874,4207],"class_list":["post-22695","post","type-post","status-publish","format-standard","hentry","category-in-unserem-briefkasten","category-medien","category-pressemitteilungen","tag-frankfurter-rundschau","tag-hurriyet","tag-pressemeldungen","tag-spd-hessen"],"_links":{"self":[{"href":"https:\/\/www.schiebener.net\/wordpress\/wp-json\/wp\/v2\/posts\/22695","targetHints":{"allow":["GET"]}}],"collection":[{"href":"https:\/\/www.schiebener.net\/wordpress\/wp-json\/wp\/v2\/posts"}],"about":[{"href":"https:\/\/www.schiebener.net\/wordpress\/wp-json\/wp\/v2\/types\/post"}],"author":[{"embeddable":true,"href":"https:\/\/www.schiebener.net\/wordpress\/wp-json\/wp\/v2\/users\/17"}],"replies":[{"embeddable":true,"href":"https:\/\/www.schiebener.net\/wordpress\/wp-json\/wp\/v2\/comments?post=22695"}],"version-history":[{"count":0,"href":"https:\/\/www.schiebener.net\/wordpress\/wp-json\/wp\/v2\/posts\/22695\/revisions"}],"wp:attachment":[{"href":"https:\/\/www.schiebener.net\/wordpress\/wp-json\/wp\/v2\/media?parent=22695"}],"wp:term":[{"taxonomy":"category","embeddable":true,"href":"https:\/\/www.schiebener.net\/wordpress\/wp-json\/wp\/v2\/categories?post=22695"},{"taxonomy":"post_tag","embeddable":true,"href":"https:\/\/www.schiebener.net\/wordpress\/wp-json\/wp\/v2\/tags?post=22695"}],"curies":[{"name":"wp","href":"https:\/\/api.w.org\/{rel}","templated":true}]}}