{"id":22606,"date":"2013-02-28T23:05:28","date_gmt":"2013-02-28T22:05:28","guid":{"rendered":"http:\/\/www.schiebener.net\/wordpress\/?p=22606"},"modified":"2014-01-16T20:48:21","modified_gmt":"2014-01-16T19:48:21","slug":"bundeswehr-traditionspflege-fur-burgerkrieg-und-massenmord-der-finnentag-in-hohenlockstedt-am-2-marz","status":"publish","type":"post","link":"https:\/\/www.schiebener.net\/wordpress\/bundeswehr-traditionspflege-fur-burgerkrieg-und-massenmord-der-finnentag-in-hohenlockstedt-am-2-marz\/","title":{"rendered":"Bundeswehr: Traditionspflege f\u00fcr B\u00fcrgerkrieg und Massenmord? Der &#8222;Finnentag&#8220; in Hohenlockstedt am 2. M\u00e4rz."},"content":{"rendered":"<figure id=\"attachment_22608\" aria-describedby=\"caption-attachment-22608\" style=\"width: 512px\" class=\"wp-caption aligncenter\"><a href=\"http:\/\/de.wikipedia.org\/w\/index.php?title=Datei:Pataljoonan_paallystoa.jpg&amp;filetimestamp=20081001095812\" target=\"_blank\"><img loading=\"lazy\" decoding=\"async\" class=\"size-full wp-image-22608 \" title=\"lt_pataljoonan_paallystoa\" alt=\"Deutsche Offiziere der &quot;Finnischen Legion&quot; an der deutsch-russischen Front in Estland 1917. Befehlshaber Hauptmann Ulrich von Coler (mittlere Reihe, 4. v. l.) trat wie viele andere dieser Gruppe 1918 auf die Seite der Wei\u00dfen um Finnischen B\u00fcrgerkrieg. (foto: wikipedia***)\" src=\"http:\/\/www.schiebener.net\/wordpress\/wp-content\/uploads\/2013\/02\/lt_pataljoonan_paallystoa.jpg\" width=\"512\" height=\"378\" srcset=\"https:\/\/www.schiebener.net\/wordpress\/wp-content\/uploads\/2013\/02\/lt_pataljoonan_paallystoa.jpg 512w, https:\/\/www.schiebener.net\/wordpress\/wp-content\/uploads\/2013\/02\/lt_pataljoonan_paallystoa-300x221.jpg 300w\" sizes=\"auto, (max-width: 512px) 85vw, 512px\" \/><\/a><figcaption id=\"caption-attachment-22608\" class=\"wp-caption-text\">Deutsche und finnische Offiziere der \u201eFinnischen Legion\u201c in Lettland 1917.<br \/>Befehlshaber Hauptmann Ulrich von Coler (mittlere Reihe, 4. v. l.) trat wie viele andere dieser Gruppe 1918 auf die Seite der Wei\u00dfen im Finnischen B\u00fcrgerkrieg. (Photo: wikipedia)<\/figcaption><\/figure>\n<p><strong>Alte Kameraden erfinden den Ersten Weltkrieg neu &#8211; gegen Rote und Russen war&#8217;s ein &#8222;Freiheitskampf&#8220; mit deutscher Hilfe. Der Befehlshaber des Einsatzf\u00fchrungskommandos der Bundeswehr, verantwortlich f\u00fcr die Auslandseins\u00e4tze deutscher Soldaten in Afghanistan, Mali und anderswo, ist dabei.<\/strong><\/p>\n<p><em>(von unserem Gastautor Georg Blum)<\/em><\/p>\n<p>In Schleswig-Holstein nahe der Kreisstadt Itzehoe gibt es ein merkw\u00fcrdiges Milit\u00e4rgel\u00e4nde, das Lockstedter Lager: gegr\u00fcndet als Lager f\u00fcr franz\u00f6sische Kriegsgefangene 1870\/71, dann Ausbildungslager der kaiserlichen deutschen Infanterie, bis 2004 in Teilen genutzt als Heeresflieger-Standort der Bundeswehr. Merkw\u00fcrdig ist hier vor allem ein j\u00e4hrliches Gedenkritual, zu dem diplomatische und konsularische Repr\u00e4sentanten sowie h\u00f6chste finnische und deutsche Milit\u00e4rs anreisen, unter letzteren h\u00e4ufig der jeweilige Leiter der zentralen <a href=\"http:\/\/www.deutschesheer.de\/portal\/a\/ha\/!ut\/p\/c4\/04_SB8K8xLLM9MSSzPy8xBz9CP3I5EyrpHK9jNTUoviMRL2UzNS84pLiktScHL3MvLTi5IxS_YJsR0UACcbeTA!!\/\" target=\"_blank\">Infanterieschule<\/a> in Hammelburg oder der Befehlshaber des Potsdamer <a href=\"http:\/\/www.einsatz.bundeswehr.de\/portal\/a\/einsatzbw\/!ut\/p\/c4\/04_SB8K8xLLM9MSSzPy8xBz9CP3I5EyrpHK9pPKU1PjUzLzixJIqIBfESitNzU7JB3Iy89Ly44tTM0tS9QuyHRUBRoc8RQ!!\/\" target=\"_blank\">Einsatzf\u00fchrungskommandos<\/a> der Bundeswehr. Ende Februar\/ Anfang M\u00e4rz begehen sie in der Standortgemeinde Hohenlockstedt den &#8222;Finnentag&#8220; &#8211; in Erinnerung an eine Episode deutsch-finnischer Milit\u00e4rkooperation, die im Januar 1915, ein halbes Jahr nach Beginn des Ersten Weltkriegs, ihren Ausgang nahm.<\/p>\n<p>Damals reisten nach und nach rund 2000 junge Finnen, zumeist Studenten aus wohlhabenden Familien, als Pfadfinder getarnt in Lockstedt an. Die b\u00fcrgerliche finnische Nationalbewegung wollte sich mit dem Deutschen Kaiserreich gegen das zaristische Russland verb\u00fcnden. Die jungen M\u00e4nner sollten im Lager gedrillt und als &#8222;finnische Legion&#8220; den deutschen Truppen an der Ostfront in Estland an die Seite gestellt werden. Im Mai 1916 griff hier ein finnisches J\u00e4gerbataillon, gef\u00fchrt von deutschen Offizieren, in die Stellungsk\u00e4mpfe ein. Aber mit den russischen Revolutionen im Februar und im Oktober 1918 kam die Mission bereits zu ihrem Ende. Die Finnen wechselten unter das Kommando der &#8222;wei\u00dfen&#8220; finnischen B\u00fcrgerarmee und k\u00e4mpften gegen die mit den russischen Oktoberrevolution\u00e4ren marschierende &#8222;rote&#8220; finnische Arbeiterarmee. Die deutschen Offiziere folgten ihnen als S\u00f6ldner oder k\u00e4mpften mit den deutschen Freikorps im Baltikum und sp\u00e4ter in Deutschland ebenfalls gegen die Arbeiterbewegung.<\/p>\n<p>Diese nur drei Jahre w\u00e4hrende milit\u00e4rische Kooperation zwischen Deutschen und Finnen hat den Anschein einer kleinen milit\u00e4rgeschichtlichen Arabeske. Ihre Wirkungen reichen jedoch bis in die Kriegsf\u00fchrung des Zweiten Weltkriegs. Die &#8222;finnische Legion&#8220; und ihre deutschen Offiziere wurden zu einer Schule des &#8222;Wei\u00dfen Terrors&#8220;, der sich als besondere antikommunistische Kampfweise im finnischen B\u00fcrgerkrieg herausbildete, im deutschen Angriff auf die Sowjetunion 1941 erneuerte und als Praxis der Judenvernichtung und Resistance- und Partisanenbek\u00e4mpfung auf viele der von Deutschland zwischen 1939 und 1945 besetzten L\u00e4nder ausweitete.<\/p>\n<p>Diese Traditionslinie findet sich prototypisch verk\u00f6rpert in der Laufbahn des preu\u00dfisch-deutschen Berufssoldaten Ulrich von Coler. Er wurde als ausbildender Oberleutnant im September 1915 nach Lockstedt kommandiert und f\u00fchrte als Hauptmann mit 38 weiteren deutschen Offizieren eine rund 1.250 K\u00f6pfe z\u00e4hlende finnische Legion ins Estl\u00e4ndische Kampfgebiet. Schon Anfang M\u00e4rz 1918 kam er mit den ersten Heimfahrern nach Finnland. Er wurde Oberst der wei\u00dfen finnischen Armee bis zu deren Sieg \u00fcber die revolution\u00e4re finnische Bewegung wenige Monate sp\u00e4ter. Da nach diesem Ereignis die deutschen Offiziere von den Finnen wieder aus ihrem Heer ausgegliedert wurden und Coler keine Stellung in der 1919 auf 100.000 Mann verkleinerten Deutschen Reichswehr erwarten konnte, wechselte er f\u00fcr mindestens zehn Jahre zu finnischen wei\u00dfen paramilit\u00e4rischen Milizen.<\/p>\n<p>1934 kehrte er in das inzwischen nationalsozialistische Deutschland zur\u00fcck und trat der aufr\u00fcstenden und wachsenden Wehrmacht bei. Im Zweiten Weltkrieg erscheint er, nun im Alter von Mitte 50, als Regimentskommandeur im Polenfeldzug 1939, ab Sommer 1940 als leitender Besatzungsoffizier (Feldkommandant) in Nordfrankreich und auf der Krim. Auf der Krim war er mit gro\u00dfer Wahrscheinlichkeit pers\u00f6nlich an Erschie\u00dfungen von Juden beteiligt. \u00dcber sein Gebaren berichteten beteiligte Offiziere in einem Nachkriegsverfahren vor dem Landgericht D\u00fcsseldorf ausf\u00fchrlich: Er habe stets das eigene Herrenmenschentum bzw. das Untermenschentum der russischen Bev\u00f6lkerung betont, habe Untergebene aufgefordert, bei Exekutionen vorher Bilder von den Opfern zu machen, um deren K\u00fcmmerlichkeit zu belegen, und unter Schwenken seiner Pistole von deren Gebrauch geprahlt.<\/p>\n<p>\u00dcber diesen sozialreaktion\u00e4ren, rassistischen und m\u00f6rderischen Ideen- und Erfahrungshintergrund der &#8222;wei\u00dfen&#8220; Finnen und Deutschen wird heute in Finnland nach Jahrzehnten des Schweigens sehr offen<a href=\"http:\/\/de.wikipedia.org\/wiki\/Finnischer_B%C3%BCrgerkrieg\" target=\"_blank\"> debattiert<\/a>. Im milit\u00e4rhistorischen Museum Hohenlockstedts und auf den \u00f6rtlichen Veranstaltungen erf\u00e4hrt man davon nichts. Generalmajor Jukka Pennanen aus Helsinki beendete seine Rede zum Finnentag 2012 mit den Worten: &#8222;Dieser Gedenktag liefert uns ein Vorbild, was einzelne Menschen f\u00fcr Ihre \u00dcberzeugung und zur Durchsetzung der Gerechtigkeit bewirken k\u00f6nnen. Die Werte, die dem Handeln der J\u00e4ger zugrunde lagen, haben in den vergangenen nahezu hundert Jahren nichts an Aktualit\u00e4t eingeb\u00fc\u00dft!&#8220; Der B\u00fcrgermeister Hohenlockstedts, Bernhard Diederichsen, spricht von den &#8222;finnischen Freiheitskriegen gegen das russische Joch&#8220;. Die Homepage des \u00f6rtlichen Heeresflieger-Traditionsvereins spricht pr\u00e4ziser vom &#8222;erfolgreichen Freiheitskampf der Finnen gegen den roten Riesen&#8220;. Am <a href=\"http:\/\/www.shz.de\/nachrichten\/lokales\/norddeutsche-rundschau\/artikeldetails\/artikel\/finnische-freiheit-und-freundschaft.html\" target=\"_blank\">diesj\u00e4hrigen Finnentag<\/a> am 2. M\u00e4rz 2013 wird Generalleutnant <a href=\"http:\/\/www.einsatz.bundeswehr.de\/portal\/a\/einsatzbw\/!ut\/p\/c4\/04_SB8K8xLLM9MSSzPy8xBz9CP3I5EyrpHK9pPKU1PjUzLzixJIqIBfESitNzU7JB8mlpmUkJqUW6RdkOyoCAIh3bJk!\/\" target=\"_blank\">Rainer Glatz<\/a>, zurzeit Befehlshaber des Einsatzf\u00fchrungskommandos der Bundeswehr, eine der Hauptreden halten.<\/p>\n<p><em>***Bildquelle: <a href=\"http:\/\/de.wikipedia.org\/w\/index.php?title=Datei:Pataljoonan_paallystoa.jpg&amp;filetimestamp=20081001095812\" target=\"_blank\">wikipedia Pataljoonan paallystoa.jpg<\/a><\/em><\/p>\n","protected":false},"excerpt":{"rendered":"<p>Alte Kameraden erfinden den Ersten Weltkrieg neu &#8211; gegen Rote und Russen war&#8217;s ein &#8222;Freiheitskampf&#8220; mit deutscher Hilfe. Der Befehlshaber des Einsatzf\u00fchrungskommandos der Bundeswehr, verantwortlich f\u00fcr die Auslandseins\u00e4tze deutscher Soldaten &hellip; <a href=\"https:\/\/www.schiebener.net\/wordpress\/bundeswehr-traditionspflege-fur-burgerkrieg-und-massenmord-der-finnentag-in-hohenlockstedt-am-2-marz\/\" class=\"more-link\"><span class=\"screen-reader-text\">\u201eBundeswehr: Traditionspflege f\u00fcr B\u00fcrgerkrieg und Massenmord? Der &#8222;Finnentag&#8220; in Hohenlockstedt am 2. M\u00e4rz.\u201c <\/span>weiterlesen<\/a><\/p>\n","protected":false},"author":18,"featured_media":0,"comment_status":"open","ping_status":"open","sticky":false,"template":"","format":"standard","meta":{"footnotes":""},"categories":[533,319,24],"tags":[4193,4190,4191,4192,2965],"class_list":["post-22606","post","type-post","status-publish","format-standard","hentry","category-europa","category-geschichte","category-politik","tag-erster-weltkrieg","tag-finnentag","tag-hohenlockstedt","tag-itzehoe","tag-zweiter-weltkrieg"],"_links":{"self":[{"href":"https:\/\/www.schiebener.net\/wordpress\/wp-json\/wp\/v2\/posts\/22606","targetHints":{"allow":["GET"]}}],"collection":[{"href":"https:\/\/www.schiebener.net\/wordpress\/wp-json\/wp\/v2\/posts"}],"about":[{"href":"https:\/\/www.schiebener.net\/wordpress\/wp-json\/wp\/v2\/types\/post"}],"author":[{"embeddable":true,"href":"https:\/\/www.schiebener.net\/wordpress\/wp-json\/wp\/v2\/users\/18"}],"replies":[{"embeddable":true,"href":"https:\/\/www.schiebener.net\/wordpress\/wp-json\/wp\/v2\/comments?post=22606"}],"version-history":[{"count":0,"href":"https:\/\/www.schiebener.net\/wordpress\/wp-json\/wp\/v2\/posts\/22606\/revisions"}],"wp:attachment":[{"href":"https:\/\/www.schiebener.net\/wordpress\/wp-json\/wp\/v2\/media?parent=22606"}],"wp:term":[{"taxonomy":"category","embeddable":true,"href":"https:\/\/www.schiebener.net\/wordpress\/wp-json\/wp\/v2\/categories?post=22606"},{"taxonomy":"post_tag","embeddable":true,"href":"https:\/\/www.schiebener.net\/wordpress\/wp-json\/wp\/v2\/tags?post=22606"}],"curies":[{"name":"wp","href":"https:\/\/api.w.org\/{rel}","templated":true}]}}