{"id":22323,"date":"2013-02-07T17:52:19","date_gmt":"2013-02-07T16:52:19","guid":{"rendered":"http:\/\/www.schiebener.net\/wordpress\/?p=22323"},"modified":"2013-02-07T17:53:43","modified_gmt":"2013-02-07T16:53:43","slug":"hsk-spd-neuregelung-bei-sozialbeerdigungen-erforderlich","status":"publish","type":"post","link":"https:\/\/www.schiebener.net\/wordpress\/hsk-spd-neuregelung-bei-sozialbeerdigungen-erforderlich\/","title":{"rendered":"HSK-SPD: Neuregelung bei Sozialbeerdigungen erforderlich"},"content":{"rendered":"<figure id=\"attachment_22329\" aria-describedby=\"caption-attachment-22329\" style=\"width: 512px\" class=\"wp-caption aligncenter\"><img loading=\"lazy\" decoding=\"async\" class=\"size-full wp-image-22329\" title=\"grab\" src=\"http:\/\/www.schiebener.net\/wordpress\/wp-content\/uploads\/2013\/02\/grab.jpg\" alt=\"Sterbegeld, Bestattungsfristen, Kommunalbestatter und ... (foto: zoom)\" width=\"512\" height=\"136\" srcset=\"https:\/\/www.schiebener.net\/wordpress\/wp-content\/uploads\/2013\/02\/grab.jpg 512w, https:\/\/www.schiebener.net\/wordpress\/wp-content\/uploads\/2013\/02\/grab-300x79.jpg 300w\" sizes=\"auto, (max-width: 512px) 85vw, 512px\" \/><figcaption id=\"caption-attachment-22329\" class=\"wp-caption-text\">SPD fordert: Sterbegeld, Bestattungsfristen, Kommunalbestatter und einen Sozialfriedhof f\u00fcr NRW ... (foto: zoom)<\/figcaption><\/figure>\n<p><strong>Hochsauerlandkreis. (<a href=\"http:\/\/www.hsk-spd.de\/index.php?nr=51386&amp;menu=1\" target=\"_blank\">spd_pm<\/a>) Die SPD im Hochsauerlandkreis fordert eine gesetzliche Neuregelung beim Umgang mit Sozialbeerdigungen. <\/strong><\/p>\n<p>Worum geht es: Wenn in verarmten oder sozialschwachen Familien ein Angeh\u00f6riger stirbt und kein Geld f\u00fcr die Beerdigung und den Bestatter da ist, stellt dies oftmals ein Problem dar. Denn der Staat und die Kommunen zahlen oft nicht, oder teilweise mit erheblicher Verz\u00f6gerung.<\/p>\n<p><strong>Die Sozial\u00e4mter lassen oftmals alle Fristen verstreichen<\/strong> und geben die Geldforderung an das Ordnungsamt ab, das dann die komplette Beerdigung \u00fcbernimmt, und alles regelt (ohne das die Betroffenen etwas mitzubestimmen haben).<\/p>\n<p><strong>Dies geschieht allerdings zu Lasten der Angeh\u00f6rigen<\/strong>, die dann eine Rechnung erhalten, die sie nicht bezahlen k\u00f6nnen. Ab hier droht dann der Rechtsweg mit Mahnungen und schlie\u00dflich dem Gerichtsvollzieher. Meist gibt das Ordnungsamt die Verstorbenen dorthin, wo eine Bestattung am g\u00fcnstigsten ist (z.B. Niederlande oder die Schweiz) dort werden sie dann verbrannt und anonym verstreut. Bestatter m\u00fcssen zudem meistens in Vorleistung treten.<\/p>\n<p><strong>Dass es auch anders geht zeigt sich in Bayern<\/strong>, denn Bayern ist das einzige Bundesland in der BRD, das gesetzlich vorgeschrieben hat, dass Verstorbene innerhalb k\u00fcrzester Zeit beerdigt werden m\u00fcssen (Auszug aus der bayrischen Landesverfassung: &#8222;Die Gemeinden haben daf\u00fcr zu sorgen, dass jeder Verstorbene schicklich beerdigt werden kann. \u00dcber die Mitwirkung der Religionsgemeinschaften haben diese selbst zu bestimmen.&#8220;) Hier wird die Suche nach zahlungskr\u00e4ftigen Angeh\u00f6rigen nach der Beerdigung begonnen.<\/p>\n<p><strong>Der Landesfachverband Bestattungsgewerbe Nordrhein-Westfalen e.V.<\/strong> protestiert schon seit Jahren vergeblich gegen die hier bestehende Regelung. \u00a02009 stellte der langj\u00e4hrige Vorsitzende des Ausschusses f\u00fcr Arbeit, Gesundheit und soziales G\u00fcnther Gabrecht (SPD) mit einer Kollegin eine Anfrage an die CDU\/FDP Landesregierung, leider erfolglos.<\/p>\n<p><strong>Aus der Sicht der SPD im Hochsauerlandkreis<\/strong> gibt es folgende m\u00f6gliche L\u00f6sungen, die jetzt in einem Antrag an die SPD-Landtagsfraktion geschickt wurden:<\/p>\n<p>1. Wiedereinf\u00fchrung des Sterbegeldes durch die gesetzliche Krankenversicherung.<br \/>\n2. Die gesetzliche Auflage den Verstorbenen innerhalb von 10 Tagen zu beerdigen.<br \/>\n3. Die Bayrische L\u00f6sung mit den Kommunalen Bestattern.<br \/>\n4. Ein Sozialfriedhof im Besitz des Landes NRW, mit einem vom Land beauftragten Bestatter.<\/p>\n<p><strong>Weitere Informationen<\/strong> unter <a href=\"http:\/\/www.hsk-spd.de\/index.php?nr=51386&amp;menu=1\" target=\"_blank\">www.hsk-spd.de<\/a> oder bei Facebook unter &#8222;SPD im Sauerland&#8220;.<\/p>\n","protected":false},"excerpt":{"rendered":"<p>Hochsauerlandkreis. (spd_pm) Die SPD im Hochsauerlandkreis fordert eine gesetzliche Neuregelung beim Umgang mit Sozialbeerdigungen. Worum geht es: Wenn in verarmten oder sozialschwachen Familien ein Angeh\u00f6riger stirbt und kein Geld f\u00fcr &hellip; <a href=\"https:\/\/www.schiebener.net\/wordpress\/hsk-spd-neuregelung-bei-sozialbeerdigungen-erforderlich\/\" class=\"more-link\"><span class=\"screen-reader-text\">\u201eHSK-SPD: Neuregelung bei Sozialbeerdigungen erforderlich\u201c <\/span>weiterlesen<\/a><\/p>\n","protected":false},"author":17,"featured_media":0,"comment_status":"open","ping_status":"open","sticky":false,"template":"","format":"standard","meta":{"footnotes":""},"categories":[303,80,24,1043],"tags":[3878,4157,1027],"class_list":["post-22323","post","type-post","status-publish","format-standard","hentry","category-in-unserem-briefkasten","category-lokales","category-politik","category-pressemitteilungen","tag-pressemeldung","tag-sozialbeerdigungen","tag-spd-im-hsk"],"_links":{"self":[{"href":"https:\/\/www.schiebener.net\/wordpress\/wp-json\/wp\/v2\/posts\/22323","targetHints":{"allow":["GET"]}}],"collection":[{"href":"https:\/\/www.schiebener.net\/wordpress\/wp-json\/wp\/v2\/posts"}],"about":[{"href":"https:\/\/www.schiebener.net\/wordpress\/wp-json\/wp\/v2\/types\/post"}],"author":[{"embeddable":true,"href":"https:\/\/www.schiebener.net\/wordpress\/wp-json\/wp\/v2\/users\/17"}],"replies":[{"embeddable":true,"href":"https:\/\/www.schiebener.net\/wordpress\/wp-json\/wp\/v2\/comments?post=22323"}],"version-history":[{"count":0,"href":"https:\/\/www.schiebener.net\/wordpress\/wp-json\/wp\/v2\/posts\/22323\/revisions"}],"wp:attachment":[{"href":"https:\/\/www.schiebener.net\/wordpress\/wp-json\/wp\/v2\/media?parent=22323"}],"wp:term":[{"taxonomy":"category","embeddable":true,"href":"https:\/\/www.schiebener.net\/wordpress\/wp-json\/wp\/v2\/categories?post=22323"},{"taxonomy":"post_tag","embeddable":true,"href":"https:\/\/www.schiebener.net\/wordpress\/wp-json\/wp\/v2\/tags?post=22323"}],"curies":[{"name":"wp","href":"https:\/\/api.w.org\/{rel}","templated":true}]}}