{"id":22105,"date":"2013-01-26T01:17:21","date_gmt":"2013-01-26T00:17:21","guid":{"rendered":"http:\/\/www.schiebener.net\/wordpress\/?p=22105"},"modified":"2013-03-16T13:40:02","modified_gmt":"2013-03-16T12:40:02","slug":"meschede-zustandigkeit-fur-veramed-patientenakten-unklar-%e2%80%93-akteneinsicht-derzeit-nicht-moglich","status":"publish","type":"post","link":"https:\/\/www.schiebener.net\/wordpress\/meschede-zustandigkeit-fur-veramed-patientenakten-unklar-%e2%80%93-akteneinsicht-derzeit-nicht-moglich\/","title":{"rendered":"Meschede: Zust\u00e4ndigkeit f\u00fcr Veramed-Patientenakten unklar &#8211; Akteneinsicht derzeit nicht m\u00f6glich"},"content":{"rendered":"<p><strong>Die Antwort des Hochsauerlandkreises auf die Anfrage der Sauerl\u00e4nder B\u00fcrgerliste (SBL) zu den &#8222;Patienten-Akten in dem Geb\u00e4ude der ehemaligen Veramed-Klinik in Meschede-Beringhausen&#8220; erreichte uns am 25.01.2013. Das Schreiben tr\u00e4gt das Datum vom 18.01.2013. Hier der vollst\u00e4ndige Text:<\/strong><\/p>\n<p>Sehr geehrter Herr Loos,<br \/>\nIhre o. g. Anfrage beantworte ich hiermit wie folgt:<\/p>\n<p><strong>Frage 1: Ist das Insolvenzverfahren zwischenzeitlich abgeschlossen?<\/strong><br \/>\n<strong>Frage 2: Wenn ja, wann und mit welchem Ergebnis<\/strong><br \/>\nDas Insolvenzverfahren ist noch nicht abgeschlossen.<\/p>\n<p><strong>Frage 3: Wer ist jetzt Eigent\u00fcmer der Patienten-Akten der ehemaligen Veramed-Klinik und somit Ansprechpartner f\u00fcr fr\u00fchere Patientinnen und deren Angeh\u00f6rige?<\/strong><br \/>\nDer Insolvenzverwalter hat die Patientenakten nach den insolvenzrechtlichen Vorschriften aus dem Insolvenzbeschlag freigegeben. Er ist damit weder der Eigent\u00fcmer der Akten noch besitzt er in diesem Zusammenhang sonstige Zust\u00e4ndigkeiten.<\/p>\n<p>Die Zust\u00e4ndigkeiten und Verantwortlichkeiten f\u00fcr Patientenakten aus insolventen Privatkrankenanstalten sind derzeit unklar (siehe auch Antwort zu Frage 4).<\/p>\n<p><strong>Frage 4: Liegen neue Erkenntnisse \u00fcber den Verbleib der Akten vor?<\/strong><br \/>\nAngesichts der Vielzahl der derzeit offenen Fragen hat auf meine Initiative hin und unter Moderation von Herrn Kreisdirektor Dr. Drathen am 10.01.2013 im Kreishaus Meschede ein runder Tisch unter Beteiligung des Landesbeauftragten f\u00fcr Datenschutz und Informationsfreiheit NRW (LDI NRW), des Insolvenzverwalters, des Vertreters der Grundst\u00fccksgesellschaft der Veramed-Klinik und des B\u00fcrgermeisters der Stadt Meschede getagt.<\/p>\n<p>Die gesetzliche Zust\u00e4ndigkeit f\u00fcr die Sicherstellung und Aufbewahrung der Patientenakten wurde intensiv diskutiert und konnte nicht abschlie\u00dfend gekl\u00e4rt werden. Diese am aktuellen Fall der Patientenakten der Veramed-Klinik deutlich gewordene Problematik hat f\u00fcr das Land Nordrhein-Westfalen Modellcharakter f\u00fcr m\u00f6gliche k\u00fcnftige F\u00e4lle. Daher werden das Gesundheitsministerium NRW und der LDI NRW die Beteiligten zeitnah zu einem weiteren runden Tisch nach D\u00fcsseldorf einladen, um dort die offenen Zust\u00e4ndigkeitsfragen abschlie\u00dfend zu kl\u00e4ren und \u00fcber die endg\u00fcltige Sicherung und den Verbleib der Patientenakten der Veramed-Klinik zu entscheiden.<\/p>\n<p>Bis dahin werden die Patientenakten von der Stadt Meschede interimsm\u00e4\u00dfig ohne Anerkennung einer Rechtspflicht \u00fcbergangsweise gesichert. Damit kann f\u00fcr eine kurze \u00dcbergangszeit das Akteneinsichtsrecht der ehemaligen Patienten mit Zustimmung des LDI NRW nicht wahrgenommen werden.<\/p>\n<p>Mit freundlichen Gr\u00fc\u00dfen<\/p>\n<p>Dr. Schneider<\/p>\n","protected":false},"excerpt":{"rendered":"<p>Die Antwort des Hochsauerlandkreises auf die Anfrage der Sauerl\u00e4nder B\u00fcrgerliste (SBL) zu den &#8222;Patienten-Akten in dem Geb\u00e4ude der ehemaligen Veramed-Klinik in Meschede-Beringhausen&#8220; erreichte uns am 25.01.2013. Das Schreiben tr\u00e4gt das &hellip; <a href=\"https:\/\/www.schiebener.net\/wordpress\/meschede-zustandigkeit-fur-veramed-patientenakten-unklar-%e2%80%93-akteneinsicht-derzeit-nicht-moglich\/\" class=\"more-link\"><span class=\"screen-reader-text\">\u201eMeschede: Zust\u00e4ndigkeit f\u00fcr Veramed-Patientenakten unklar &#8211; Akteneinsicht derzeit nicht m\u00f6glich\u201c <\/span>weiterlesen<\/a><\/p>\n","protected":false},"author":25,"featured_media":0,"comment_status":"open","ping_status":"open","sticky":false,"template":"","format":"standard","meta":{"footnotes":""},"categories":[303,80,24,1043],"tags":[1283,4120,4127,2374],"class_list":["post-22105","post","type-post","status-publish","format-standard","hentry","category-in-unserem-briefkasten","category-lokales","category-politik","category-pressemitteilungen","tag-landrat-dr-karl-schneider","tag-meschede-beringhausen","tag-patientenakten","tag-veramed-klinik"],"_links":{"self":[{"href":"https:\/\/www.schiebener.net\/wordpress\/wp-json\/wp\/v2\/posts\/22105","targetHints":{"allow":["GET"]}}],"collection":[{"href":"https:\/\/www.schiebener.net\/wordpress\/wp-json\/wp\/v2\/posts"}],"about":[{"href":"https:\/\/www.schiebener.net\/wordpress\/wp-json\/wp\/v2\/types\/post"}],"author":[{"embeddable":true,"href":"https:\/\/www.schiebener.net\/wordpress\/wp-json\/wp\/v2\/users\/25"}],"replies":[{"embeddable":true,"href":"https:\/\/www.schiebener.net\/wordpress\/wp-json\/wp\/v2\/comments?post=22105"}],"version-history":[{"count":0,"href":"https:\/\/www.schiebener.net\/wordpress\/wp-json\/wp\/v2\/posts\/22105\/revisions"}],"wp:attachment":[{"href":"https:\/\/www.schiebener.net\/wordpress\/wp-json\/wp\/v2\/media?parent=22105"}],"wp:term":[{"taxonomy":"category","embeddable":true,"href":"https:\/\/www.schiebener.net\/wordpress\/wp-json\/wp\/v2\/categories?post=22105"},{"taxonomy":"post_tag","embeddable":true,"href":"https:\/\/www.schiebener.net\/wordpress\/wp-json\/wp\/v2\/tags?post=22105"}],"curies":[{"name":"wp","href":"https:\/\/api.w.org\/{rel}","templated":true}]}}