{"id":21726,"date":"2012-12-22T14:28:33","date_gmt":"2012-12-22T13:28:33","guid":{"rendered":"http:\/\/www.schiebener.net\/wordpress\/?p=21726"},"modified":"2012-12-22T18:35:05","modified_gmt":"2012-12-22T17:35:05","slug":"berichterstattung-der-westfalenpost","status":"publish","type":"post","link":"https:\/\/www.schiebener.net\/wordpress\/berichterstattung-der-westfalenpost\/","title":{"rendered":"Berichterstattung der Westfalenpost"},"content":{"rendered":"<p><strong>Leider haben wir in Sundern nur noch eine Tageszeitung: Seitdem die  Westf\u00e4lische Rundschau ihre Lokalredaktion geschlossen hat, ist nur noch die Westfalenpost mit einem Lokalreporter vor Ort.<\/strong><\/p>\n<p><em>Der Artikel ist zuerst <a href=\"http:\/\/www.gruene-sundern.de\/?p=1814\" target=\"_blank\">auf der Website der Gr\u00fcnen Sundern<\/a> erschienen.<\/em><\/p>\n<p>Es f\u00fcr politische Parteien immer schwierig, die Presse zu  kritisieren. Doch als derjenige, der viel mit der Pressearbeit der  Ratsfraktion B\u00fcndnis 90\/Die Gr\u00fcnen zu tun hat, f\u00e4llt mir auf, dass die  Westfalenpost sehr h\u00e4ufig kritische \u00c4u\u00dferungen nicht bringt und manchmal  sogar den allgemein \u00fcblichen journalistischen Gepflogenheiten nicht  nachkommt. H\u00e4ngt das damit zusammen, dass sie ein Monopol hat oder  entspricht das ihrem konservativen Selbstverst\u00e4ndnis?<\/p>\n<p>Hierzu zwei Beispiele:<\/p>\n<p>1. Die Gr\u00fcnen hatten Jahreshauptversammlung und der Vorstand wurde  neu gew\u00e4hlt. Dazu verfasste ich in Absprache mit dem Vorstand eine  Presserkl\u00e4rung, in der heftige Kritik an der Informationspolitik des  B\u00fcrgermeister im Zusammenhang mit der Ferienhausanlage ge\u00fcbt wurde.  Zudem wurde ein Foto eingereicht und die neu gew\u00e4hlten Personen  namentlich benannt.<\/p>\n<p>Was macht nun die Westfalenpost daraus? Der Artikel wurde so  verst\u00fcmmelt und aufgeweicht, dass von der Kritik an der  Informationspolitik des B\u00fcrgermeister nichts mehr enthalten war. Das  Foto des neu gew\u00e4hlten Vorstands wurde zwar gebracht, aber die  abgebildeten Personen nicht namentlich benannt. Mit jeder  Presseerkl\u00e4rung eines Taubenz\u00fcchtervereins geht die Westfalenpost  sorgf\u00e4ltiger um, so mein Eindruck. Und warum sie sich als Zensurbeh\u00f6rde  von politischen Verlautbarungen gibt, erschlie\u00dft sich mir nicht. Mit  redlichem Journalismus jedenfalls hat das wenig zu tun.<\/p>\n<p>Der Sauerlandkurier \u00fcbrigens brachte die Presseerkl\u00e4rung vollst\u00e4ndig und korrekt.<\/p>\n<p>2. \u00a0Nach der letzten Ratssitzung brachte die Westfalenpost einen  ausf\u00fchrlichen Artikel \u00fcber den Beschlu\u00df von CDU und SPD \u00a0die Grundschule  *Altes Testament* nach Hellefeld zu verlegen. Da in der Ratssitzung  (meiner Ansicht nach) durch den stellvertretenden B\u00fcrgermeister Sch\u00fcltke  fehlerhaft abgestimmt wurde (ein Antrag der Gr\u00fcnen wurde gar nicht zur  Abstimmung gestellt),\u00a0 beanstandete ich den Beschluss beim B\u00fcrgermeister.  Ich schickte daraufhin eine entsprechenden Leserbrief und beschrieb  darin auch, welche \u00a0Problematik damit verbunden ist, wenn \u00a0auf Dauer nur  noch katholische Grundschulen in Sundern existieren w\u00fcrden.  Gleichzeitig forderte ich, dass die B\u00fcrgerInnen in Sundern dar\u00fcber  bestimmen sollten, ob wir auch eine zentrale nicht-katholische  Grundschule brauchen.<\/p>\n<p>Bis heute ist der Leserbrief nicht erschienen. F\u00fcr die \u00a0&#8222;katholische&#8220; Westfalenpost scheint das kein Thema zu sein.<\/p>\n<p>In der Sache teilte \u00fcbrigens zwischenzeitlich der B\u00fcrgermeister mit,  dass er die Beanstandung in Absprache mit der Kommunalaufsicht pr\u00fcfen  wird.<\/p>\n","protected":false},"excerpt":{"rendered":"<p>Leider haben wir in Sundern nur noch eine Tageszeitung: Seitdem die Westf\u00e4lische Rundschau ihre Lokalredaktion geschlossen hat, ist nur noch die Westfalenpost mit einem Lokalreporter vor Ort. Der Artikel ist &hellip; <a href=\"https:\/\/www.schiebener.net\/wordpress\/berichterstattung-der-westfalenpost\/\" class=\"more-link\"><span class=\"screen-reader-text\">\u201eBerichterstattung der Westfalenpost\u201c <\/span>weiterlesen<\/a><\/p>\n","protected":false},"author":22,"featured_media":0,"comment_status":"open","ping_status":"open","sticky":false,"template":"","format":"standard","meta":{"footnotes":""},"categories":[80,32,24],"tags":[2152,340],"class_list":["post-21726","post","type-post","status-publish","format-standard","hentry","category-lokales","category-medien","category-politik","tag-grune-sundern","tag-westfalenpost"],"_links":{"self":[{"href":"https:\/\/www.schiebener.net\/wordpress\/wp-json\/wp\/v2\/posts\/21726","targetHints":{"allow":["GET"]}}],"collection":[{"href":"https:\/\/www.schiebener.net\/wordpress\/wp-json\/wp\/v2\/posts"}],"about":[{"href":"https:\/\/www.schiebener.net\/wordpress\/wp-json\/wp\/v2\/types\/post"}],"author":[{"embeddable":true,"href":"https:\/\/www.schiebener.net\/wordpress\/wp-json\/wp\/v2\/users\/22"}],"replies":[{"embeddable":true,"href":"https:\/\/www.schiebener.net\/wordpress\/wp-json\/wp\/v2\/comments?post=21726"}],"version-history":[{"count":0,"href":"https:\/\/www.schiebener.net\/wordpress\/wp-json\/wp\/v2\/posts\/21726\/revisions"}],"wp:attachment":[{"href":"https:\/\/www.schiebener.net\/wordpress\/wp-json\/wp\/v2\/media?parent=21726"}],"wp:term":[{"taxonomy":"category","embeddable":true,"href":"https:\/\/www.schiebener.net\/wordpress\/wp-json\/wp\/v2\/categories?post=21726"},{"taxonomy":"post_tag","embeddable":true,"href":"https:\/\/www.schiebener.net\/wordpress\/wp-json\/wp\/v2\/tags?post=21726"}],"curies":[{"name":"wp","href":"https:\/\/api.w.org\/{rel}","templated":true}]}}