{"id":21699,"date":"2012-12-20T14:04:09","date_gmt":"2012-12-20T13:04:09","guid":{"rendered":"http:\/\/www.schiebener.net\/wordpress\/?p=21699"},"modified":"2012-12-20T14:13:24","modified_gmt":"2012-12-20T13:13:24","slug":"spd-landtagsfraktion-vor-ort-in-brilon-betroffene-zu-beteiligten-machen-pressemitteilung-der-briloner-spd","status":"publish","type":"post","link":"https:\/\/www.schiebener.net\/wordpress\/spd-landtagsfraktion-vor-ort-in-brilon-betroffene-zu-beteiligten-machen-pressemitteilung-der-briloner-spd\/","title":{"rendered":"SPD-Landtagsfraktion vor Ort in Brilon: Betroffene zu Beteiligten machen. Pressemitteilung der Briloner SPD."},"content":{"rendered":"<figure id=\"attachment_21700\" aria-describedby=\"caption-attachment-21700\" style=\"width: 512px\" class=\"wp-caption aligncenter\"><img loading=\"lazy\" decoding=\"async\" class=\"size-full wp-image-21700 \" title=\"spdvorort\" src=\"http:\/\/www.schiebener.net\/wordpress\/wp-content\/uploads\/2012\/12\/spdvorort.jpg\" alt=\"SPD vor Ort. Diskussionen auch im Publikum (foto: spd)\" width=\"512\" height=\"342\" srcset=\"https:\/\/www.schiebener.net\/wordpress\/wp-content\/uploads\/2012\/12\/spdvorort.jpg 640w, https:\/\/www.schiebener.net\/wordpress\/wp-content\/uploads\/2012\/12\/spdvorort-300x200.jpg 300w\" sizes=\"auto, (max-width: 512px) 85vw, 512px\" \/><figcaption id=\"caption-attachment-21700\" class=\"wp-caption-text\">SPD vor Ort. Diskussionen auch im Publikum (foto: spd***)<\/figcaption><\/figure>\n<p><strong>Brilon. (spd_brilon) Am  Dienstag, den 18. Dezember 2012 \u00a0fand auf Einladung der  SPD-Landtagsfraktion eine &#8222;Fraktion-vor-Ort-Veranstaltung&#8220; zum Thema  \u00e2\u20ac\u017eAuf dem Weg zu einem inklusiven Schulsystem in NRW\u00e2\u20ac\u0153 im evangelischen  Gemeindezentrum Brilon statt. <\/strong><\/p>\n<p>Zum Hintergrund: Vor dreieinhalb Jahren  hat der Deutsche Bundestag die UN-Behindertenrechtskonvention  ratifiziert, die fordert, Menschen mit Behinderung von Anfang an  gesellschaftlich einzuschlie\u00dfen. Diese ist f\u00fcr den Bund, die L\u00e4nder und  die Kommunen rechtsverbindlich.<\/p>\n<p>Nach einer kurzen Begr\u00fc\u00dfung durch  Inge Blask (MdL) von der SPD-S\u00fcdwestfalen, konnte sie als  Podiumsteilnehmer Ralf Gersthagen (Behinderteninteressen-Vertretung  Brilon \/ BIV Brilon), Ralf Krolla (Inklusionsbeauftragter des  Schulamtes), Norbert M\u00fcller (stv. Vorsitzender der GEW NRW), Anja  Westh\u00f6lter (Sprecherin einer Elterninitiative aus Ostwig) und Dirk Wiese  (Mitglied im Rat der Stadt Brilon und Bundestagskandidat der HSK-SPD)  herzlich begr\u00fc\u00dfen. Nach einer thematischen Einf\u00fchrung durch Eva-Maria  Voigt-K\u00fcppers (MdL) von der historischen Entwicklung der Inklusion \u00fcber  die Notwendigkeit von heterogenen Gruppen im Lernprozess und den jetzt  vorgelegten Inklusionsplan der rot-gr\u00fcnen Landesregierung, stellten zum  einen die Podiumsteilnehmer, wie auch zum anderen die zahlreich  anwesenden F\u00f6rderschulleher, aber auch betroffene Eltern ihre Konzepte  und ihre Anforderungen, aber auch Sorgen an ein inklusives System vor.<\/p>\n<p>Gleichwohl konnte man aus der sehr hochwertigen Diskussion entnehmen,  dass viele Eltern wie auch die Lehrkr\u00e4fte bef\u00fcrchten, dass die Umsetzung  zu schnell kommen und so die Qualit\u00e4t in der Umsetzung verloren gehen  k\u00f6nnte. Diese Bef\u00fcrchtung nahm Eva-Maria Voigt-K\u00fcppers sehr ernst und  versuchte die derzeitigen Eckpunkte des Referentenentwurfs zu erl\u00e4utern  und so zu mindestens einige berechtigten Sorgen der Eltern zu nehmen.  Dabei gelte es Betroffene zu Beteiligten zu machen. In diesem Sommer hat  die Rot-Gr\u00fcne Landesregierung einen Aktionsplan  beschlossen, der alle Politikbereiche umfasst. Eine besondere Rolle  spielen dabei die Schulen. Denn jedes Kind hat das Recht auf Bildung in  einer Regelschule, unabh\u00e4ngig davon, ob es behindert ist oder nicht. Das  er\u00f6ffnet gro\u00dfe Chancen, stellt Kinder, Eltern, Lehrer und Schultr\u00e4ger  aber auch vor gro\u00dfe Herausforderungen.<\/p>\n<p>&#8222;Man stehe vor einer  gro\u00dfen, aber richtigen und wichtigen Aufgabe, der sich die gesamte  Gesellschaft stellen muss.&#8220; so Voigt-K\u00fcppers. Podiumsmitglied Ralf  Gersthagen erg\u00e4nzte: &#8222;Inklusion beginnt im Kopf. Jeder Mensch muss zu  erst seine eigenen Barrieren \u00fcberwinden, damit ein Miteinander  gelingt&#8220;.\u00a0 Bei der intensiven Diskussion mit gro\u00dfer Publikumsbeteiligung  standen Forderungen nach der Schaffung von Voraussetzungen an  Regelschulen f\u00fcr eine inklusive Beschulung im Mittelpunkt. \u00e2\u20ac\u017eEs ist an  der Zeit, dass wir als Stadt und Region alle Kinder entsprechend ihrem  individuellen F\u00f6rderbedarf beschulen k\u00f6nnen.\u00e2\u20ac\u0153, erkl\u00e4rt Dirk Wiese,  Mitglied des Schul- u. Sportausschusses der Stadt Brilon. Dirk Wiese  weiter: \u00e2\u20ac\u017eWir werden alle Kr\u00e4fte daran setzen, diese Aufgabe zu erf\u00fcllen.  \u00e2\u20ac\u017eDabei gilt aber \u00e2\u20ac\u201c Qualit\u00e4t geht vor Quantit\u00e4t und die Betroffenen  m\u00fcssen wir, wie am heutigen Abend, umfassend miteinbeziehen und ihnen  Geh\u00f6r verschaffen. Dann kann der Weg hin zu einer inklusiven  Gesellschaft gelingen. Miteinander werden wir dies schaffen.\u00e2\u20ac\u0153<\/p>\n<p>Engagierte Eltern wie auch die Sprecherin  der Elterninitiative aus Ostwig, Anja Westh\u00f6lter, der  Inklusionsbeauftragte des HSK, Ralf Krolla und der stellvertretende GEW-Vorsitzende  Norbert M\u00fcller, machten in der Diskussion darauf aufmerksam, dass das  Thema Inklusion nicht erst in der Schule beginnen darf, sondern bereits  in der fr\u00fchkindlichen Bildung praktiziert werden muss. Alle sind sich am  Ende des Diskussionsabends mit Eva-Maria Voigt-K\u00fcppers, MdL einig, dass  eine inklusive Beschulung gewollt ist und auch gemeingesellschaftlich  getragen werde. Weitere Informationen und Fotos auch unter <a href=\"http:\/\/www.spd-brilon.de\" target=\"_blank\">www.spd-brilon.de<\/a> und bei Facebook unter &#8222;SPD Brilon&#8220;.<\/p>\n<p>*** siehe den <a href=\"http:\/\/www.flickr.com\/photos\/spd-fraktion-nrw\/sets\/72157632290157609\/with\/8290982346\/\" target=\"_blank\">Flickr-Account der SPD-Fraktion<\/a><\/p>\n","protected":false},"excerpt":{"rendered":"<p>Brilon. (spd_brilon) Am Dienstag, den 18. Dezember 2012 \u00a0fand auf Einladung der SPD-Landtagsfraktion eine &#8222;Fraktion-vor-Ort-Veranstaltung&#8220; zum Thema \u00e2\u20ac\u017eAuf dem Weg zu einem inklusiven Schulsystem in NRW\u00e2\u20ac\u0153 im evangelischen Gemeindezentrum Brilon &hellip; <a href=\"https:\/\/www.schiebener.net\/wordpress\/spd-landtagsfraktion-vor-ort-in-brilon-betroffene-zu-beteiligten-machen-pressemitteilung-der-briloner-spd\/\" class=\"more-link\"><span class=\"screen-reader-text\">\u201eSPD-Landtagsfraktion vor Ort in Brilon: Betroffene zu Beteiligten machen. Pressemitteilung der Briloner SPD.\u201c <\/span>weiterlesen<\/a><\/p>\n","protected":false},"author":3,"featured_media":0,"comment_status":"open","ping_status":"open","sticky":false,"template":"","format":"standard","meta":{"footnotes":""},"categories":[3,303,80,24,1043],"tags":[1781,3878,3757],"class_list":["post-21699","post","type-post","status-publish","format-standard","hentry","category-bildung-und-schule","category-in-unserem-briefkasten","category-lokales","category-politik","category-pressemitteilungen","tag-inklusion","tag-pressemeldung","tag-spd-brilon"],"_links":{"self":[{"href":"https:\/\/www.schiebener.net\/wordpress\/wp-json\/wp\/v2\/posts\/21699","targetHints":{"allow":["GET"]}}],"collection":[{"href":"https:\/\/www.schiebener.net\/wordpress\/wp-json\/wp\/v2\/posts"}],"about":[{"href":"https:\/\/www.schiebener.net\/wordpress\/wp-json\/wp\/v2\/types\/post"}],"author":[{"embeddable":true,"href":"https:\/\/www.schiebener.net\/wordpress\/wp-json\/wp\/v2\/users\/3"}],"replies":[{"embeddable":true,"href":"https:\/\/www.schiebener.net\/wordpress\/wp-json\/wp\/v2\/comments?post=21699"}],"version-history":[{"count":0,"href":"https:\/\/www.schiebener.net\/wordpress\/wp-json\/wp\/v2\/posts\/21699\/revisions"}],"wp:attachment":[{"href":"https:\/\/www.schiebener.net\/wordpress\/wp-json\/wp\/v2\/media?parent=21699"}],"wp:term":[{"taxonomy":"category","embeddable":true,"href":"https:\/\/www.schiebener.net\/wordpress\/wp-json\/wp\/v2\/categories?post=21699"},{"taxonomy":"post_tag","embeddable":true,"href":"https:\/\/www.schiebener.net\/wordpress\/wp-json\/wp\/v2\/tags?post=21699"}],"curies":[{"name":"wp","href":"https:\/\/api.w.org\/{rel}","templated":true}]}}