{"id":21615,"date":"2012-12-11T22:58:45","date_gmt":"2012-12-11T21:58:45","guid":{"rendered":"http:\/\/www.schiebener.net\/wordpress\/?p=21615"},"modified":"2012-12-12T06:46:56","modified_gmt":"2012-12-12T05:46:56","slug":"umleitung-heute-lokal-vor-global-von-der-windkraft-im-hsk-bis-nach-agypten","status":"publish","type":"post","link":"https:\/\/www.schiebener.net\/wordpress\/umleitung-heute-lokal-vor-global-von-der-windkraft-im-hsk-bis-nach-agypten\/","title":{"rendered":"Umleitung: heute lokal vor global &#8230; von der Windkraft im HSK bis nach \u00c4gypten."},"content":{"rendered":"<figure id=\"attachment_21616\" aria-describedby=\"caption-attachment-21616\" style=\"width: 246px\" class=\"wp-caption alignleft\"><img loading=\"lazy\" decoding=\"async\" class=\"size-full wp-image-21616  \" title=\"winterbergtemperatur201201112107\" src=\"http:\/\/www.schiebener.net\/wordpress\/wp-content\/uploads\/2012\/12\/winterbergtemperatur201201112107.jpg\" alt=\"Heute Abend um 21:07 Uhr. Die Temperatur in Winterberg betr\u00e4gt -7\u00b0C. (foto: zoom)\" width=\"246\" height=\"197\" srcset=\"https:\/\/www.schiebener.net\/wordpress\/wp-content\/uploads\/2012\/12\/winterbergtemperatur201201112107.jpg 512w, https:\/\/www.schiebener.net\/wordpress\/wp-content\/uploads\/2012\/12\/winterbergtemperatur201201112107-300x240.jpg 300w\" sizes=\"auto, (max-width: 246px) 85vw, 246px\" \/><figcaption id=\"caption-attachment-21616\" class=\"wp-caption-text\">Heute Abend um 21:07 Uhr. Die Temperatur in Winterberg betr\u00e4gt -7\u00b0C. (foto: zoom)<\/figcaption><\/figure>\n<p><strong>Windr\u00e4der im Hochsauerland:<\/strong> &#8222;Kyrill und die hierbei erfahrene Kraft des Windes ist nicht mehr das  Thema dieser Zeit, heute geht es um die Windkraft.<\/p>\n<p>Windkraft steht  hierbei f\u00fcr viele Aspekte der Nutzung dieses Naturgutes.<\/p>\n<p>Einmal geht es  um die Unterst\u00fctzung der Energiewende durch Windkraftanlagen, das andere  Mal geht es um die \u00e2\u20ac\u0153Zerspargelung des Sauerlandes\u00e2\u20ac\u009d und im Stillen geht  es wohl auch um das kr\u00e4ftem\u00e4ssige Auftanken des ein oder anderen  Sparschweinchens.<\/p>\n<p>Der Wind und hier die Windkraft sind also ein  vielseitiges Thema&#8220;, meint &#8230; <a href=\"http:\/\/www.sauerland-blog.com\/der-wind-der-wind\/\" target=\"_blank\">sauerlandblog<\/a><\/p>\n<p><strong>M\u00fcllgeb\u00fchren im HSK sinken \u00e2\u20ac\u201c aber zu sp\u00e4t und zu wenig:<\/strong> Ab Janaur 2013 sollen die vom Abfallbetrieb des Hochsauerlandkreises (AHSK) erhobenen Geb\u00fchren f\u00fcr Hausm\u00fcll sinken. Viele Jahre lang betrugen sie 251 Euro je Tonne, k\u00fcnftig sollen es nur noch 215 Euro sein. Das h\u00f6rt sich doch gut an!? &#8230; <a href=\"http:\/\/sbl-fraktion.de\/?p=2598\" target=\"_blank\">sbl<\/a><\/p>\n<p><strong>Das Programm der HSK Piraten:<\/strong> &#8222;2014 ergibt sich zum ersten mal die Chance die Piratenpartei auch auf kommunaler Ebene zu w\u00e4hlen. Dabei stehen wir nicht nur f\u00fcr Transparenz und B\u00fcrgerbeteiligung, sondern nehmen uns auch den Problemen auf kommunaler Ebene an und wollen daf\u00fcr L\u00f6sungen schaffen &#8230;&#8220; alles lesen bei <a href=\"http:\/\/piratenpartei-hsk.de\/vor-ort\/programm\/\" target=\"_blank\">PiratenHSK<\/a><\/p>\n<p><strong>Umweltpreis der Stadt Arnsberg:<\/strong> Fristverl\u00e4ngerung f\u00fcr Bewerbungen &#8230; <a href=\"http:\/\/www.neheims-netz.de\/?p=3755\" target=\"_blank\">neheimsnetz<\/a><\/p>\n<p><strong>Geocaching \u00e2\u20ac\u201c doch kein Revival:<\/strong> &#8222;Das Umfeld hat sich doch sehr ver\u00e4ndert und die Qualit\u00e4t der Caches hat merklich nachgelassen. Fr\u00fcher stand eher die Qualit\u00e4t im Vordergrund, w\u00e4hrend heute vielfach nur noch Masse klasse zu sein scheint&#8220;, meint &#8230; <a href=\"http:\/\/blog.schwenke.de\/2012\/geocaching-doch-kein-revival#more-1692\" target=\"_blank\">schwenke<\/a><br \/>\n<strong><br \/>\nDas Opel-Aus und keine Alternativen:<\/strong> Glaubt man dem Stern begann vor 30 Jahren begann der Niedergang der Marke Opel \u00e2\u20ac\u201c damals stand die Marke f\u00fcr Qualit\u00e4t und Erfolg im Motorsport &#8230; <a href=\"http:\/\/www.ruhrbarone.de\/das-opel-aus-und-keine-alternativen\/\" target=\"_blank\">ruhrbarone<\/a><\/p>\n<p><strong>\u00e2\u20ac\u0153Aus\u00e2\u20ac\u009d f\u00fcr Opel \u00e2\u20ac\u201c eine Katastrophe im Revier:<\/strong> &#8222;In den \u00e2\u20ac\u0153goldenen\u00e2\u20ac\u009d Zeiten fanden in den drei Bochumer Opel-Produktionsst\u00e4tten etwa 20.000 Menschen Arbeit, derzeit sind es noch rund 4000. Der vor allem durch Management-Fehler verursachte Niedergang h\u00e4lt also seit vielen Jahren an, doch jetzt geht es vollends auf den Abgrund zu. Im ohnehin krisenhaften, zutiefst verschuldeten Ruhrgebiet ist dies eine Katastrophe.&#8220; &#8230; <a href=\"http:\/\/www.revierpassagen.de\/14419\/aus-fur-opel-eine-katastrophe-im-revier\/20121210_1321\" target=\"_blank\">revierpassagen<\/a><\/p>\n<p><strong>ThyssenKrupp und die WAZ typische Repr\u00e4sentanten der Metropole Ruhr:<\/strong> Nur bei der Produktion von Illusionen Spitze &#8230; <a href=\"http:\/\/post-von-horn.de\/2012\/12\/12\/nur-bei-der-produktion-von-illusionen-spitze\/\" target=\"_blank\">postvonhorn<\/a><\/p>\n<p><strong>Es gilt das gesprochene Wort \u00e2\u20ac\u201c nur nicht bei WAZ, DerWesten &amp; Co.?<\/strong> Am Beispiel vom \u00e2\u20ac\u0153wohlhabenden Sozialdemokraten\u00e2\u20ac\u009d Peer Steinbr\u00fcck \u00e2\u20ac\u00a6 <a href=\"http:\/\/www.pottblog.de\/2012\/12\/11\/es-gilt-das-gesprochene-wort-nur-nicht-bei-waz-derwesten-co-am-beispiel-vom-wohlhabenden-sozialdemokraten-peer-steinbruck\/\" target=\"_blank\">pottblog<\/a><\/p>\n<p><strong>Steinbr\u00fccks Nominierungsrede:<\/strong> und was dazu zu sagen w\u00e4re &#8230; <a href=\"http:\/\/www.nachdenkseiten.de\/?p=15423\" target=\"_blank\">nachdenkseiten<\/a><\/p>\n<p><strong>\u00c4gypten und die arabische Welt:<\/strong> \u00dcberlegungen zum authentisch-sunnitischen System &#8230; <a href=\"http:\/\/www.jurga.de\/379.html\" target=\"_blank\">jurga<\/a><\/p>\n","protected":false},"excerpt":{"rendered":"<p>Windr\u00e4der im Hochsauerland: &#8222;Kyrill und die hierbei erfahrene Kraft des Windes ist nicht mehr das Thema dieser Zeit, heute geht es um die Windkraft. Windkraft steht hierbei f\u00fcr viele Aspekte &hellip; <a href=\"https:\/\/www.schiebener.net\/wordpress\/umleitung-heute-lokal-vor-global-von-der-windkraft-im-hsk-bis-nach-agypten\/\" class=\"more-link\"><span class=\"screen-reader-text\">\u201eUmleitung: heute lokal vor global &#8230; von der Windkraft im HSK bis nach \u00c4gypten.\u201c <\/span>weiterlesen<\/a><\/p>\n","protected":false},"author":3,"featured_media":0,"comment_status":"open","ping_status":"open","sticky":false,"template":"","format":"standard","meta":{"footnotes":""},"categories":[542,80,32,24,379,549,1208],"tags":[2376,1810,4080,552,2788,3951,4081,202,2563],"class_list":["post-21615","post","type-post","status-publish","format-standard","hentry","category-arbeitswelt","category-lokales","category-medien","category-politik","category-umleitung","category-umwelt","category-wirtschaft","tag-agypten","tag-geocaching","tag-mullgebuhren-hsk","tag-opel","tag-peer-steinbruck","tag-piraten-hsk","tag-thyssenkrupp","tag-waz","tag-wind-energie"],"_links":{"self":[{"href":"https:\/\/www.schiebener.net\/wordpress\/wp-json\/wp\/v2\/posts\/21615","targetHints":{"allow":["GET"]}}],"collection":[{"href":"https:\/\/www.schiebener.net\/wordpress\/wp-json\/wp\/v2\/posts"}],"about":[{"href":"https:\/\/www.schiebener.net\/wordpress\/wp-json\/wp\/v2\/types\/post"}],"author":[{"embeddable":true,"href":"https:\/\/www.schiebener.net\/wordpress\/wp-json\/wp\/v2\/users\/3"}],"replies":[{"embeddable":true,"href":"https:\/\/www.schiebener.net\/wordpress\/wp-json\/wp\/v2\/comments?post=21615"}],"version-history":[{"count":0,"href":"https:\/\/www.schiebener.net\/wordpress\/wp-json\/wp\/v2\/posts\/21615\/revisions"}],"wp:attachment":[{"href":"https:\/\/www.schiebener.net\/wordpress\/wp-json\/wp\/v2\/media?parent=21615"}],"wp:term":[{"taxonomy":"category","embeddable":true,"href":"https:\/\/www.schiebener.net\/wordpress\/wp-json\/wp\/v2\/categories?post=21615"},{"taxonomy":"post_tag","embeddable":true,"href":"https:\/\/www.schiebener.net\/wordpress\/wp-json\/wp\/v2\/tags?post=21615"}],"curies":[{"name":"wp","href":"https:\/\/api.w.org\/{rel}","templated":true}]}}