{"id":21471,"date":"2012-11-28T22:56:20","date_gmt":"2012-11-28T21:56:20","guid":{"rendered":"http:\/\/www.schiebener.net\/wordpress\/?p=21471"},"modified":"2012-11-28T22:56:20","modified_gmt":"2012-11-28T21:56:20","slug":"umleitung-vom-studieren-zum-abstieg-in-die-holle-und-der-baum-darf-bleiben","status":"publish","type":"post","link":"https:\/\/www.schiebener.net\/wordpress\/umleitung-vom-studieren-zum-abstieg-in-die-holle-und-der-baum-darf-bleiben\/","title":{"rendered":"Umleitung: Vom Studieren zum Abstieg in die H\u00f6lle und der Baum darf bleiben."},"content":{"rendered":"<figure id=\"attachment_21472\" aria-describedby=\"caption-attachment-21472\" style=\"width: 256px\" class=\"wp-caption alignleft\"><img loading=\"lazy\" decoding=\"async\" class=\"size-full wp-image-21472 \" title=\"marktplaetze20121125\" src=\"http:\/\/www.schiebener.net\/wordpress\/wp-content\/uploads\/2012\/11\/marktplaetze20121125.jpg\" alt=\"Die Marktpl\u00e4tze zwischen Siedlinghausen\/Silbach und Winterberg (foto: zoom)\" width=\"256\" height=\"192\" srcset=\"https:\/\/www.schiebener.net\/wordpress\/wp-content\/uploads\/2012\/11\/marktplaetze20121125.jpg 320w, https:\/\/www.schiebener.net\/wordpress\/wp-content\/uploads\/2012\/11\/marktplaetze20121125-300x225.jpg 300w\" sizes=\"auto, (max-width: 256px) 85vw, 256px\" \/><figcaption id=\"caption-attachment-21472\" class=\"wp-caption-text\">Die Marktpl\u00e4tze zwischen Siedlinghausen\/Silbach und Winterberg (foto: zoom)<\/figcaption><\/figure>\n<p><strong>Studieren und Lernen:<\/strong> Flipped Classroom meets MOOCs &#8211; was ist denn das? Erkl\u00e4rt von &#8230; <a href=\"http:\/\/cspannagel.wordpress.com\/2012\/11\/22\/flipped-classroom-meets-moocs\/#comments\" target=\"_blank\">dunkelmunkel<\/a><\/p>\n<p><strong>Krupp-Rheinhausen:<\/strong> Jahrestag im Schatten des hohen Besuchs &#8230; <a href=\"http:\/\/www.jurga.de\/361.html\" target=\"_blank\">jurga<\/a><\/p>\n<p><strong>In Gesetz gegossene Verfassungswidrigkeit:<\/strong> Die Anzahl der verh\u00e4ngten Sanktionen gegen arbeitslose und nichtarbeitslose ALG-2-Empf\u00e4nger strebt unaufhaltsam von Rekordmarke zu Rekordmarke &#8230; <a href=\"http:\/\/www.nachdenkseiten.de\/?p=15274\" target=\"_blank\">nachdenkseiten<\/a><\/p>\n<p><strong>Bundestagswahlkampf 2013:<\/strong> NRW wird Schwerpunkt &#8230; <a href=\"http:\/\/post-von-horn.de\/2012\/11\/28\/nrw-wird-schwerpunkt\/\" target=\"_blank\">postvonhorn<\/a><\/p>\n<p><strong>Die gehobene Mittelschicht und die Oberschicht im &#8222;Anlagenotstand&#8220;:<\/strong> Ein Grollen geht durch unsere Gesellschaft. Eine Wut und Aufstandsstimmung baut sich auf &#8230; <a href=\"http:\/\/www.misik.at\/fs\/261.php\" target=\"_blank\">misik<\/a><br \/>\n<strong><br \/>\nNach dem Prinz Aus:<\/strong> Keine Zukunft f\u00fcr Stadtmagazine? &#8230; <a href=\"http:\/\/www.ruhrbarone.de\/nach-dem-prinz-aus-keine-zukunft-fuer-stadtmagazine\/\" target=\"_blank\">ruhrbarone<\/a><\/p>\n<p><strong>Abstieg in die H\u00f6lle:<\/strong> Richard Fords Roman \u00e2\u20ac\u0153Kanada\u00e2\u20ac\u009d &#8230; <a href=\"http:\/\/www.revierpassagen.de\/14180\/abstieg-in-die-holle-richard-fords-roman-kanada\/20121128_1313\" target=\"_blank\">revierpassagen<\/a><\/p>\n<p><strong>Darf der Baum bleiben oder muss der weg?<\/strong> Auf der S\u00fcdwestseite unseres Grundst\u00fccks steht eine gut gewachsene Eiche, die uns vor allem im Sommer immer viel Schatten spendet, wor\u00fcber wir alle recht froh sind &#8230; <a href=\"http:\/\/blog.schwenke.de\/2012\/darf-der-baum-bleiben-oder-muss-der-weg#more-1675\" target=\"_blank\">schwenke<\/a><\/p>\n","protected":false},"excerpt":{"rendered":"<p>Studieren und Lernen: Flipped Classroom meets MOOCs &#8211; was ist denn das? Erkl\u00e4rt von &#8230; dunkelmunkel Krupp-Rheinhausen: Jahrestag im Schatten des hohen Besuchs &#8230; jurga In Gesetz gegossene Verfassungswidrigkeit: Die &hellip; <a href=\"https:\/\/www.schiebener.net\/wordpress\/umleitung-vom-studieren-zum-abstieg-in-die-holle-und-der-baum-darf-bleiben\/\" class=\"more-link\"><span class=\"screen-reader-text\">\u201eUmleitung: Vom Studieren zum Abstieg in die H\u00f6lle und der Baum darf bleiben.\u201c <\/span>weiterlesen<\/a><\/p>\n","protected":false},"author":3,"featured_media":0,"comment_status":"open","ping_status":"open","sticky":false,"template":"","format":"standard","meta":{"footnotes":""},"categories":[542,3,218,319,6,80,32,24,379,549,1208],"tags":[1542,4011,4071,1625,4072],"class_list":["post-21471","post","type-post","status-publish","format-standard","hentry","category-arbeitswelt","category-bildung-und-schule","category-bucher","category-geschichte","category-kalenderblatt","category-lokales","category-medien","category-politik","category-umleitung","category-umwelt","category-wirtschaft","tag-alg2","tag-bundestagswahl-2013","tag-flipped-classroom","tag-gauck","tag-richard-ford"],"_links":{"self":[{"href":"https:\/\/www.schiebener.net\/wordpress\/wp-json\/wp\/v2\/posts\/21471","targetHints":{"allow":["GET"]}}],"collection":[{"href":"https:\/\/www.schiebener.net\/wordpress\/wp-json\/wp\/v2\/posts"}],"about":[{"href":"https:\/\/www.schiebener.net\/wordpress\/wp-json\/wp\/v2\/types\/post"}],"author":[{"embeddable":true,"href":"https:\/\/www.schiebener.net\/wordpress\/wp-json\/wp\/v2\/users\/3"}],"replies":[{"embeddable":true,"href":"https:\/\/www.schiebener.net\/wordpress\/wp-json\/wp\/v2\/comments?post=21471"}],"version-history":[{"count":0,"href":"https:\/\/www.schiebener.net\/wordpress\/wp-json\/wp\/v2\/posts\/21471\/revisions"}],"wp:attachment":[{"href":"https:\/\/www.schiebener.net\/wordpress\/wp-json\/wp\/v2\/media?parent=21471"}],"wp:term":[{"taxonomy":"category","embeddable":true,"href":"https:\/\/www.schiebener.net\/wordpress\/wp-json\/wp\/v2\/categories?post=21471"},{"taxonomy":"post_tag","embeddable":true,"href":"https:\/\/www.schiebener.net\/wordpress\/wp-json\/wp\/v2\/tags?post=21471"}],"curies":[{"name":"wp","href":"https:\/\/api.w.org\/{rel}","templated":true}]}}