{"id":21417,"date":"2012-11-25T21:19:15","date_gmt":"2012-11-25T20:19:15","guid":{"rendered":"http:\/\/www.schiebener.net\/wordpress\/?p=21417"},"modified":"2012-11-27T19:29:50","modified_gmt":"2012-11-27T18:29:50","slug":"umleitung-der-scheekanonenteich-ist-fertig-und-axels-auto-leuchtet-wieder-dazwischen-politik-medien-und-kultur","status":"publish","type":"post","link":"https:\/\/www.schiebener.net\/wordpress\/umleitung-der-scheekanonenteich-ist-fertig-und-axels-auto-leuchtet-wieder-dazwischen-politik-medien-und-kultur\/","title":{"rendered":"Umleitung: Der Scheekanonenteich ist fertig und Axels Auto leuchtet wieder. Dazwischen: Politik, Medien und Kultur."},"content":{"rendered":"<figure id=\"attachment_21416\" aria-describedby=\"caption-attachment-21416\" style=\"width: 512px\" class=\"wp-caption aligncenter\"><img loading=\"lazy\" decoding=\"async\" class=\"size-full wp-image-21416 \" title=\"minenplaetze20121125\" src=\"http:\/\/www.schiebener.net\/wordpress\/wp-content\/uploads\/2012\/11\/minenplaetze20121125.jpg\" alt=\"Der Kunstteich f\u00fcr die Schneekanonen ist bald fertig. Folie ist drin (foto: zoom)\" width=\"512\" height=\"384\" srcset=\"https:\/\/www.schiebener.net\/wordpress\/wp-content\/uploads\/2012\/11\/minenplaetze20121125.jpg 512w, https:\/\/www.schiebener.net\/wordpress\/wp-content\/uploads\/2012\/11\/minenplaetze20121125-300x225.jpg 300w\" sizes=\"auto, (max-width: 512px) 85vw, 512px\" \/><figcaption id=\"caption-attachment-21416\" class=\"wp-caption-text\">Minenpl\u00e4tze: Der Kunstteich f\u00fcr die Schneekanonen ist bald fertig. Folie ist drin (foto: zoom)<\/figcaption><\/figure>\n<p><strong>Die Umgebung von Winterberg wird winterfest gemacht. Der neue Teich f\u00fcr das Schneekanonenwasser an den Minenpl\u00e4tzen nimmt Form an. Die Folien sind ausgelegt. Alles wie im Kleingarten, nur ein bisschen gr\u00f6\u00dfer. Was sonst noch so geschah:<\/strong><\/p>\n<p><strong>Piraten in Bochum:<\/strong> Ein netter Parteitag &#8230; <a href=\"http:\/\/www.ruhrbarone.de\/piraten-in-bochum-ein-netter-parteitag\/\" target=\"_blank\">ruhrbarone<\/a><\/p>\n<p><strong>Das Leben in 100 Jahren:<\/strong> Hoffnung und kalte Schauer beim Blick in die Zukunft &#8230; <a href=\"http:\/\/www.revierpassagen.de\/14093\/das-leben-in-100-jahren-hoffnung-und-kalte-schauer-beim-blick-in-die-zukunft\/20121125_1916\" target=\"_blank\">revierpassagen<\/a><\/p>\n<p><strong>Aus f\u00fcr die FTD:<\/strong> \u00dcberlegungen zur Zukunft der Zeitung &#8230; <a href=\"http:\/\/www.jurga.de\/359.html\" target=\"_blank\">jurga<\/a><\/p>\n<p><strong>Gruner + Jahrs Wirtschaftspresse:<\/strong> Auch unternehmerisch ein Debakel &#8230; <a href=\"http:\/\/post-von-horn.de\/2012\/11\/23\/auch-unternehmerisch-ein-debakel\/\" target=\"_blank\">postvonhorn<\/a><\/p>\n<p><strong>Z\u00fclfiye Kaykin (SPD):<\/strong> Die NRW-Staatsekret\u00e4rin und die Schwarzarbeit &#8230; <a href=\"http:\/\/www.derwesten-recherche.org\/2012\/11\/zulfiye-kaykin-die-nrw-staatsekretarin-und-die-schwarzarbeit\/\" target=\"_blank\">wazrechercheblog<\/a><br \/>\n<strong><br \/>\nDie urspr\u00fcngliche Akkumulation der n\u00e4chsten Gesellschaft:<\/strong> &#8222;Schirrmacher dreht die Debatte der letzten Tage \u00fcber das Zeitungssterben um, stellt sie in den Kontext irreleitender Versprechen, wie etwa, dass die gro\u00dfe industrielle Revolution, deren Zeitgenossen wir heute sind, uns den Eindruck nahelegte, Herren eigener Produktionsmittel zu werden&#8220;, meint Hans Huett &#8230; <a href=\"http:\/\/www.wiesaussieht.de\/2012\/11\/25\/die-ursprungliche-akkumulation-der-nachsten-gesellschaft\/\" target=\"_blank\">wiesaussieht<\/a><\/p>\n<p><strong>Schwimmbad schlie\u00dfen?<\/strong> \u00e2\u20ac\u017eDenen geh\u00f6rt der Hintern versohlt\u00e2\u20ac\u0153 &#8230; <a href=\"http:\/\/www.derwesten.de\/staedte\/hohenlimburg\/denen-gehoert-der-hintern-versohlt-id7323526.html\" target=\"_blank\">DerWesten<\/a><\/p>\n<p><strong>Billig oder Service?<\/strong> Dann doch lieber zur Fachwerkstatt, meint Axel Schwenke &#8230; <a href=\"http:\/\/blog.schwenke.de\/2012\/dann-doch-lieber-zur-fachwerkstatt#more-1659\" target=\"_blank\">schwenke<\/a><\/p>\n","protected":false},"excerpt":{"rendered":"<p>Die Umgebung von Winterberg wird winterfest gemacht. Der neue Teich f\u00fcr das Schneekanonenwasser an den Minenpl\u00e4tzen nimmt Form an. Die Folien sind ausgelegt. Alles wie im Kleingarten, nur ein bisschen &hellip; <a href=\"https:\/\/www.schiebener.net\/wordpress\/umleitung-der-scheekanonenteich-ist-fertig-und-axels-auto-leuchtet-wieder-dazwischen-politik-medien-und-kultur\/\" class=\"more-link\"><span class=\"screen-reader-text\">\u201eUmleitung: Der Scheekanonenteich ist fertig und Axels Auto leuchtet wieder. Dazwischen: Politik, Medien und Kultur.\u201c <\/span>weiterlesen<\/a><\/p>\n","protected":false},"author":3,"featured_media":0,"comment_status":"open","ping_status":"open","sticky":false,"template":"","format":"standard","meta":{"footnotes":""},"categories":[174,674,80,32,24,71,549],"tags":[2663,2382,696,322,4064],"class_list":["post-21417","post","type-post","status-publish","format-standard","hentry","category-dit-und-dat","category-kultur","category-lokales","category-medien","category-politik","category-sport","category-umwelt","tag-ftd","tag-schneekanonen","tag-schwimmbad","tag-winterberg","tag-zulfiye-kaykin"],"_links":{"self":[{"href":"https:\/\/www.schiebener.net\/wordpress\/wp-json\/wp\/v2\/posts\/21417","targetHints":{"allow":["GET"]}}],"collection":[{"href":"https:\/\/www.schiebener.net\/wordpress\/wp-json\/wp\/v2\/posts"}],"about":[{"href":"https:\/\/www.schiebener.net\/wordpress\/wp-json\/wp\/v2\/types\/post"}],"author":[{"embeddable":true,"href":"https:\/\/www.schiebener.net\/wordpress\/wp-json\/wp\/v2\/users\/3"}],"replies":[{"embeddable":true,"href":"https:\/\/www.schiebener.net\/wordpress\/wp-json\/wp\/v2\/comments?post=21417"}],"version-history":[{"count":0,"href":"https:\/\/www.schiebener.net\/wordpress\/wp-json\/wp\/v2\/posts\/21417\/revisions"}],"wp:attachment":[{"href":"https:\/\/www.schiebener.net\/wordpress\/wp-json\/wp\/v2\/media?parent=21417"}],"wp:term":[{"taxonomy":"category","embeddable":true,"href":"https:\/\/www.schiebener.net\/wordpress\/wp-json\/wp\/v2\/categories?post=21417"},{"taxonomy":"post_tag","embeddable":true,"href":"https:\/\/www.schiebener.net\/wordpress\/wp-json\/wp\/v2\/tags?post=21417"}],"curies":[{"name":"wp","href":"https:\/\/api.w.org\/{rel}","templated":true}]}}