{"id":21404,"date":"2012-11-24T22:23:25","date_gmt":"2012-11-24T21:23:25","guid":{"rendered":"http:\/\/www.schiebener.net\/wordpress\/?p=21404"},"modified":"2012-11-25T17:18:20","modified_gmt":"2012-11-25T16:18:20","slug":"solidaritat-mit-gaza-freiheit-fur-palastina-anmerkungen-zur-heutigen-demonstration-in-dortmund","status":"publish","type":"post","link":"https:\/\/www.schiebener.net\/wordpress\/solidaritat-mit-gaza-freiheit-fur-palastina-anmerkungen-zur-heutigen-demonstration-in-dortmund\/","title":{"rendered":"&#8222;Solidarit\u00e4t mit Gaza &#8211; Freiheit f\u00fcr Pal\u00e4stina&#8220; &#8211; Anmerkungen zur heutigen Demonstration in Dortmund"},"content":{"rendered":"<figure id=\"attachment_21406\" aria-describedby=\"caption-attachment-21406\" style=\"width: 512px\" class=\"wp-caption aligncenter\"><img loading=\"lazy\" decoding=\"async\" class=\"size-full wp-image-21406\" title=\"demo01\" src=\"http:\/\/www.schiebener.net\/wordpress\/wp-content\/uploads\/2012\/11\/demo01.jpg\" alt=\"Die Demonstration der &quot;Allianz pal\u00e4stinensischer Gemeinschaft&quot; vor dem Dortmunder Hauptbahnhof. (foto: zoom)\" width=\"512\" height=\"329\" srcset=\"https:\/\/www.schiebener.net\/wordpress\/wp-content\/uploads\/2012\/11\/demo01.jpg 512w, https:\/\/www.schiebener.net\/wordpress\/wp-content\/uploads\/2012\/11\/demo01-300x192.jpg 300w\" sizes=\"auto, (max-width: 512px) 85vw, 512px\" \/><figcaption id=\"caption-attachment-21406\" class=\"wp-caption-text\">Die Demonstration der &quot;Allianz pal\u00e4stinensischer Gemeinschaft&quot; vor dem Dortmunder Hauptbahnhof. (fotos: zoom)<\/figcaption><\/figure>\n<p><strong>Dortmund am Samstag, den 24. November 2012, am Hauptbahnhof. Einige Hundert Pal\u00e4stinenser m\u00f6chten ihren \u00e2\u20ac\u017eUnmut gegen\u00fcber dem milit\u00e4rischen Angriff im Gazastreifen aussprechen\u00e2\u20ac\u0153. So hei\u00dft es auf dem <a href=\"http:\/\/www.schiebener.net\/wordpress\/wp-content\/uploads\/2012\/11\/demoaufruf20121124.pdf\" target=\"_blank\">Flugblatt<\/a><a href=\"http:\/\/www.schiebener.net\/wordpress\/wp-content\/uploads\/2012\/11\/demoaufruf20121124.pdf\" target=\"_blank\"> der \u00e2\u20ac\u017eAllianz pal\u00e4stinensischer Gemeinschaft, Gemeinden und Vereine in NRW<\/a>\u00e2\u20ac\u0153, die zu der Demonstration aufgerufen hatte. <\/strong><\/p>\n<p>Sie alle, also die Gemeinschaft, Gemeinden und Vereine, haben sich \u00e2\u20ac\u017everb\u00fcndet, um unsere Kultur und Traditionen zu bewahren und diese an unsere Kinder weiterzugeben\u00e2\u20ac\u0153.<\/p>\n<p>Und Deutschland, so steht dort geschrieben, ist \u00e2\u20ac\u017eihre Heimat\u00e2\u20ac\u0153. Richtig: die pal\u00e4stinensischen Kinder sind hier geboren, gehen hier zur Schule, also ist \u00e2\u20ac\u017eDeutschland \u00e2\u20ac\u201c ihre Heimat\u00e2\u20ac\u0153.<\/p>\n<p>Es ist nur etwas \u00fcberraschend, dass die pal\u00e4stinensische \u00e2\u20ac\u017eAllianz\u00e2\u20ac\u0153 hier ein Heimatverst\u00e4ndnis pflegt, wie er unter aufgekl\u00e4rten Menschen \u00fcblich ist, verwenden die Pal\u00e4stinenser doch ansonsten einen Heimatbegriff, der mittlerweile auch beim (deutschen) Bund der Vertriebenen aus der Mode zu kommen droht. Aber so ist das. Es bestehen halt Vorurteile \u00fcber \u00e2\u20ac\u017edie\u00e2\u20ac\u0153 Pal\u00e4stinenser, die sich die \u00e2\u20ac\u017eAllianz\u00e2\u20ac\u0153 auszur\u00e4umen vorgenommen hat. Beispielsweise so: \u00e2\u20ac\u017eNicht jeder Pal\u00e4stinenser hat eine Rakete\u00e2\u20ac\u0153. Aber manche eben schon, wor\u00fcber wir allerdings in diesem Flugblatt nichts erfahren. Daf\u00fcr aber, dass \u00e2\u20ac\u017ejedes pal\u00e4stinensische Kind f\u00fcr die israelische Armee eine potentielle Zielscheibe geworden\u00e2\u20ac\u0153 ist.<\/p>\n<p>Bei fl\u00fcchtiger Lekt\u00fcre k\u00f6nnte sich dies mit unserem Bild decken, dass wir aus der Tagesschau gewonnen hatten. Und ganz nebenbei wird dann mit dem Wort \u00e2\u20ac\u017eZielscheibe\u00e2\u20ac\u0153 unterstellt, dass Kinder, also pal\u00e4stinensische Zivilisten, die Ziele der israelischen Angriffe gewesen seien.<\/p>\n<figure id=\"attachment_21407\" aria-describedby=\"caption-attachment-21407\" style=\"width: 512px\" class=\"wp-caption aligncenter\"><img loading=\"lazy\" decoding=\"async\" class=\"size-full wp-image-21407\" title=\"demo02\" src=\"http:\/\/www.schiebener.net\/wordpress\/wp-content\/uploads\/2012\/11\/demo02.jpg\" alt=\"Die Spr\u00fcche vom Lautsprecherwagen sind aggressiv: &quot;Netanjahu ist - ein M\u00f6rder und Faschist&quot; und &quot;Frauenm\u00f6rder, Kinderm\u00f6rder&quot;\" width=\"512\" height=\"305\" srcset=\"https:\/\/www.schiebener.net\/wordpress\/wp-content\/uploads\/2012\/11\/demo02.jpg 512w, https:\/\/www.schiebener.net\/wordpress\/wp-content\/uploads\/2012\/11\/demo02-300x178.jpg 300w\" sizes=\"auto, (max-width: 512px) 85vw, 512px\" \/><figcaption id=\"caption-attachment-21407\" class=\"wp-caption-text\">Die Spr\u00fcche vom Lautsprecherwagen sind aggressiv: &quot;Netanjahu ist ... ein M\u00f6rder und Faschist&quot; - &quot;Frauenm\u00f6rder, Kinderm\u00f6rder&quot;<\/figcaption><\/figure>\n<p>Unterschlagen wird, dass die Raketenangriffe der Hamas und der anderen pal\u00e4stinensischen Milizen unbestritten auf Zivilisten zielen, und dass sie von Abschussrampen ausgehen, die ganz bewusst in Wohngebieten aufgestellt sind. Nicht jeder Pal\u00e4stinenser hat eine Rakete, wohl wahr. Aber jeder, der eine hat, benutzt die Kinder als menschliche Schutzschilde, um m\u00f6glichst unbehelligt auf Kinder auf der anderen Seite der Grenze feuern zu k\u00f6nnen. Egal \u00fcbrigens, ob j\u00fcdische oder pal\u00e4stinensische Kinder.<\/p>\n<p>\u00e2\u20ac\u017eDieses barbarische Vorgehen\u00e2\u20ac\u00a6\u00e2\u20ac\u0153 \u00e2\u20ac\u201c hei\u00dft es im Flugblatt. Gemeint ist selbstverst\u00e4ndlich \u00e2\u20ac\u017eder milit\u00e4rische Angriff Israels\u00e2\u20ac\u0153. Lassen wir das! Inzwischen haben sich erfreulicherweise \u00e2\u20ac\u017edie Seiten\u00e2\u20ac\u0153 auf eine Waffenruhe verst\u00e4ndigt, die auch weitgehend eingehalten wird. Es versteht sich, dass nicht alle pal\u00e4stinensischen Kleinstgruppen am Raketenabschie\u00dfen gehindert werden k\u00f6nnen. Sei\u00b4s drum: die Waffen schweigen.<\/p>\n<p>Aber die \u00e2\u20ac\u017eAllianz pal\u00e4stinensischer Gemeinschaft, Gemeinden und Vereine in NRW\u00e2\u20ac\u0153 hatte nun einmal ihre Demonstration und Kundgebung bereits angemeldet. Und die Forderungen bleiben ja bestehen. Schau&#8217;n wir mal!<\/p>\n<p>Die Bundesregierung wird aufgefordert \u00e2\u20ac\u201c es folgen Spiegelstriche, und es beginnt mit der \u00e2\u20ac\u017eAufhebung der unw\u00fcrdigen Gazablockade\u00e2\u20ac\u0153. Vern\u00fcnftige Forderung, m\u00f6chte man meinen; allein: der Adressat dieser Forderung. Ist es wirklich allein mit Sprachproblemen zu erkl\u00e4ren, dass die pal\u00e4stinensische \u00e2\u20ac\u017eAllianz\u00e2\u20ac\u0153 hier so stark daneben greift? Okay, womit sonst? Nehmen wir also an, dass gemeint ist, dass sich die deutsche Regierung daf\u00fcr einsetzen soll, dass die Blockade aufgehoben wird! Womit jedoch das Problem aufgeworfen wird, dass sie \u00e2\u20ac\u201c genau wie jede andere Bundesregierung zuvor \u00e2\u20ac\u201c sich l\u00e4ngst genau daf\u00fcr einsetzt. Lassen wir das!<\/p>\n<p>N\u00e4chster Spiegelstrich: \u00e2\u20ac\u017eeinen sofortigen Stopp der Waffenlieferung an Israel\u00e2\u20ac\u0153. Ist klar, gefolgt von: \u00e2\u20ac\u017esich f\u00fcr eine glaubw\u00fcrdige und nachhaltige Friedenspolitik einzusetzen\u00e2\u20ac\u0153. Das ist jetzt nicht ganz so klar. Die Bundesregierung soll sich einsetzen, nur: bei wem?<\/p>\n<p>Bei den Israelis, die, so steht es im Flugblatt, von \u00e2\u20ac\u017eMordlust und Aggression gegen\u00fcber den Pal\u00e4stinensern\u00e2\u20ac\u0153 getrieben sind? Bei einem Staat, der eine Armee mit \u00e2\u20ac\u017eT\u00f6tungswahn\u00e2\u20ac\u0153 unterh\u00e4lt? Das kann doch gar nichts bringen! Wo aber soll sich die deutsche Regierung dann \u00e2\u20ac\u017ef\u00fcr eine glaubw\u00fcrdige und nachhaltige Friedenspolitik einsetzen\u00e2\u20ac\u0153? Doch wohl nicht auf der anderen Seite, bei den glaubw\u00fcrdigen und nachhaltigen Friedenspolitik der Hamas?<\/p>\n<p>N\u00e4chster und letzter Spiegelstrich: \u00e2\u20ac\u017edie Anerkennung des Staates in den Grenzen von 1967 mit Jerusalem als Hauptstadt\u00e2\u20ac\u0153.<\/p>\n<p>Herrje! Auf den Transparenten steht \u00e2\u20ac\u017eFreiheit f\u00fcr Pal\u00e4stina!\u00e2\u20ac\u0153 Und dann das! Ein \u00e2\u20ac\u017eStaat in den Grenzen von 1967\u00e2\u20ac\u0153. Eigentlich nett, dass R\u00fccksicht genommen wird auf die deutsche Gesellschaft, in der ein Spiegelstrich \u00e2\u20ac\u017eIsrael von der Landkarte radieren\u00e2\u20ac\u0153 (immer noch?) nicht so richtig vermittelbar ist. Aber stattdessen ein \u00e2\u20ac\u017eStaat in den Grenzen von 1967\u00e2\u20ac\u0153? Welcher Staat sollte das wohl sein? Zur Erinnerung: bis 1967 geh\u00f6rte der Gazastreifen zu \u00c4gypten und das Westjordanland zu Jordanien. \u00dcberhaupt ist der Begriff \u00e2\u20ac\u017ePal\u00e4stinenser\u00e2\u20ac\u0153 erst ab 1967 allm\u00e4hlich entstanden. Nun gut, seien wir nicht kleinlich. Begreifen wir dies als Pl\u00e4doyer der \u00e2\u20ac\u017eAllianz\u00e2\u20ac\u0153 f\u00fcr eine Zweistaatenl\u00f6sung!<\/p>\n","protected":false},"excerpt":{"rendered":"<p>Dortmund am Samstag, den 24. November 2012, am Hauptbahnhof. Einige Hundert Pal\u00e4stinenser m\u00f6chten ihren \u00e2\u20ac\u017eUnmut gegen\u00fcber dem milit\u00e4rischen Angriff im Gazastreifen aussprechen\u00e2\u20ac\u0153. So hei\u00dft es auf dem Flugblatt der \u00e2\u20ac\u017eAllianz &hellip; <a href=\"https:\/\/www.schiebener.net\/wordpress\/solidaritat-mit-gaza-freiheit-fur-palastina-anmerkungen-zur-heutigen-demonstration-in-dortmund\/\" class=\"more-link\"><span class=\"screen-reader-text\">\u201e&#8222;Solidarit\u00e4t mit Gaza &#8211; Freiheit f\u00fcr Pal\u00e4stina&#8220; &#8211; Anmerkungen zur heutigen Demonstration in Dortmund\u201c <\/span>weiterlesen<\/a><\/p>\n","protected":false},"author":48,"featured_media":0,"comment_status":"open","ping_status":"open","sticky":false,"template":"","format":"standard","meta":{"footnotes":""},"categories":[24],"tags":[4063,1418,4062],"class_list":["post-21404","post","type-post","status-publish","format-standard","hentry","category-politik","tag-gaza","tag-israel","tag-palastina"],"_links":{"self":[{"href":"https:\/\/www.schiebener.net\/wordpress\/wp-json\/wp\/v2\/posts\/21404","targetHints":{"allow":["GET"]}}],"collection":[{"href":"https:\/\/www.schiebener.net\/wordpress\/wp-json\/wp\/v2\/posts"}],"about":[{"href":"https:\/\/www.schiebener.net\/wordpress\/wp-json\/wp\/v2\/types\/post"}],"author":[{"embeddable":true,"href":"https:\/\/www.schiebener.net\/wordpress\/wp-json\/wp\/v2\/users\/48"}],"replies":[{"embeddable":true,"href":"https:\/\/www.schiebener.net\/wordpress\/wp-json\/wp\/v2\/comments?post=21404"}],"version-history":[{"count":0,"href":"https:\/\/www.schiebener.net\/wordpress\/wp-json\/wp\/v2\/posts\/21404\/revisions"}],"wp:attachment":[{"href":"https:\/\/www.schiebener.net\/wordpress\/wp-json\/wp\/v2\/media?parent=21404"}],"wp:term":[{"taxonomy":"category","embeddable":true,"href":"https:\/\/www.schiebener.net\/wordpress\/wp-json\/wp\/v2\/categories?post=21404"},{"taxonomy":"post_tag","embeddable":true,"href":"https:\/\/www.schiebener.net\/wordpress\/wp-json\/wp\/v2\/tags?post=21404"}],"curies":[{"name":"wp","href":"https:\/\/api.w.org\/{rel}","templated":true}]}}