{"id":21315,"date":"2012-11-17T11:53:51","date_gmt":"2012-11-17T10:53:51","guid":{"rendered":"http:\/\/www.schiebener.net\/wordpress\/?p=21315"},"modified":"2012-11-17T12:08:13","modified_gmt":"2012-11-17T11:08:13","slug":"stadtentwicklung-meschede-kein-platz-fur-junge-familien-und-studierende","status":"publish","type":"post","link":"https:\/\/www.schiebener.net\/wordpress\/stadtentwicklung-meschede-kein-platz-fur-junge-familien-und-studierende\/","title":{"rendered":"Stadtentwicklung Meschede: kein Platz f\u00fcr junge Familien und Studierende?"},"content":{"rendered":"<figure id=\"attachment_21322\" aria-describedby=\"caption-attachment-21322\" style=\"width: 512px\" class=\"wp-caption aligncenter\"><img loading=\"lazy\" decoding=\"async\" class=\"size-full wp-image-21322 \" title=\"wissenwasserwandel20121110\" src=\"http:\/\/www.schiebener.net\/wordpress\/wp-content\/uploads\/2012\/11\/wissenwasserwandel20121110.jpg\" alt=\"&quot;Wissen Wasser Wandel&quot;: Schautafeln an der Ruhr neben der Hennem\u00fcndung (foto: zoom)\" width=\"512\" height=\"234\" srcset=\"https:\/\/www.schiebener.net\/wordpress\/wp-content\/uploads\/2012\/11\/wissenwasserwandel20121110.jpg 512w, https:\/\/www.schiebener.net\/wordpress\/wp-content\/uploads\/2012\/11\/wissenwasserwandel20121110-300x137.jpg 300w\" sizes=\"auto, (max-width: 512px) 85vw, 512px\" \/><figcaption id=\"caption-attachment-21322\" class=\"wp-caption-text\">Wissen Wasser Wandel: Schautafeln an der Ruhr neben der Hennem\u00fcndung (foto: zoom)<\/figcaption><\/figure>\n<p><strong>Der demografische Wandel verl\u00e4uft in Deutschland sehr unterschiedlich. W\u00e4hrend gro\u00dfe St\u00e4dte aber auch der Landkreis Paderborn eine ausgewogene Alterungsstruktur aufweisen, vergreisen besonders l\u00e4ndliche Gebiete wie beispielsweise das  Sauerland. Meschede hat bis 2030 einen Bev\u00f6lkerungsr\u00fcckgang von 15% zu verkraften.<\/strong><\/p>\n<p>(<em>Gastbeitrag von Gertrud U.<\/em>)<\/p>\n<p><strong>\u00e2\u20ac\u017eWissen-Wasser-Wandel?\u00e2\u20ac\u0153<\/strong><br \/>\nMit dem Titel \u00e2\u20ac\u017e<a href=\"http:\/\/wissenwasserwandel.de\/\" target=\"_blank\">wissenwasserwandel<\/a>\u00e2\u20ac\u0153 startete die Stadt Meschede ein Projekt zur positiven Entwicklung der Stadt. In der Brosch\u00fcre \u00e2\u20ac\u017eErgebnisse zur Kreativwoche\u00e2\u20ac\u0153 hei\u00dft es zum Begriff Wandel:<\/p>\n<p><strong><em>\u00e2\u20ac\u017eWandel steht f\u00fcr die Bew\u00e4ltigung der strukturellen Probleme, die u.a. durch den demografischen Wandel hervorgerufen werden\u00e2\u20ac\u0153<\/em><\/strong><\/p>\n<p><strong>Kreativwoche im November 2009<\/strong><br \/>\nMit dem Schwerpunkt der Entwicklung und St\u00e4rkung der Innenstadt entstanden in einer Kreativ-Woche Ideen f\u00fcr die Innenstadt. Beteiligte an dem offenen Planungsprozess waren:<!--more--><br \/>\nPlaner, Politiker, Vertreter wichtiger Institutionen und Vereine der Stadt und zuletzt zahlreiche B\u00fcrgerinnen und B\u00fcrger.<\/p>\n<p>Eines der Ergebnisse war Wohnraum in der Innenstadt im Bereich des Rinschen Park gerade auch f\u00fcr junge Familien und Studierende zu schaffen.<\/p>\n<p style=\"text-align: center;\">\n<figure id=\"attachment_21316\" aria-describedby=\"caption-attachment-21316\" style=\"width: 292px\" class=\"wp-caption aligncenter\"><img loading=\"lazy\" decoding=\"async\" class=\"size-full wp-image-21316\" title=\"familien01\" src=\"http:\/\/www.schiebener.net\/wordpress\/wp-content\/uploads\/2012\/11\/familien01.jpg\" alt=\"Ausschnitt aus der Brosch\u00fcre \u00e2\u20ac\u017eErgebnisse zur Kreativwoche\u00e2\u20ac\u0153\" width=\"292\" height=\"248\" \/><figcaption id=\"caption-attachment-21316\" class=\"wp-caption-text\">Ausschnitt aus der Brosch\u00fcre \u00e2\u20ac\u017eErgebnisse zur Kreativwoche\u00e2\u20ac\u0153<\/figcaption><\/figure>\n<p>B\u00fcrgermeister Uli Hess versprach im Vorwort zur Dokumentation der<br \/>\n\u00e2\u20ac\u017eErgebnisse zur Kreativwoche\u00e2\u20ac\u0153 vom 17. bis 19. Nov. 2009:<\/p>\n<p><strong><em>\u00e2\u20ac\u017eDie in der Kreativwoche deutlich gewordene Aufbruchstimmung wird die Stadt aufgreifen und gemeinsam mit allen Interessierten daran arbeiten, dass nun aus den Ideen Wirklichkeit werden.\u00e2\u20ac\u0153<\/em><\/strong><\/p>\n<p><strong>Haushalt 2013<\/strong><br \/>\nIm Haushaltsplan 2013 der Stadt Meschede auf Seite 22 sind unter <strong>5.1.4 Haushaltssteuerung und Handlungsfelder<\/strong> beschrieben. Dabei wird das zu erreichende Ergebnis in den Vordergrund der Haushaltssteuerung gestellt. Die Verwaltung benennt dazu als oberstes Ziel:<\/p>\n<p><em><strong>\u00e2\u20ac\u017e1)  Bew\u00e4ltigung des demografischen Wandels; insbesondere auch durch die Unterst\u00fctzung famili\u00e4rer Strukturen.\u00e2\u20ac\u0153<\/strong><\/em><\/p>\n<p>Seit der \u00dcberarbeitung der Planung aus der Kreativwoche, sollen auf der Restfl\u00e4che 20 altengerechte Wohnungen und 20 Wohnungen f\u00fcr den Beginen-Verein entstehen. F\u00fcr junge Familien und Studierende ist an dieser Stelle kein Platz mehr.<\/p>\n<p style=\"text-align: center;\"><strong>Planungsergebnis der Stadt<\/strong><\/p>\n<figure id=\"attachment_21317\" aria-describedby=\"caption-attachment-21317\" style=\"width: 512px\" class=\"wp-caption aligncenter\"><img loading=\"lazy\" decoding=\"async\" class=\"size-full wp-image-21317\" title=\"familien02\" src=\"http:\/\/www.schiebener.net\/wordpress\/wp-content\/uploads\/2012\/11\/familien02.jpg\" alt=\"Das Planungsergebnis der Stadt\" width=\"512\" height=\"398\" srcset=\"https:\/\/www.schiebener.net\/wordpress\/wp-content\/uploads\/2012\/11\/familien02.jpg 512w, https:\/\/www.schiebener.net\/wordpress\/wp-content\/uploads\/2012\/11\/familien02-300x233.jpg 300w\" sizes=\"auto, (max-width: 512px) 85vw, 512px\" \/><figcaption id=\"caption-attachment-21317\" class=\"wp-caption-text\">Das Planungsergebnis der Stadt<\/figcaption><\/figure>\n<p>Wenn jemand sich einen BMW bestellt und einen LADA geliefert bekommt, dann ist das Beschiss und muss nicht bezahlt werden.<\/p>\n<p>Wenn der B\u00fcrger dagegen, zusammen mit den oben genannten Fachleuten, Wohnen f\u00fcr Familien und Studierende als Ma\u00dfnahme gegen den demografischen Wandel f\u00fcr die Innenstadt bestellt und statt dessen \u00fcberwiegend Stra\u00dfen, Br\u00fccken und Parkpl\u00e4tze auf den Grundst\u00fccken geliefert  bekommt, dann nennt man das Mescheder-Demokratie-Verst\u00e4ndnis, was obendrein noch von den B\u00fcrgern in Form von Steuern bezahlt werden muss.<\/p>\n<p>Mir ist nicht klar, welchen Zweck Ratsmitglieder f\u00fcr das Gemeinwohl der B\u00fcrger von Meschede erf\u00fcllen, wenn sie die Umsetzung einer vorliegende Planung nicht sch\u00fctzen und stattdessen die Ausf\u00fchrung gegen die Generation ihrer Kinder und Enkel mittragen, mindestens aber nicht verhindern.<\/p>\n<p>Bedauerlicherweise ist das Verhalten der Ratsmitglieder kein Einzelfall (Siehe <a href=\"http:\/\/www.schiebener.net\/wordpress\/?p=12925\" target=\"_blank\">Kommentare zu \u00e2\u20ac\u017eDer Rote Wind\u00e2\u20ac\u0153 hier im Blog<\/a>).<\/p>\n<p>Brisante Themen wie die Zukunft junger Familien, wohnen f\u00fcr Studierende am Hochschulstandort,  Ma\u00dfnahmen gegen den demografischen Wandel und andere bedeutende Themen unserer Zeit haben m.E. in Meschede nur auf dem Papier eine Lobby.<\/p>\n","protected":false},"excerpt":{"rendered":"<p>Der demografische Wandel verl\u00e4uft in Deutschland sehr unterschiedlich. W\u00e4hrend gro\u00dfe St\u00e4dte aber auch der Landkreis Paderborn eine ausgewogene Alterungsstruktur aufweisen, vergreisen besonders l\u00e4ndliche Gebiete wie beispielsweise das Sauerland. Meschede hat &hellip; <a href=\"https:\/\/www.schiebener.net\/wordpress\/stadtentwicklung-meschede-kein-platz-fur-junge-familien-und-studierende\/\" class=\"more-link\"><span class=\"screen-reader-text\">\u201eStadtentwicklung Meschede: kein Platz f\u00fcr junge Familien und Studierende?\u201c <\/span>weiterlesen<\/a><\/p>\n","protected":false},"author":18,"featured_media":0,"comment_status":"open","ping_status":"open","sticky":false,"template":"","format":"standard","meta":{"footnotes":""},"categories":[303,674,80,24,3096],"tags":[4055,264,4054],"class_list":["post-21315","post","type-post","status-publish","format-standard","hentry","category-in-unserem-briefkasten","category-kultur","category-lokales","category-politik","category-urbanes-wohnen","tag-familien","tag-meschede","tag-stadtentwicklung"],"_links":{"self":[{"href":"https:\/\/www.schiebener.net\/wordpress\/wp-json\/wp\/v2\/posts\/21315","targetHints":{"allow":["GET"]}}],"collection":[{"href":"https:\/\/www.schiebener.net\/wordpress\/wp-json\/wp\/v2\/posts"}],"about":[{"href":"https:\/\/www.schiebener.net\/wordpress\/wp-json\/wp\/v2\/types\/post"}],"author":[{"embeddable":true,"href":"https:\/\/www.schiebener.net\/wordpress\/wp-json\/wp\/v2\/users\/18"}],"replies":[{"embeddable":true,"href":"https:\/\/www.schiebener.net\/wordpress\/wp-json\/wp\/v2\/comments?post=21315"}],"version-history":[{"count":0,"href":"https:\/\/www.schiebener.net\/wordpress\/wp-json\/wp\/v2\/posts\/21315\/revisions"}],"wp:attachment":[{"href":"https:\/\/www.schiebener.net\/wordpress\/wp-json\/wp\/v2\/media?parent=21315"}],"wp:term":[{"taxonomy":"category","embeddable":true,"href":"https:\/\/www.schiebener.net\/wordpress\/wp-json\/wp\/v2\/categories?post=21315"},{"taxonomy":"post_tag","embeddable":true,"href":"https:\/\/www.schiebener.net\/wordpress\/wp-json\/wp\/v2\/tags?post=21315"}],"curies":[{"name":"wp","href":"https:\/\/api.w.org\/{rel}","templated":true}]}}