{"id":21227,"date":"2012-11-13T22:22:03","date_gmt":"2012-11-13T21:22:03","guid":{"rendered":"http:\/\/www.schiebener.net\/wordpress\/?p=21227"},"modified":"2012-11-13T22:33:05","modified_gmt":"2012-11-13T21:33:05","slug":"wohin-steuert-die-bildungspolitik-der-cdu-im-hochsauerlandkreis","status":"publish","type":"post","link":"https:\/\/www.schiebener.net\/wordpress\/wohin-steuert-die-bildungspolitik-der-cdu-im-hochsauerlandkreis\/","title":{"rendered":"Wohin steuert die Bildungspolitik der CDU im Hochsauerlandkreis?"},"content":{"rendered":"<figure id=\"attachment_21232\" aria-describedby=\"caption-attachment-21232\" style=\"width: 512px\" class=\"wp-caption aligncenter\"><img loading=\"lazy\" decoding=\"async\" class=\"size-full wp-image-21232\" title=\"radiosauerland20121110\" src=\"http:\/\/www.schiebener.net\/wordpress\/wp-content\/uploads\/2012\/11\/radiosauerland20121110.jpg\" alt=\"Von politischen Gegnern gern als &quot;Haussender der CDU&quot; bezeichnet: Radio Sauerland vis a vis dem Kreishaus Meschede. (foto: zoom)\" width=\"512\" height=\"384\" srcset=\"https:\/\/www.schiebener.net\/wordpress\/wp-content\/uploads\/2012\/11\/radiosauerland20121110.jpg 512w, https:\/\/www.schiebener.net\/wordpress\/wp-content\/uploads\/2012\/11\/radiosauerland20121110-300x225.jpg 300w\" sizes=\"auto, (max-width: 512px) 85vw, 512px\" \/><figcaption id=\"caption-attachment-21232\" class=\"wp-caption-text\">Von politischen Gegnern gern als &quot;Haussender der CDU&quot; bezeichnet: Radio Sauerland vis a vis dem Kreishaus Meschede. (foto: zoom)<\/figcaption><\/figure>\n<p><em>\u00e2\u20ac\u0153Die CDU im HSK will dem Bev\u00f6lkerungswandel entgegenwirken.<\/em><\/p>\n<p><em>Vor allem das Bildungsangebot m\u00fcsse verbessert werden, damit mehr  junge Fachkr\u00e4fte im HSK bleiben, hie\u00df es beim CDU- Kreisparteitag am  Wochenende. \u00e2\u20ac\u0153<\/em><\/p>\n<p><strong>So zu lesen bei &#8222;Radio Sauerland&#8220;, dem Haussender der CDU.<\/strong><\/p>\n<p><strong>Jahrelang hat sich die HSK-CDU gegen jede wesentliche Ver\u00e4nderung  des Bildungssystems gestr\u00e4ubt. Bekanntlich ist der HSK der  einzige aller 53 Kreise in NRW, in dem es keine Gesamtschule gibt. <\/strong><\/p>\n<p>Es besteht seit diesem Schuljahr lediglich <strong>eine einzige Sekundarschule<\/strong>. Das Abitur nach 9 Jahren l\u00e4\u00dft sich im  Kreisgebiet nur mit Schulwechsel ablegen.<\/p>\n<p><strong>Die Inklusion ist noch nicht  weit fortgeschritten<\/strong>, die Einsetzung von Inklusionsbeauftragten war  bisher nicht erw\u00fcnscht. Eine Elternbefragung nach von den Eltern kleiner  Kinder ben\u00f6tigten Betreuungszeiten wird ebenso abgelehnt wie die  Mitwirkung eines Vertreters der islamischen Gemeinden im Schulausschuss  des Kreises (neben den bereits vorhandenen Vertretern der katholischen  und evangelischen Kirchen).<\/p>\n<p><strong>Eine gemeinde\u00fcbergreifende  Schulentwicklungsplanung<\/strong>, die in anderen Kreisen selbstverst\u00e4ndlich ist,  ist bisher am Widerstand der CDU gescheitert. Kinderhorte, in denen  Kinder, die keine Ganztagsschule besuchen, nachmittags betreut und ihnen  bei den Hausaufgaben geholfen wird, sollen nicht mehr bezuschusst  werden, so dass sie in ihrer Existenz gef\u00e4hrdet sind.<\/p>\n<p><strong>Der Leiter einer  Kreisberufsschule<\/strong> l\u00e4\u00dft Mitsch\u00fcler \u00fcber einen Sch\u00fcler mit  Migrationshintergrund Dossiers anfertigen, warum sie ihn nicht m\u00f6gen \u00e2\u20ac\u201c  und nichts wird dagegen unternommen.<\/p>\n<p><strong>Die Liste der Bildungsblockaden<\/strong> lie\u00dfe sich beliebig verl\u00e4ngern\u00e2\u20ac\u00a6<\/p>\n<p><strong>Wir sind gespannt, ob es irgendwann auch bei der HSK-CDU einen  Aufbruch in neue Bildungslandschaften<\/strong> gibt, wie er bei vielen  CDU-Verb\u00e4nden, wie beispielsweise\u00a0 im M\u00fcnsterland und in Ostwestfalen, l\u00e4ngst vollzogen  ist.<\/p>\n","protected":false},"excerpt":{"rendered":"<p>\u00e2\u20ac\u0153Die CDU im HSK will dem Bev\u00f6lkerungswandel entgegenwirken. Vor allem das Bildungsangebot m\u00fcsse verbessert werden, damit mehr junge Fachkr\u00e4fte im HSK bleiben, hie\u00df es beim CDU- Kreisparteitag am Wochenende. \u00e2\u20ac\u0153 &hellip; <a href=\"https:\/\/www.schiebener.net\/wordpress\/wohin-steuert-die-bildungspolitik-der-cdu-im-hochsauerlandkreis\/\" class=\"more-link\"><span class=\"screen-reader-text\">\u201eWohin steuert die Bildungspolitik der CDU im Hochsauerlandkreis?\u201c <\/span>weiterlesen<\/a><\/p>\n","protected":false},"author":31,"featured_media":0,"comment_status":"open","ping_status":"open","sticky":false,"template":"","format":"standard","meta":{"footnotes":""},"categories":[3,24],"tags":[4039,293,835,38],"class_list":["post-21227","post","type-post","status-publish","format-standard","hentry","category-bildung-und-schule","category-politik","tag-cdu-hsk","tag-gesamtschulen","tag-hochsauerlandkreis","tag-schulpolitik"],"_links":{"self":[{"href":"https:\/\/www.schiebener.net\/wordpress\/wp-json\/wp\/v2\/posts\/21227","targetHints":{"allow":["GET"]}}],"collection":[{"href":"https:\/\/www.schiebener.net\/wordpress\/wp-json\/wp\/v2\/posts"}],"about":[{"href":"https:\/\/www.schiebener.net\/wordpress\/wp-json\/wp\/v2\/types\/post"}],"author":[{"embeddable":true,"href":"https:\/\/www.schiebener.net\/wordpress\/wp-json\/wp\/v2\/users\/31"}],"replies":[{"embeddable":true,"href":"https:\/\/www.schiebener.net\/wordpress\/wp-json\/wp\/v2\/comments?post=21227"}],"version-history":[{"count":0,"href":"https:\/\/www.schiebener.net\/wordpress\/wp-json\/wp\/v2\/posts\/21227\/revisions"}],"wp:attachment":[{"href":"https:\/\/www.schiebener.net\/wordpress\/wp-json\/wp\/v2\/media?parent=21227"}],"wp:term":[{"taxonomy":"category","embeddable":true,"href":"https:\/\/www.schiebener.net\/wordpress\/wp-json\/wp\/v2\/categories?post=21227"},{"taxonomy":"post_tag","embeddable":true,"href":"https:\/\/www.schiebener.net\/wordpress\/wp-json\/wp\/v2\/tags?post=21227"}],"curies":[{"name":"wp","href":"https:\/\/api.w.org\/{rel}","templated":true}]}}