{"id":2118,"date":"2009-02-03T23:02:41","date_gmt":"2009-02-03T22:02:41","guid":{"rendered":"http:\/\/www.schiebener.net\/wordpress\/?p=2118"},"modified":"2009-02-03T23:14:15","modified_gmt":"2009-02-03T22:14:15","slug":"winterberg-lehrer-und-schuler-frieren-seit-wochen","status":"publish","type":"post","link":"https:\/\/www.schiebener.net\/wordpress\/winterberg-lehrer-und-schuler-frieren-seit-wochen\/","title":{"rendered":"Winterberg: Lehrer und Sch\u00fcler frieren seit Wochen"},"content":{"rendered":"<h4 class=\"mceTemp mceIEcenter\">\n<dl id=\"attachment_2119\" class=\"wp-caption aligncenter\" style=\"width: 510px;\">\n<dt class=\"wp-caption-dt\"><img loading=\"lazy\" decoding=\"async\" class=\"size-full wp-image-2119\" title=\"Geschwister-Scholl-Gymnasium Winterberg\" src=\"http:\/\/www.schiebener.net\/wordpress\/wp-content\/uploads\/2009\/02\/gsg_winterberg02.jpg\" alt=\"Gymnasium Winterberg: Heizung kaputt?\" width=\"500\" height=\"332\" srcset=\"https:\/\/www.schiebener.net\/wordpress\/wp-content\/uploads\/2009\/02\/gsg_winterberg02.jpg 500w, https:\/\/www.schiebener.net\/wordpress\/wp-content\/uploads\/2009\/02\/gsg_winterberg02-300x199.jpg 300w\" sizes=\"auto, (max-width: 500px) 85vw, 500px\" \/><\/dt>\n<dd class=\"wp-caption-dd\">Gymnasium Winterberg: Heizung kaputt?<\/dd>\n<\/dl>\n<\/h4>\n<p>Seit Wochen frieren LehrerInnen  und Sch\u00fclerInnen  in den R\u00e4umen, G\u00e4ngen und Hallen des Geschwister-Scholl-Gymnasiums in Winterberg.  Eine Besserung ist nicht in Sicht. Die Heizungsanlage funktioniert nicht,  niemand scheint den Grund zu kennen und dem Schulleiter &#8222;sind die H\u00e4nde gebunden&#8220; (siehe dazu  im verlinkten WP-Artikel und auch unten in meinem Kommentar).<\/p>\n<p>Die Lokalredakteurin der Westfalenpost hat sich vor kurzem  aufgemacht, um die Situation vor Ort zu erkunden:<\/p>\n<blockquote><p>&#8222;&#8230;Winterberg. Wenn es drau\u00dfen kalt ist, ist das bisweilen schon unangenehm. Doch wenn es im Klassenraum oder in der Turnhalle nur neun Grad \u00e2\u20ac\u017ewarm\u00e2\u20ac\u009d ist, f\u00e4llt das schon in die Kategorie \u00e2\u20ac\u017ebesondere \u00c4rgernisse\u00e2\u20ac\u009d. So gesehen und gef\u00fchlt im Geschwister-Scholl-Gymnasium in Winterberg.<\/p>\n<p>Hier plagen sich Sch\u00fcler und Lehrer mit den T\u00fccken einer widerspenstigen Heizung.<\/p>\n<p>Da hatte man doch gedacht, mit dem Totalausfall der Heizungsanlage nach den Weihnachtsferien sei die Schule in Sachen Fr\u00f6stelei genug gestraft gewesen. Doch mit einem Tag \u00e2\u20ac\u017eK\u00e4ltefrei\u00e2\u20ac\u009d ab der f\u00fcnften Stunde war es nicht getan. So richtig will sich die Heizung bis heute nicht berappeln. Mal l\u00e4uft sie normal, mal so gut wie gar nicht. Dann hei\u00dft es: frieren! &#8230; <a href=\"http:\/\/www.derwesten.de\/nachrichten\/staedte\/winterberg\/2009\/2\/3\/news-109231039\/detail.html\" target=\"_blank\">weiter im Original.<br \/>\n<\/a><\/p><\/blockquote>\n<p>Der Artikel ist prima, lebendig geschrieben und alles w\u00e4re gut, g\u00e4be es da nicht diesen vorletzten Absatz (Hervorhebungen von mir):<\/p>\n<blockquote><p>Schulleiter Franz-Rudolf Weber <strong>wei\u00df um die schwierige Situation, doch ihm sind die H\u00e4nde gebunden<\/strong>. \u00e2\u20ac\u017eWir stehen <strong>in direktem Kontakt mit der zust\u00e4ndigen Firma<\/strong>, die die Ursache f\u00fcr die St\u00f6rung bisher <strong>nicht finden konnte<\/strong>\u00e2\u20ac\u009d, betont der Schulleiter. Eins stehe aber fest: Neben der momentanen St\u00f6rung stelle die Fassade ein Problem dar. \u00e2\u20ac\u017eBesonders in R\u00e4umen mit zwei Au\u00dfenw\u00e4nden ist es kalt.\u00e2\u20ac\u009d Dennoch <strong>betont<\/strong> Weber, <strong>dass die Stadt alles tue<\/strong>, um die Situation zu verbessern. <strong>Das wurde auf Anfrage der WP von Seiten der Stadt best\u00e4tigt.<\/strong><\/p><\/blockquote>\n<p>Dieser Absatz hat mich verst\u00f6rt.<\/p>\n<p>Ich will doch hoffen, dass der Schulleiter &#8222;um die schwierige Situation&#8220; wei\u00df, dass seine Heizung nicht funktioniert und die H\u00fctte kalt ist, aber aus welchem Grund  &#8222;sind ihm die H\u00e4nde gebunden&#8220;?  Das ist eine hohle Phrase. Wer oder was bindet ihm den die H\u00e4nde? Das m\u00f6chte ich als Leser wissen!<\/p>\n<p>Und weiter geht es. Wie sieht der direkte Kontakt mit der Firma aus? Standleitung, Rauchzeichen, Trommeln, Boten, die hin und her laufen? &#8222;Hallo, hallo, es ist immer noch kalt! Wie keine Ahnung? Ja, Danke!&#8220;<\/p>\n<p>Wie hei\u00dft die Firma, die die Ursache seit Wochen nicht finden kann? Wenn bei mir einen einzigen Tag die Heizung ausf\u00e4llt, gehe ich die W\u00e4nde hoch. Und hier: seit Wochen keine Ahnung?<\/p>\n<p><strong>&#8222;dass die Stadt alles tue&#8220;<\/strong>: Ja, was tut sie denn? Welch eine Worth\u00fclse &#8211; dieses &#8222;alles&#8220;.<\/p>\n<p>Als Kr\u00f6nung dann der letzte Satz: <strong>&#8222;Das wurde auf Anfrage der WP von Seiten der Stadt best\u00e4tigt.&#8220; <\/strong><\/p>\n<p>Was wurde von Seiten der Stadt best\u00e4tigt. Was? Von wem?<\/p>\n<p><strong>WP:<\/strong> &#8222;Hallo hier WP. Tun Sie alles, damit es im Gymnasium wieder warm wird?&#8220;<\/p>\n<p><strong>von Seiten der Stadt<\/strong>: &#8222;Ja, wir tun alles.&#8220;<\/p>\n<p><strong>WP<\/strong>: &#8222;Danke, wir werden es unseren Leserinnen und Lesern berichten.&#8220;<\/p>\n<p><strong>von Seiten der Stadt<\/strong>: &#8222;Auch danke.&#8220;<\/p>\n<p><strong>WP<\/strong>: &#8222;Tsch\u00fcs&#8220;<strong><\/strong><\/p>\n<p><strong>von Seiten der Stadt<\/strong>: &#8222;Auch tsch\u00fcs.&#8220;<\/p>\n<p>Wie gesagt: 80 Prozent des Artikels sind gut, aber dann diese verpasste Chance.<\/p>\n<p><strong>von meiner Seite<\/strong>: &#8222;Auch tsch\u00fcs.&#8220;<\/p>\n","protected":false},"excerpt":{"rendered":"<p>Gymnasium Winterberg: Heizung kaputt? Seit Wochen frieren LehrerInnen und Sch\u00fclerInnen in den R\u00e4umen, G\u00e4ngen und Hallen des Geschwister-Scholl-Gymnasiums in Winterberg. Eine Besserung ist nicht in Sicht. Die Heizungsanlage funktioniert nicht, &hellip; <a href=\"https:\/\/www.schiebener.net\/wordpress\/winterberg-lehrer-und-schuler-frieren-seit-wochen\/\" class=\"more-link\"><span class=\"screen-reader-text\">\u201eWinterberg: Lehrer und Sch\u00fcler frieren seit Wochen\u201c <\/span>weiterlesen<\/a><\/p>\n","protected":false},"author":3,"featured_media":0,"comment_status":"open","ping_status":"open","sticky":false,"template":"","format":"standard","meta":{"footnotes":""},"categories":[80,32],"tags":[321],"class_list":["post-2118","post","type-post","status-publish","format-standard","hentry","category-lokales","category-medien","tag-gymnasium-winterberg"],"_links":{"self":[{"href":"https:\/\/www.schiebener.net\/wordpress\/wp-json\/wp\/v2\/posts\/2118","targetHints":{"allow":["GET"]}}],"collection":[{"href":"https:\/\/www.schiebener.net\/wordpress\/wp-json\/wp\/v2\/posts"}],"about":[{"href":"https:\/\/www.schiebener.net\/wordpress\/wp-json\/wp\/v2\/types\/post"}],"author":[{"embeddable":true,"href":"https:\/\/www.schiebener.net\/wordpress\/wp-json\/wp\/v2\/users\/3"}],"replies":[{"embeddable":true,"href":"https:\/\/www.schiebener.net\/wordpress\/wp-json\/wp\/v2\/comments?post=2118"}],"version-history":[{"count":0,"href":"https:\/\/www.schiebener.net\/wordpress\/wp-json\/wp\/v2\/posts\/2118\/revisions"}],"wp:attachment":[{"href":"https:\/\/www.schiebener.net\/wordpress\/wp-json\/wp\/v2\/media?parent=2118"}],"wp:term":[{"taxonomy":"category","embeddable":true,"href":"https:\/\/www.schiebener.net\/wordpress\/wp-json\/wp\/v2\/categories?post=2118"},{"taxonomy":"post_tag","embeddable":true,"href":"https:\/\/www.schiebener.net\/wordpress\/wp-json\/wp\/v2\/tags?post=2118"}],"curies":[{"name":"wp","href":"https:\/\/api.w.org\/{rel}","templated":true}]}}