{"id":21153,"date":"2012-11-11T00:44:43","date_gmt":"2012-11-10T23:44:43","guid":{"rendered":"http:\/\/www.schiebener.net\/wordpress\/?p=21153"},"modified":"2013-07-23T23:05:00","modified_gmt":"2013-07-23T21:05:00","slug":"heute-vor-zwei-jahren-der-winterberger-rat-entscheidet-gegen-g9","status":"publish","type":"post","link":"https:\/\/www.schiebener.net\/wordpress\/heute-vor-zwei-jahren-der-winterberger-rat-entscheidet-gegen-g9\/","title":{"rendered":"Turboabitur: Heute vor zwei Jahren entschied der Winterberger Rat gegen G9"},"content":{"rendered":"<p><strong>F\u00fcr Aufregung sorgte im Hochsauerland diese Woche die Meldung, dass im benachbarten Hessen <a href=\"http:\/\/www.schiebener.net\/wordpress\/?p=21028\" target=\"_blank\">Gymnasien zu G9<\/a>, dem Abitur nach 13 Jahren zur\u00fcckkehren werden. <\/strong><\/p>\n<p>G8 ist diskreditiert. Die Bildungspolitiker haben es nicht geschafft, Curricula anzupassen und die Sch\u00fcler zu entlasten. Selbst in Bayern wird die R\u00fcckkehr zu G9 erwogen. Eine politische Lawine scheint ins Rollen zu geraten.<\/p>\n<p>Nun ist f\u00fcr das Gymnasium in Winterberg\/ Medebach mit den G9 Gymnasien in Hessen eine ernst zu nehmende Konkurrenz entstanden. Die <a href=\"http:\/\/http:\/\/www.derwesten.de\/staedte\/nachrichten-aus-brilon-marsberg-und-olsberg\/votum-fuer-g9-an-uplandschule-in-willingen-faellt-einstimmig-aus-id7263285.html\" target=\"_blank\">WP berichtete am 6.11.2012<\/a>, dass Winterberg &#8222;nicht die M\u00f6glichkeit (hat), \u00fcber eine R\u00fcckkehr zu G9 frei zu entscheiden.&#8220;<\/p>\n<p>Das ist jedoch nur die H\u00e4lfte der Wahrheit. <strong>Winterberg hatte die M\u00f6glichkeit, das Abitur nach G9, also nach 13 Jahren wieder einzuf\u00fchren.<\/strong> Das war vor zwei Jahren, im November 2010.<\/p>\n<p>Wie die <a href=\"http:\/\/www.derwesten.de\/staedte\/nachrichten-aus-winterberg-medebach-und-hallenberg\/schulzweckverband-lehnt-g9-neu-ab-id3989508.html\" target=\"_blank\">WP damals berichtete<\/a>, war die Lehrerkonferenz f\u00fcr die verl\u00e4ngerte Schulzeit, Schulkonferenz und der Rat der Stadt Winterberg stimmten jedoch dagegen. So blieb man wider besseren Wissens bei G8, denn schon damals war der Schulzweckverband der Meinung, dass G8 &#8222;zu einer \u00dcberforderung der Sch\u00fcler gef\u00fchrt habe&#8220;. An dieser Tatsache hat sich bis heute nichts ge\u00e4ndert.<\/p>\n<p>Ausschlaggebend f\u00fcr die damalige Entscheidung war das Votum des Rates der Stadt Winterberg. Im <a href=\"http:\/\/www.schiebener.net\/wordpress\/wp-content\/uploads\/2012\/11\/ratssitzung20101111.pdf\" target=\"_blank\">Protokoll<\/a> der Sitzung hei\u00dft es:<\/p>\n<p><strong><em>\u00b7 Bei &#8222;G9 neu&#8220; wird mit keiner wirklichen Entlastung f\u00fcr die Sch\u00fcler gerechnet.<\/em><\/strong><\/p>\n<p>Ratsmitglieder der Stadt Winterberg sahen bei einer Schulzeitverl\u00e4ngerung von einem Jahr &#8222;keine wirkliche Entlastung&#8220;. Das ist erstaunlich. Weiter hei\u00dft es im Protokoll:<\/p>\n<p><strong><em>\u00b7 F\u00fcr &#8222;G9 neu&#8220; sprechen fachliche und p\u00e4dagogische Gr\u00fcnde, f\u00fcr G8 die \u00e4u\u00dferen Rahmenbedingungen und ideologischen Gr\u00fcnde.<\/em><\/strong><\/p>\n<p>Es sprachen also KEINE fachlichen und p\u00e4dagogischen Gr\u00fcnde f\u00fcr G8. Es ist dem Protokollanten zu danken, dass er die Beweggr\u00fcnde der Gegner von G9 so deutlich formuliert hat. Aus organisatorischen und ideologischen! Gr\u00fcnden stimmmte der Rat der Stadt Winterberg mehrheitlich GEGEN einen fachlich und p\u00e4dagogisch sinnvollen Vorschlag. Das ist bemerkenswert und sollte in der aktuellen Diskussion nicht vergessen werden.<\/p>\n","protected":false},"excerpt":{"rendered":"<p>F\u00fcr Aufregung sorgte im Hochsauerland diese Woche die Meldung, dass im benachbarten Hessen Gymnasien zu G9, dem Abitur nach 13 Jahren zur\u00fcckkehren werden. G8 ist diskreditiert. Die Bildungspolitiker haben es &hellip; <a href=\"https:\/\/www.schiebener.net\/wordpress\/heute-vor-zwei-jahren-der-winterberger-rat-entscheidet-gegen-g9\/\" class=\"more-link\"><span class=\"screen-reader-text\">\u201eTurboabitur: Heute vor zwei Jahren entschied der Winterberger Rat gegen G9\u201c <\/span>weiterlesen<\/a><\/p>\n","protected":false},"author":42,"featured_media":0,"comment_status":"open","ping_status":"open","sticky":false,"template":"","format":"standard","meta":{"footnotes":""},"categories":[1,3,80],"tags":[4035,1341,4023,322],"class_list":["post-21153","post","type-post","status-publish","format-standard","hentry","category-allgemein","category-bildung-und-schule","category-lokales","tag-abitur","tag-g8","tag-g9","tag-winterberg"],"_links":{"self":[{"href":"https:\/\/www.schiebener.net\/wordpress\/wp-json\/wp\/v2\/posts\/21153","targetHints":{"allow":["GET"]}}],"collection":[{"href":"https:\/\/www.schiebener.net\/wordpress\/wp-json\/wp\/v2\/posts"}],"about":[{"href":"https:\/\/www.schiebener.net\/wordpress\/wp-json\/wp\/v2\/types\/post"}],"author":[{"embeddable":true,"href":"https:\/\/www.schiebener.net\/wordpress\/wp-json\/wp\/v2\/users\/42"}],"replies":[{"embeddable":true,"href":"https:\/\/www.schiebener.net\/wordpress\/wp-json\/wp\/v2\/comments?post=21153"}],"version-history":[{"count":0,"href":"https:\/\/www.schiebener.net\/wordpress\/wp-json\/wp\/v2\/posts\/21153\/revisions"}],"wp:attachment":[{"href":"https:\/\/www.schiebener.net\/wordpress\/wp-json\/wp\/v2\/media?parent=21153"}],"wp:term":[{"taxonomy":"category","embeddable":true,"href":"https:\/\/www.schiebener.net\/wordpress\/wp-json\/wp\/v2\/categories?post=21153"},{"taxonomy":"post_tag","embeddable":true,"href":"https:\/\/www.schiebener.net\/wordpress\/wp-json\/wp\/v2\/tags?post=21153"}],"curies":[{"name":"wp","href":"https:\/\/api.w.org\/{rel}","templated":true}]}}