{"id":20876,"date":"2012-10-25T22:44:43","date_gmt":"2012-10-25T21:44:43","guid":{"rendered":"http:\/\/www.schiebener.net\/wordpress\/?p=20876"},"modified":"2012-10-27T04:09:30","modified_gmt":"2012-10-27T03:09:30","slug":"umleitung-hier-wird-eine-trendwende-in-der-fotografie-gewittert-dem-medienflusterer-michael-strepp-gehuldigt-und-schlieslich-auf-das-das-alberne-treiben-erwachsener-manner-verlinkt","status":"publish","type":"post","link":"https:\/\/www.schiebener.net\/wordpress\/umleitung-hier-wird-eine-trendwende-in-der-fotografie-gewittert-dem-medienflusterer-michael-strepp-gehuldigt-und-schlieslich-auf-das-das-alberne-treiben-erwachsener-manner-verlinkt\/","title":{"rendered":"Umleitung: hier wird eine Trendwende in der Fotografie gewittert, dem Medienfl\u00fcsterer Michael Strepp gehuldigt und schlie\u00dflich auf das alberne Treiben erwachsener M\u00e4nner verlinkt."},"content":{"rendered":"<figure id=\"attachment_20878\" aria-describedby=\"caption-attachment-20878\" style=\"width: 512px\" class=\"wp-caption aligncenter\"><img loading=\"lazy\" decoding=\"async\" class=\"size-full wp-image-20878\" title=\"dsc_0301_2web\" src=\"http:\/\/www.schiebener.net\/wordpress\/wp-content\/uploads\/2012\/10\/dsc_0301_2web.jpg\" alt=\"dsc_0301_2web\" width=\"512\" height=\"262\" srcset=\"https:\/\/www.schiebener.net\/wordpress\/wp-content\/uploads\/2012\/10\/dsc_0301_2web.jpg 512w, https:\/\/www.schiebener.net\/wordpress\/wp-content\/uploads\/2012\/10\/dsc_0301_2web-300x153.jpg 300w\" sizes=\"auto, (max-width: 512px) 85vw, 512px\" \/><figcaption id=\"caption-attachment-20878\" class=\"wp-caption-text\">K\u00fcste bei Hunstanton (foto: chris)<\/figcaption><\/figure>\n<p><strong>Trendwende in der Fotografie?<\/strong> &#8222;Seit einiger Zeit werden meine Bilder immer unbunter; monochromatisch, Ton in Ton, ob in Portr\u00e4ts oder Landschaften, immer \u00f6fter aber: Schwarzwei\u00df. Mit ungew\u00f6hnlichen Optiken, mit Lochplatten, spartanischen Ein-Linsen-Systemen und Festbrennweiten ohne Autofokus und Elektronik, in Kombination mit DSLR-Kameras, obwohl ich in letzter Zeit wieder \u00fcberraschend viel mit analogem Material experimentiert habe&#8220; &#8230; <a href=\"http:\/\/blog.heikerost.com\/texte\/inspiration\/notizen-experimente\/#comments\" target=\"_blank\">heikerost<\/a><br \/>\n<strong><br \/>\nDeutsche Familienfreuden:<\/strong> Willkommen in einem Land, in dem ein Caf\u00e9besitzer am Prenzlauer Berg seinen Laden zur kinderfreien Zone erkl\u00e4rt hat. Kinder sind hier anscheinend eine Bel\u00e4stigung &#8230; <a href=\"http:\/\/www.revierpassagen.de\/13199\/familienfreuden-iv-kinderfreier-kaffee\/20121025_1425\" target=\"_blank\">revierpassagen<\/a><\/p>\n<p><strong>Journalisten zwischen Anpassung und Widerstand:<\/strong> &#8222;In meinem Journalisten-Dasein drohte mir ein Oberb\u00fcrgermeister vor Zeugen: \u00e2\u20ac\u017eSie mache ich fertig\u00e2\u20ac\u0153. Und schw\u00e4rzte mich beim Chefredakteur an.&#8220; &#8230; <a href=\"http:\/\/post-von-horn.de\/2012\/10\/25\/polit-drohungen\/\" target=\"_blank\">postvonhorn<\/a><\/p>\n<p><strong>Aus f\u00fcr den Streppenzieher:<\/strong> &#8222;Wegen seines plumpen Anrufs beim ZDF musste CSU- Sprecher Michael Strepp zur\u00fccktreten&#8220; &#8230; <a href=\"http:\/\/taz.de\/CSU-Sprecher-Strepp-zurueckgetreten\/!104290\/\" target=\"_blank\">taz<\/a><\/p>\n<p><strong>Die M\u00e4rtyrer der Bild und die Helden des ZDF:<\/strong> &#8222;Die allgemeine Entr\u00fcstung, die sich gerade in der schnappatmenden Hysterie der politischen Konkurrenz breit macht, ist eben auch ein St\u00fcck geheuchelte Aufregung. Ich wei\u00df nicht, wie oft ich in meinen journalistischen Leben von irgendjemandem angerufen worden bin&#8220; &#8230; <a href=\"http:\/\/www.blog-cj.de\/blog\/2012\/10\/25\/die-martyrer-der-bild-und-die-helden-des-zdf\/\" target=\"_blank\">jakblog<\/a><br \/>\n<strong><br \/>\nHans Michael Strepp &#8211;\u00a0 Step by Step:<\/strong> Dobrindt, Cornelia Pieper, R\u00f6sler, Seehofer, Strepp, S\u00f6der und Familienministerin Schr\u00f6der: anscheinend sind die an der Zahl \u00e2\u20ac\u01537\u00e2\u20ac\u00b3 fest gemachten Landplagen nicht nur in der religi\u00f6sen Sagenwelt zu verorten &#8230; <a href=\"http:\/\/www.neheims-netz.de\/?p=3532\" target=\"_blank\">neheimsnetz<\/a><\/p>\n<p><strong>Bildung:<\/strong> Die Studiengeb\u00fchrenbef\u00fcrworter machen wieder mobil &#8230; <a href=\"http:\/\/www.nachdenkseiten.de\/?p=14808\" target=\"_blank\">nachdenkseiten<\/a><\/p>\n<p><strong>Radsport:<\/strong> Der \u00e2\u20ac\u0161Fall\u00e2\u20ac\u02dc Lance Armstrong \u00e2\u20ac\u201c Der letzte \u00e2\u20ac\u0161Sargnagel\u00e2\u20ac\u02dc f\u00fcr den Profi-Radsport? &#8230; <a href=\"http:\/\/www.ruhrbarone.de\/radsport-der-fall-lance-armstrong-der-letzte-sargnagel-fuer-den-profi-radsport\/\" target=\"_blank\">ruhrbarone<\/a><\/p>\n<p><strong>Hagen \u00e2\u20ac\u017eGegen den Strom\u00e2\u20ac\u0153 &#8211; Sozialpolitik<\/strong>: Der Referent Ottmar Schreiner ist f\u00fcr die SPD seit 1980 Mitglied des Deutschen Bundestages und war von 2000-2012 Vorsitzender der Arbeitsgemeinschaft f\u00fcr Arbeitnehmerfragen &#8230; <a href=\"http:\/\/doppelwacholder.wordpress.com\/2012\/10\/25\/reihe-gegen-den-strom-sozialpolitik\/\" target=\"_blank\">doppelwacholder<\/a><\/p>\n<p><strong>Hochsauerland:<\/strong> vom Abfallentsorgungsbetrieb (AHSK) und seinen teuren Millionen &#8230; <a href=\"http:\/\/sbl-fraktion.de\/?p=2487\" target=\"_blank\">sbl<\/a><\/p>\n<p><strong>Nerdige Notwendigkeit oder spie\u00dfiger Alltag?<\/strong> Mit Gigabit ins Wohnzimmer\u00e2\u20ac\u00a6 endlich!\u00a0 Eine Bauanleitung \u00fcber mehrere Etagen &#8230; <a href=\"http:\/\/blog.schwenke.de\/2012\/mit-gigabit-ins-wohnzimmer-endlich#more-1630\" target=\"_blank\">schwenke<\/a><\/p>\n<p><strong>M\u00e4nner, Monarchie und Medebach:<\/strong> &#8222;Hoher Besuch bei den St.-Sebastianus-Sch\u00fctzen in Medebach: Seine K\u00f6nigliche und Kaiserliche Hoheit, Karl Erzherzog von Habsburg, war zum Abschluss des Jubil\u00e4umsjahres 2011 in der Sch\u00fctzenstadt zu Gast&#8220; &#8230; <a href=\"http:\/\/www.derwesten.de\/staedte\/nachrichten-aus-winterberg-medebach-und-hallenberg\/hoher-besuch-bei-den-schuetzen-id7222511.html\" target=\"_blank\">westfalenpost<\/a><\/p>\n","protected":false},"excerpt":{"rendered":"<p>Trendwende in der Fotografie? &#8222;Seit einiger Zeit werden meine Bilder immer unbunter; monochromatisch, Ton in Ton, ob in Portr\u00e4ts oder Landschaften, immer \u00f6fter aber: Schwarzwei\u00df. Mit ungew\u00f6hnlichen Optiken, mit Lochplatten, &hellip; <a href=\"https:\/\/www.schiebener.net\/wordpress\/umleitung-hier-wird-eine-trendwende-in-der-fotografie-gewittert-dem-medienflusterer-michael-strepp-gehuldigt-und-schlieslich-auf-das-das-alberne-treiben-erwachsener-manner-verlinkt\/\" class=\"more-link\"><span class=\"screen-reader-text\">\u201eUmleitung: hier wird eine Trendwende in der Fotografie gewittert, dem Medienfl\u00fcsterer Michael Strepp gehuldigt und schlie\u00dflich auf das alberne Treiben erwachsener M\u00e4nner verlinkt.\u201c <\/span>weiterlesen<\/a><\/p>\n","protected":false},"author":3,"featured_media":0,"comment_status":"open","ping_status":"open","sticky":false,"template":"","format":"standard","meta":{"footnotes":""},"categories":[1075,2620,674,80,32,24,2782,71,3096],"tags":[1433,81,1746,4006,4007,1562],"class_list":["post-20876","post","type-post","status-publish","format-standard","hentry","category-frauen","category-frauenpolitik","category-kultur","category-lokales","category-medien","category-politik","category-satire","category-sport","category-urbanes-wohnen","tag-fotografie","tag-kinder","tag-lance-armstrong","tag-michael-strepp","tag-ottmar-schreiner","tag-studiengebuhren"],"_links":{"self":[{"href":"https:\/\/www.schiebener.net\/wordpress\/wp-json\/wp\/v2\/posts\/20876","targetHints":{"allow":["GET"]}}],"collection":[{"href":"https:\/\/www.schiebener.net\/wordpress\/wp-json\/wp\/v2\/posts"}],"about":[{"href":"https:\/\/www.schiebener.net\/wordpress\/wp-json\/wp\/v2\/types\/post"}],"author":[{"embeddable":true,"href":"https:\/\/www.schiebener.net\/wordpress\/wp-json\/wp\/v2\/users\/3"}],"replies":[{"embeddable":true,"href":"https:\/\/www.schiebener.net\/wordpress\/wp-json\/wp\/v2\/comments?post=20876"}],"version-history":[{"count":0,"href":"https:\/\/www.schiebener.net\/wordpress\/wp-json\/wp\/v2\/posts\/20876\/revisions"}],"wp:attachment":[{"href":"https:\/\/www.schiebener.net\/wordpress\/wp-json\/wp\/v2\/media?parent=20876"}],"wp:term":[{"taxonomy":"category","embeddable":true,"href":"https:\/\/www.schiebener.net\/wordpress\/wp-json\/wp\/v2\/categories?post=20876"},{"taxonomy":"post_tag","embeddable":true,"href":"https:\/\/www.schiebener.net\/wordpress\/wp-json\/wp\/v2\/tags?post=20876"}],"curies":[{"name":"wp","href":"https:\/\/api.w.org\/{rel}","templated":true}]}}