{"id":20594,"date":"2012-10-11T17:03:35","date_gmt":"2012-10-11T16:03:35","guid":{"rendered":"http:\/\/www.schiebener.net\/wordpress\/?p=20594"},"modified":"2012-10-11T17:05:24","modified_gmt":"2012-10-11T16:05:24","slug":"piraten-im-hsk-bedauern-aktuelle-planungen-zur-a46","status":"publish","type":"post","link":"https:\/\/www.schiebener.net\/wordpress\/piraten-im-hsk-bedauern-aktuelle-planungen-zur-a46\/","title":{"rendered":"Piraten im HSK bedauern aktuelle Planungen zur A\u00a046"},"content":{"rendered":"<p><img loading=\"lazy\" decoding=\"async\" class=\"alignleft size-full wp-image-2182\" title=\"In unserem Briefkasten\" src=\"http:\/\/www.schiebener.net\/wordpress\/wp-content\/uploads\/2009\/02\/lt_briefkasten01.jpg\" alt=\"In unserem Briefkasten\" width=\"120\" height=\"91\" \/><strong>Am 11. Oktober 2012 ver\u00f6ffentlichte der Minister f\u00fcr Bauen, Wohnen, Stadtentwicklung und Verkehr die Antworten einer kleinen Anfrage des Abgeordneten der Piraten Robert Stein bez\u00fcglich der aktuellen\u00a0Entwicklung des A&nbsp;46 L\u00fcckenschlusses zwischen Iserlohn\/Hemer und Neheim.<\/strong><\/p>\n<p>Demnach soll nur noch die Trasse von Iserlohn\/Hemer bis Menden erschlossen werden, nicht aber bis nach Neheim. F\u00fcr den Bau der A&nbsp;46 zwischen Iserlohn\/Hemer und Neheim sind aktuell 250 Mio. Euro\u00a0veranschlagt. Der Kreistag, sowie die zust\u00e4ndigen Stadtr\u00e4te h\u00e4tten sich weiterhin noch nicht auf eine Trassenf\u00fchrung geeinigt.<\/p>\n<p>Die Piratenpartei im Hochsauerlandkreis bedauert die aktuellen Pl\u00e4ne der Landesregierung, die Trasse nicht wie geplant an Neheim anzuschlie\u00dfen.<\/p>\n<p>Eine gut ausgebaute Infrastruktur st\u00e4rkt die Wirtschaft im Hochsauerlandkreis, entlastet die Bundesstra\u00dfen 7 und 515 sowie die\u00a0Bundesautobahn 44 und vermindert somit den Durchgangsverkehr in angrenzenden St\u00e4dten an die A&nbsp;46.<\/p>\n<p>Auch weiterhin wird sich die Piratenpartei im Hochsauerlandkreis f\u00fcr den<br \/>\nL\u00fcckenschluss der A&nbsp;46 einsetzen um die Anbindung der Region zu verbessern.<\/p>\n<p>[1] Antwort der kleinen Anfrage des Abgeordneten Robert Stein (PIRATEN)<\/p>\n<p><a class=\"ulink\" title=\"http:\/\/www.landtag.nrw.de\/portal\/WWW\/dokumentenarchiv\/Dokument?Id=MMD16\/1063&amp;quelle=alle\" href=\"http:\/\/www.landtag.nrw.de\/portal\/WWW\/dokumentenarchiv\/Dokument?Id=MMD16\/1063&amp;quelle=alle\" target=\"_blank\">http:\/\/www.landtag.nrw.de\/portal\/WWW\/dokumentenarchiv\/Dokument?Id=MMD16\/1063&amp;quelle=alle<\/a><\/p>\n","protected":false},"excerpt":{"rendered":"<p>Am 11. Oktober 2012 ver\u00f6ffentlichte der Minister f\u00fcr Bauen, Wohnen, Stadtentwicklung und Verkehr die Antworten einer kleinen Anfrage des Abgeordneten der Piraten Robert Stein bez\u00fcglich der aktuellen\u00a0Entwicklung des A&nbsp;46 L\u00fcckenschlusses &hellip; <a href=\"https:\/\/www.schiebener.net\/wordpress\/piraten-im-hsk-bedauern-aktuelle-planungen-zur-a46\/\" class=\"more-link\"><span class=\"screen-reader-text\">\u201ePiraten im HSK bedauern aktuelle Planungen zur A\u00a046\u201c <\/span>weiterlesen<\/a><\/p>\n","protected":false},"author":17,"featured_media":0,"comment_status":"open","ping_status":"open","sticky":false,"template":"","format":"standard","meta":{"footnotes":""},"categories":[303,80,1043,618],"tags":[3021,835,561,655],"class_list":["post-20594","post","type-post","status-publish","format-standard","hentry","category-in-unserem-briefkasten","category-lokales","category-pressemitteilungen","category-verkehr","tag-a-46","tag-hochsauerlandkreis","tag-piraten","tag-pressemitteilung"],"_links":{"self":[{"href":"https:\/\/www.schiebener.net\/wordpress\/wp-json\/wp\/v2\/posts\/20594","targetHints":{"allow":["GET"]}}],"collection":[{"href":"https:\/\/www.schiebener.net\/wordpress\/wp-json\/wp\/v2\/posts"}],"about":[{"href":"https:\/\/www.schiebener.net\/wordpress\/wp-json\/wp\/v2\/types\/post"}],"author":[{"embeddable":true,"href":"https:\/\/www.schiebener.net\/wordpress\/wp-json\/wp\/v2\/users\/17"}],"replies":[{"embeddable":true,"href":"https:\/\/www.schiebener.net\/wordpress\/wp-json\/wp\/v2\/comments?post=20594"}],"version-history":[{"count":0,"href":"https:\/\/www.schiebener.net\/wordpress\/wp-json\/wp\/v2\/posts\/20594\/revisions"}],"wp:attachment":[{"href":"https:\/\/www.schiebener.net\/wordpress\/wp-json\/wp\/v2\/media?parent=20594"}],"wp:term":[{"taxonomy":"category","embeddable":true,"href":"https:\/\/www.schiebener.net\/wordpress\/wp-json\/wp\/v2\/categories?post=20594"},{"taxonomy":"post_tag","embeddable":true,"href":"https:\/\/www.schiebener.net\/wordpress\/wp-json\/wp\/v2\/tags?post=20594"}],"curies":[{"name":"wp","href":"https:\/\/api.w.org\/{rel}","templated":true}]}}