{"id":20461,"date":"2012-09-29T22:25:23","date_gmt":"2012-09-29T21:25:23","guid":{"rendered":"http:\/\/www.schiebener.net\/wordpress\/?p=20461"},"modified":"2012-09-29T22:25:23","modified_gmt":"2012-09-29T21:25:23","slug":"umleitung-von-der-gastroenteritis-bis-zu-den-musikalischen-ritualmordlegenden-von-xavier-naidoo","status":"publish","type":"post","link":"https:\/\/www.schiebener.net\/wordpress\/umleitung-von-der-gastroenteritis-bis-zu-den-musikalischen-ritualmordlegenden-von-xavier-naidoo\/","title":{"rendered":"Umleitung: Von der Gastroenteritis bis zu den musikalischen Ritualmordlegenden von Xavier Naidoo."},"content":{"rendered":"<figure id=\"attachment_20462\" aria-describedby=\"caption-attachment-20462\" style=\"width: 215px\" class=\"wp-caption alignleft\"><img loading=\"lazy\" decoding=\"async\" class=\"size-full wp-image-20462  \" title=\"mond20120092901\" src=\"http:\/\/www.schiebener.net\/wordpress\/wp-content\/uploads\/2012\/09\/mond20120092901.jpg\" alt=\"Laufend: Mond \u00fcber dem Tal der Namenlose zwischen zwei Stromkabeln (foto: zoom)\" width=\"215\" height=\"161\" srcset=\"https:\/\/www.schiebener.net\/wordpress\/wp-content\/uploads\/2012\/09\/mond20120092901.jpg 512w, https:\/\/www.schiebener.net\/wordpress\/wp-content\/uploads\/2012\/09\/mond20120092901-300x225.jpg 300w\" sizes=\"auto, (max-width: 215px) 85vw, 215px\" \/><figcaption id=\"caption-attachment-20462\" class=\"wp-caption-text\">Laufend: Mond \u00fcber dem Tal der Namenlose zwischen zwei Stromkabeln (foto: zoom)<\/figcaption><\/figure>\n<p><strong>Gastroenteritis:<\/strong> Norovirus oder Toxine von toxinbildenden Bakterien? Epidemiologischer Lagebericht des Robert Koch Instituts &#8230; <a href=\"http:\/\/www.rki.de\/DE\/Home\/Epid_Lagebericht.pdf?__blob=publicationFile\" target=\"_blank\">rki<\/a><\/p>\n<p><strong>Die popul\u00e4rste Trickgrafik der Klimaskeptiker:<\/strong> &#8222;Wir nehmen es unter die Lupe und zeigen, wie die Grafik korrekt aussehen w\u00fcrde&#8220; &#8230; <a href=\"http:\/\/www.scilogs.de\/wblogs\/blog\/klimalounge\/klimadaten\/2012-09-27\/die-populaerste-trickgrafik-der-klimaskeptiker-vahrenholt\" target=\"_blank\">wissenslogs<\/a><\/p>\n<p><strong>Beschneidungsdebatte:<\/strong> &#8222;S\u00e4kulare Moralapostel &#8230; Mittlerweile muss der Staat sogar eine Jahrtausende alte Tradition wie die Beschneidung von Jungen gesetzlich regeln. Das zwingt ihm unter Umst\u00e4nden Debatten auf, die die Idee des Rechtsstaates, das friedliche Zusammenleben von Menschen zu erm\u00f6glichen, in ihr Gegenteil verkehren&#8220;, meint Frank L\u00fcbberding &#8230; <a href=\"http:\/\/www.wiesaussieht.de\/2012\/09\/26\/sakulare-moralapostel-eine-urteilslekture\/\" target=\"_blank\">wiesaussieht<\/a><\/p>\n<p><strong>Ex-Fu\u00dfballer beschreibt Doping in Italien:<\/strong> &#8222;Almeyda hat ein Buch geschrieben: \u00e2\u20ac\u0153Almeyda: Life and Soul\u00e2\u20ac\u009d. Dort schreibt er \u00fcber Depressionen, Alkohol, abgesprochene Spiele und Doping. In seiner Zeit beim AC Parma von 2000 bis 2002 h\u00e4tten er und seine Mitspieler vor den Spielen eine Fl\u00fcssigkeit intraven\u00f6s gespritzt bekamen&#8220; &#8230; <a href=\"http:\/\/www.derwesten-recherche.org\/2012\/09\/ex-fusballer-beschreibt-doping-in-italien-bis-an-die-decke-gesprungen\/\" target=\"_blank\">wazrechercheblog<\/a><\/p>\n<p><strong>Die St\u00e4dte im Ruhrgebiet:<\/strong> Keine Ideen, keine Konzepte, ohne Mut &#8230; <a href=\"http:\/\/post-von-horn.de\/2012\/09\/28\/keine-ideen-keine-konzept-kein-mut\/\" target=\"_blank\">postvonhorn<\/a><\/p>\n<p><strong>Amtlich:<\/strong> So schnell werden die Reichen reicher &#8230; <a href=\"http:\/\/www.misik.at\/sonstige\/amtlich-so-schnell-werden-die-reichen-reicher.php#more\" target=\"_blank\">misik<\/a><\/p>\n<p><strong>Jugend, Bildung und G8:<\/strong> &#8222;Nehmt unseren Schulstress ernst. Ich bin derzeit in der 12. Klasse \u00e2\u20ac\u201c also in meinem letzten Schuljahr. Seit 2005 m\u00fcssen wir Sch\u00fcler in Nordrhein-Westfalen unser Abitur in acht Jahren statt in neun schaffen. In den letzten Jahren mussten wir deswegen so viel pauken wie sonst noch nie, denn uns fehlte ein gesamtes Schuljahr, das wir aufholen mussten&#8220; &#8230; <a href=\"http:\/\/wasbildetihrunsein.de\/2012\/09\/25\/nehmt-unseren-schulstress-ernst\/\" target=\"_blank\">wasbildetihrunsein<\/a><\/p>\n<p><strong>Bye bye Sauerland:<\/strong> Hello M\u00fcnster &#8211; &#8222;Zum Thema \u00e2\u20ac\u0153Makler\u00e2\u20ac\u009d k\u00f6nnte ich \u00fcbrigens eine eigene Rubrik er\u00f6ffnen&#8220;  &#8230; <a href=\"http:\/\/daniel-koehne.de\/mixtape\/bye-bye-sauerland\/\" target=\"_blank\">danielsmixtape<\/a><\/p>\n<p><strong>Hagen &#8211; Sozialer Besitzstand in Europa:<\/strong> Das Dimitris-Tsatsos-Institut f\u00fcr Europ\u00e4ische Verfassungswissenschaften der FernUniversit\u00e4t in Hagen l\u00e4dt ein zu einem Vortrag von Prof. Dr. Julia Iliopoulos-Strangas, Juristische Fakult\u00e4t der Universit\u00e4t Athen &#8230; <a href=\"http:\/\/doppelwacholder.wordpress.com\/2012\/09\/29\/sozialer-besitzstand-in-europa\/\" target=\"_blank\">doppelwacholder<\/a><\/p>\n<p><strong>Tipp-Reportage \u00e2\u20ac\u0153AufRuhr\u00e2\u20ac\u009d \u00e2\u20ac\u201c DER BOGEN ist mit dabei:<\/strong> Am ersten \u00e2\u20ac\u0153Tag des Offenen Ateliers\u00e2\u20ac\u009d, am Sonntag, dem 30. September 2012, \u00f6ffnen fast 40 K\u00fcnstlerinnen und K\u00fcnstler in den vier \u00e2\u20ac\u0153AufRuhr\u00e2\u20ac\u009d-St\u00e4dten ihre Ateliers und Werkst\u00e4tten und gew\u00e4hren sehr pers\u00f6nliche Einblicke in ihr Schaffen &#8230; <a href=\"http:\/\/www.neheims-netz.de\/?p=3400\" target=\"_blank\">neheimsnetz<\/a><\/p>\n<p><strong>Musikalische Ritualmordlegenden:<\/strong> Wenn Heino und Chris\u00adtian Anders als Deutsch-Rapper in Erschei\u00adnung tre\u00adten w\u00fcr\u00adden, muss sich das so anh\u00f6\u00adren wie die Ges\u00e4nge von Savas und Naidoo &#8230;<a href=\"http:\/\/reflexion-blog.com\/?p=2931\" target=\"_blank\">reflexion<\/a><\/p>\n<p><strong>Der perfekte Wallander:<\/strong> Aus keinem aktuellen Anlass, einfach weil ich gerade mal wieder einen  Wallander gelesen habe, stellt sich mir die Frage: \u00e2\u20ac\u0153Welcher Schauspieler verk\u00f6rpert den schwedischen Kommissar aus Mankells Feder denn eigentlich am besten?\u00e2\u20ac\u009d, fragt sich &#8230; <a href=\"http:\/\/wutzeline.wordpress.com\/2012\/09\/23\/der-perfekte-wallander\/\" target=\"_blank\">wutzeline<\/a><\/p>\n<p><strong><strong>Meilensteine der Popmusik:<\/strong><\/strong> Fleetwood Mac &#8230; <a href=\"http:\/\/www.revierpassagen.de\/12444\/meilensteine-der-popmusik-19-fleetwood-mac\/20120927_1419\" target=\"_blank\">revierpassagen<\/a><\/p>\n<p><strong>Der Hobbit und der Helmut:<\/strong> Und komisch, da kommt mir das zweite Jubil\u00e4um dieser Woche in den Sinn. Dieses wird mit h\u00f6herem publizistischem Interesse gefeiert als das \u00e2\u20ac\u0153Hobbit-Jubil\u00e4um\u00e2\u20ac\u009d &#8230; <a href=\"http:\/\/www.sauerland-blog.com\/die-woche-der-jubilaen\/#comments\" target=\"_blank\">sauerlandblog<\/a><\/p>\n<p><strong>Obere Ruhrtalbahn:<\/strong> Der Kreistag befa\u00dfte sich am Freitag auch mit den Pl\u00e4nner der Bahn-Tochtergesellschaft DB Netz f\u00fcr die Sanierung von 3 langen Tunneln der Oberen Ruhrtalbahn. Alle waren sich einig, dass die von DB Netz angek\u00fcndigte Einspurigkeit sehr nachteilige Auswirkungen h\u00e4tte und daher verhindert werden m\u00fcsse &#8230; <a href=\"http:\/\/sbl-fraktion.de\/?p=2417\" target=\"_blank\">sbl<\/a><\/p>\n","protected":false},"excerpt":{"rendered":"<p>Gastroenteritis: Norovirus oder Toxine von toxinbildenden Bakterien? Epidemiologischer Lagebericht des Robert Koch Instituts &#8230; rki Die popul\u00e4rste Trickgrafik der Klimaskeptiker: &#8222;Wir nehmen es unter die Lupe und zeigen, wie die &hellip; <a href=\"https:\/\/www.schiebener.net\/wordpress\/umleitung-von-der-gastroenteritis-bis-zu-den-musikalischen-ritualmordlegenden-von-xavier-naidoo\/\" class=\"more-link\"><span class=\"screen-reader-text\">\u201eUmleitung: Von der Gastroenteritis bis zu den musikalischen Ritualmordlegenden von Xavier Naidoo.\u201c <\/span>weiterlesen<\/a><\/p>\n","protected":false},"author":3,"featured_media":0,"comment_status":"open","ping_status":"open","sticky":false,"template":"","format":"standard","meta":{"footnotes":""},"categories":[3,674,80,32,27,5,24,49,71,379,618],"tags":[3753,3944,1341,1512,3945,1982,3942,1511,3943],"class_list":["post-20461","post","type-post","status-publish","format-standard","hentry","category-bildung-und-schule","category-kultur","category-lokales","category-medien","category-musik","category-naturwissenschaft","category-politik","category-religion","category-sport","category-umleitung","category-verkehr","tag-beschneidung","tag-fleetwood-mac","tag-g8","tag-helmut-kohl","tag-hobbit","tag-klimawandel","tag-norovirus","tag-ruhrtal","tag-wallander"],"_links":{"self":[{"href":"https:\/\/www.schiebener.net\/wordpress\/wp-json\/wp\/v2\/posts\/20461","targetHints":{"allow":["GET"]}}],"collection":[{"href":"https:\/\/www.schiebener.net\/wordpress\/wp-json\/wp\/v2\/posts"}],"about":[{"href":"https:\/\/www.schiebener.net\/wordpress\/wp-json\/wp\/v2\/types\/post"}],"author":[{"embeddable":true,"href":"https:\/\/www.schiebener.net\/wordpress\/wp-json\/wp\/v2\/users\/3"}],"replies":[{"embeddable":true,"href":"https:\/\/www.schiebener.net\/wordpress\/wp-json\/wp\/v2\/comments?post=20461"}],"version-history":[{"count":0,"href":"https:\/\/www.schiebener.net\/wordpress\/wp-json\/wp\/v2\/posts\/20461\/revisions"}],"wp:attachment":[{"href":"https:\/\/www.schiebener.net\/wordpress\/wp-json\/wp\/v2\/media?parent=20461"}],"wp:term":[{"taxonomy":"category","embeddable":true,"href":"https:\/\/www.schiebener.net\/wordpress\/wp-json\/wp\/v2\/categories?post=20461"},{"taxonomy":"post_tag","embeddable":true,"href":"https:\/\/www.schiebener.net\/wordpress\/wp-json\/wp\/v2\/tags?post=20461"}],"curies":[{"name":"wp","href":"https:\/\/api.w.org\/{rel}","templated":true}]}}