{"id":20395,"date":"2012-09-27T16:17:46","date_gmt":"2012-09-27T15:17:46","guid":{"rendered":"http:\/\/www.schiebener.net\/wordpress\/?p=20395"},"modified":"2012-09-27T16:26:22","modified_gmt":"2012-09-27T15:26:22","slug":"erzahlcafe-zum-20-todestag-von-willy-brandt","status":"publish","type":"post","link":"https:\/\/www.schiebener.net\/wordpress\/erzahlcafe-zum-20-todestag-von-willy-brandt\/","title":{"rendered":"Erz\u00e4hlcafe zum 20. Todestag von Willy Brandt"},"content":{"rendered":"<figure id=\"attachment_20396\" aria-describedby=\"caption-attachment-20396\" style=\"width: 256px\" class=\"wp-caption alignright\"><img loading=\"lazy\" decoding=\"async\" class=\"size-full wp-image-20396 \" title=\"willybrandt\" src=\"http:\/\/www.schiebener.net\/wordpress\/wp-content\/uploads\/2012\/09\/willybrandt.jpg\" alt=\"Willy Brand (foto: spd)\" width=\"256\" height=\"326\" srcset=\"https:\/\/www.schiebener.net\/wordpress\/wp-content\/uploads\/2012\/09\/willybrandt.jpg 320w, https:\/\/www.schiebener.net\/wordpress\/wp-content\/uploads\/2012\/09\/willybrandt-235x300.jpg 235w\" sizes=\"auto, (max-width: 256px) 85vw, 256px\" \/><figcaption id=\"caption-attachment-20396\" class=\"wp-caption-text\">Willy Brand (foto: spd)<\/figcaption><\/figure>\n<p><strong>Meschede. (<a href=\"http:\/\/www.hsk-spd.de\/index.php?nr=48619&amp;menu=1\" target=\"_blank\">spd_pm<\/a>) Am 8. Oktober j\u00e4hrt sich der Todestag von Willy Brandt zum 20. Mal. Viele B\u00fcrgerinnen und B\u00fcrger haben Erinnerungen an seine beeindruckende und charismatische Pers\u00f6nlichkeit. Nicht zuletzt besonders an den Wahlkampf 1972 unter dem Motto &#8222;Willy w\u00e4hlen&#8220;. <\/strong><\/p>\n<p>Der Arbeitskreis &#8222;Parteijubil\u00e4um 2013 &#8211; 150 Jahre SPD&#8220; und die AG60plus im HSK laden am 8. Oktober um 15 Uhr zu einem Erz\u00e4hlcaf\u00e9 nach Meschede in die Gastst\u00e4tte &#8222;Pulverturm&#8220; (Pulverturmstra\u00dfe 35, 59872 Meschede) ein.<\/p>\n<p>Im Mittelpunkt stehen dabei die Erz\u00e4hlungen, Geschichten, Anekdoten und Erlebnisse von B\u00fcrgerinnen und B\u00fcrgern mit Willy Brandt.<\/p>\n<p>Gerade f\u00fcr die j\u00fcngere Generation eine einmalige Chance, kennt sie doch viele Berichte \u00fcber Willy Brandt nur aus B\u00fcchern oder dem Fernsehen. Der fr\u00fchere SPD-Parteivorsitzende und Bundeskanzler ist auch in der Sauerl\u00e4nder SPD unvergessen.<\/p>\n<p>Mit ihm verkn\u00fcpfen \u00e4ltere noch heute die Erinnerung an eine Zeit des Aufbruchs. Viele traten in den 1960er und Anfang der 1970er Jahre nicht zuletzt wegen seiner Person in die SPD ein. Unvergessen ist noch heute die Begeisterung und das gro\u00dfe Engagement der \u00e2\u20ac\u017eWilly-Wahl\u00e2\u20ac\u0153 von 1972.<\/p>\n<p>Seine diversen Besuche in unserer Region bergen sicher noch unbekannte Erlebnisse, auf deren Schilderung man gespannt sein darf.<\/p>\n<p>Ein kurzweiliger, unterhaltsamer Nachmittag in der Pulverturmgastst\u00e4tte ist garantiert.<\/p>\n<p>Weitere Informationen zur Arbeit der HSK-SPD unter <a href=\"http:\/\/www.hsk-spd.de\" target=\"_blank\">www.hsk-spd.de<\/a>.<\/p>\n<p>Ein <a href=\"http:\/\/www.schiebener.net\/wordpress\/?p=7175\" target=\"_blank\">Besuch im Willy-Brandt-Haus in L\u00fcbeck<\/a> vor \u00fcber zweieinhalb Jahren.<\/p>\n","protected":false},"excerpt":{"rendered":"<p>Meschede. (spd_pm) Am 8. Oktober j\u00e4hrt sich der Todestag von Willy Brandt zum 20. Mal. Viele B\u00fcrgerinnen und B\u00fcrger haben Erinnerungen an seine beeindruckende und charismatische Pers\u00f6nlichkeit. Nicht zuletzt besonders &hellip; <a href=\"https:\/\/www.schiebener.net\/wordpress\/erzahlcafe-zum-20-todestag-von-willy-brandt\/\" class=\"more-link\"><span class=\"screen-reader-text\">\u201eErz\u00e4hlcafe zum 20. Todestag von Willy Brandt\u201c <\/span>weiterlesen<\/a><\/p>\n","protected":false},"author":17,"featured_media":0,"comment_status":"open","ping_status":"open","sticky":false,"template":"","format":"standard","meta":{"footnotes":""},"categories":[319,303,80,24,1043],"tags":[655,1382,13,1394],"class_list":["post-20395","post","type-post","status-publish","format-standard","hentry","category-geschichte","category-in-unserem-briefkasten","category-lokales","category-politik","category-pressemitteilungen","tag-pressemitteilung","tag-pulverturm","tag-spd","tag-willy-brandt"],"_links":{"self":[{"href":"https:\/\/www.schiebener.net\/wordpress\/wp-json\/wp\/v2\/posts\/20395","targetHints":{"allow":["GET"]}}],"collection":[{"href":"https:\/\/www.schiebener.net\/wordpress\/wp-json\/wp\/v2\/posts"}],"about":[{"href":"https:\/\/www.schiebener.net\/wordpress\/wp-json\/wp\/v2\/types\/post"}],"author":[{"embeddable":true,"href":"https:\/\/www.schiebener.net\/wordpress\/wp-json\/wp\/v2\/users\/17"}],"replies":[{"embeddable":true,"href":"https:\/\/www.schiebener.net\/wordpress\/wp-json\/wp\/v2\/comments?post=20395"}],"version-history":[{"count":0,"href":"https:\/\/www.schiebener.net\/wordpress\/wp-json\/wp\/v2\/posts\/20395\/revisions"}],"wp:attachment":[{"href":"https:\/\/www.schiebener.net\/wordpress\/wp-json\/wp\/v2\/media?parent=20395"}],"wp:term":[{"taxonomy":"category","embeddable":true,"href":"https:\/\/www.schiebener.net\/wordpress\/wp-json\/wp\/v2\/categories?post=20395"},{"taxonomy":"post_tag","embeddable":true,"href":"https:\/\/www.schiebener.net\/wordpress\/wp-json\/wp\/v2\/tags?post=20395"}],"curies":[{"name":"wp","href":"https:\/\/api.w.org\/{rel}","templated":true}]}}