{"id":20386,"date":"2012-09-26T19:53:48","date_gmt":"2012-09-26T18:53:48","guid":{"rendered":"http:\/\/www.schiebener.net\/wordpress\/?p=20386"},"modified":"2012-09-26T19:54:56","modified_gmt":"2012-09-26T18:54:56","slug":"freienohl-nur-halb-so-gros-wie-der-mescheder-friedhof-aber-doppelt-so-tot","status":"publish","type":"post","link":"https:\/\/www.schiebener.net\/wordpress\/freienohl-nur-halb-so-gros-wie-der-mescheder-friedhof-aber-doppelt-so-tot\/","title":{"rendered":"Freienohl &#8211;  nur halb so gro\u00df wie der Mescheder Friedhof, aber doppelt so tot?"},"content":{"rendered":"<figure id=\"attachment_20387\" aria-describedby=\"caption-attachment-20387\" style=\"width: 256px\" class=\"wp-caption alignleft\"><a href=\"http:\/\/commons.wikimedia.org\/wiki\/File:Bahnhof_Freienohl_2.jpg\" target=\"_blank\"><img loading=\"lazy\" decoding=\"async\" class=\"size-full wp-image-20387\" title=\"freienohlbhf01\" src=\"http:\/\/www.schiebener.net\/wordpress\/wp-content\/uploads\/2012\/09\/freienohlbhf01.jpg\" alt=\"Bahnhof Freienohl (foto: Stefan Fl\u00f6pner***)\" width=\"256\" height=\"192\" \/><\/a><figcaption id=\"caption-attachment-20387\" class=\"wp-caption-text\">Bahnhof Freienohl (foto: Stefan Fl\u00f6pner***)<\/figcaption><\/figure>\n<p><strong>Freienohl &#8211;\u00a0 nur halb so gro\u00df wie der Mescheder Friedhof, aber doppelt so tot? Mit Sicherheit nicht,  aber nachdem Schlecker dicht gemacht hat, schlie\u00dft nun auch das letzte Schuhgesch\u00e4ft.<br \/>\n<\/strong><br \/>\nB\u00fcrgermeister Hess sagt: \u00e2\u20ac\u017eDer Ortskern ist leer gelaufen.\u00e2\u20ac\u0153<\/p>\n<p><strong>Die Frequenzbringer hat man vor dem Ort siedeln lassen.<\/strong> Damit ist die Laufkundschaft weg, denen ein Schuhgesch\u00e4ft seine neue Kollektion zeigen m\u00f6chte. Wenn jetzt auch noch die alte Schule im Zentrum f\u00fcr 60.000 \u00e2\u201a\u00ac weg gerissen wird und nur eine Platzgestaltung dorthin kommt, dann ist auch die Stadtplanung \u00e2\u20ac\u017eleer gelaufen\u00e2\u20ac\u0153.<\/p>\n<p>Dann \u00fcbernimmt der gestaltete Platz die Funktion eines Mahnmals und warnt vor solch einer Fehlentwicklungen.<\/p>\n<p><strong>Zitat aus der <a href=\"http:\/\/www.derwesten.de\/staedte\/nachrichten-aus-meschede-eslohe-bestwig-und-schmallenberg\/was-soll-nur-aus-freienohl-werden-id7121115.html\" target=\"_blank\">WR vom 22.09.12<\/a><\/strong><br \/>\n\u00e2\u20ac\u017e&#8230; Denn abseits des Zentrums, eingangs von Freienohl, sp\u00e4testens mit der Er\u00f6ffnung von Edeka, \u00e2\u20ac\u0153brummt\u00e2\u20ac\u0153 es in den M\u00e4rkten an der Bahnhofsstra\u00dfe durchaus.\u00e2\u20ac\u0153<\/p>\n<p>Wie definiert der der Deutsche Verband f\u00fcr Wohnungswesen, St\u00e4dtebau und Raumordnung e.V. den Begriff <strong>Frequenzbringer?<\/strong><\/p>\n<p><a href=\"http:\/\/www.dssw.de\/glossar.html?&amp;tx_datamintsglossaryindex_pi1[uid]=18\" target=\"_blank\">http:\/\/www.dssw.de\/glossar.html?&amp;tx_datamintsglossaryindex_pi1[uid]=18<\/a><\/p>\n<p>\u00e2\u20ac\u017eAls Frequenzbringer werden <strong>Kundenmagnete<\/strong> bezeichnet, die zahlreiche Kunden aus unterschiedlichen K\u00e4ufergruppen anziehen und somit Kundenstr\u00f6me erzeugen. F\u00fcr die umliegenden, f\u00fcr sich allein genommen weniger stark frequentierten Gesch\u00e4fte ergeben sich hieraus meist wertvolle <strong>Mitnahmeeffekte<\/strong> (unser Schuhgesch\u00e4ft). <strong>In der Regel ist in allen Gesch\u00e4fts-\/Einkaufszonen mindestens ein Frequenzbringer vorzufinden<\/strong>.\u00e2\u20ac\u0153<\/p>\n<p><strong>An anderer Stelle hei\u00dft es:<\/strong><\/p>\n<p>\u00e2\u20ac\u017e&#8230; . Neben dem Wegfall kann auch eine Verlagerung eines Frequenzbringers erhebliche Auswirkungen haben: Die Passantenstr\u00f6me am Standort werden geringer, die Ums\u00e4tze im Einzelhandel gehen zur\u00fcck und die Kaufkraftbindung der Innenstadt nimmt ab.\u00e2\u20ac\u0153<\/p>\n<p><strong>Hat man diese Entwicklung nicht wissen oder vorhersehen k\u00f6nnen?<\/strong><\/p>\n<p>2006 &#8211; also bevor Edeka gebaut hat \u00e2\u20ac\u201c gab die Stadt Meschede ein Gutachten in Auftrag. Was es ausgesagt hat, wei\u00df ich nicht, wenn es aber davor gewarnt hat Edeka vor dem Ort siedeln zu lassen, war es ein gutes Gutachten.<\/p>\n<p><strong>Der Fehler liegt schlicht daran<\/strong>, die Frequenzbringer au\u00dferhalb des Ortszentrum anzusiedeln.<\/p>\n<p>Dies soll deshalb erfolgt sein, weil die verschiedenen Einzel-Eigent\u00fcmer nicht alle zusammen eine ausreichend gro\u00dfe Fl\u00e4che f\u00fcr einen Frequenzbringer im Ortszentrum zum Verkauf angeboten haben sollen.<\/p>\n<p><strong>Wenn das stimmt<\/strong>, haben sich diese Leute f\u00fcr eine massive Entwertung des Ortskerns ausgesprochen und ob bei einem solchen Verhalten ein weiteres Gutachten f\u00fcr 7.500 \u00e2\u201a\u00ac weiter hilft, wage ich zu bezweifeln.<\/p>\n<p><strong>Wenn Freienohl daran etwas \u00e4ndern will<\/strong>, stehen die B\u00fcrger vor einer Herkulesaufgabe, die meiner Meinung nach nur mit einer intakten Gemeinschaft und vielleicht auch in der Genossenschaftsform zu stemmen ist. Dann aber, kann sich jeder einbringen und beteiligen.<\/p>\n<p><em>*** Bildquelle: By Stefan Fl\u00f6per [CC-BY-SA-3.0 (<\/em><a href=\"http:\/\/creativecommons.org\/licenses\/by-sa\/3.0\" target=\"_blank\"><em>http:\/\/creativecommons.org\/licenses\/by-sa\/3.0) or GFDL (http:\/\/www.gnu.org\/copyleft\/fdl.html<\/em><\/a><em>)], via Wikimedia Commons<\/em><\/p>\n","protected":false},"excerpt":{"rendered":"<p>Freienohl &#8211;\u00a0 nur halb so gro\u00df wie der Mescheder Friedhof, aber doppelt so tot? Mit Sicherheit nicht, aber nachdem Schlecker dicht gemacht hat, schlie\u00dft nun auch das letzte Schuhgesch\u00e4ft. B\u00fcrgermeister &hellip; <a href=\"https:\/\/www.schiebener.net\/wordpress\/freienohl-nur-halb-so-gros-wie-der-mescheder-friedhof-aber-doppelt-so-tot\/\" class=\"more-link\"><span class=\"screen-reader-text\">\u201eFreienohl &#8211;  nur halb so gro\u00df wie der Mescheder Friedhof, aber doppelt so tot?\u201c <\/span>weiterlesen<\/a><\/p>\n","protected":false},"author":33,"featured_media":0,"comment_status":"open","ping_status":"open","sticky":false,"template":"","format":"standard","meta":{"footnotes":""},"categories":[80,1208],"tags":[3011,3928,1969,3929,3531],"class_list":["post-20386","post","type-post","status-publish","format-standard","hentry","category-lokales","category-wirtschaft","tag-freienohl","tag-frequenzbringer","tag-schlecker","tag-schuhgeschaft","tag-uli-hess"],"_links":{"self":[{"href":"https:\/\/www.schiebener.net\/wordpress\/wp-json\/wp\/v2\/posts\/20386","targetHints":{"allow":["GET"]}}],"collection":[{"href":"https:\/\/www.schiebener.net\/wordpress\/wp-json\/wp\/v2\/posts"}],"about":[{"href":"https:\/\/www.schiebener.net\/wordpress\/wp-json\/wp\/v2\/types\/post"}],"author":[{"embeddable":true,"href":"https:\/\/www.schiebener.net\/wordpress\/wp-json\/wp\/v2\/users\/33"}],"replies":[{"embeddable":true,"href":"https:\/\/www.schiebener.net\/wordpress\/wp-json\/wp\/v2\/comments?post=20386"}],"version-history":[{"count":0,"href":"https:\/\/www.schiebener.net\/wordpress\/wp-json\/wp\/v2\/posts\/20386\/revisions"}],"wp:attachment":[{"href":"https:\/\/www.schiebener.net\/wordpress\/wp-json\/wp\/v2\/media?parent=20386"}],"wp:term":[{"taxonomy":"category","embeddable":true,"href":"https:\/\/www.schiebener.net\/wordpress\/wp-json\/wp\/v2\/categories?post=20386"},{"taxonomy":"post_tag","embeddable":true,"href":"https:\/\/www.schiebener.net\/wordpress\/wp-json\/wp\/v2\/tags?post=20386"}],"curies":[{"name":"wp","href":"https:\/\/api.w.org\/{rel}","templated":true}]}}