{"id":20068,"date":"2012-09-08T19:22:05","date_gmt":"2012-09-08T18:22:05","guid":{"rendered":"http:\/\/www.schiebener.net\/wordpress\/?p=20068"},"modified":"2012-09-08T19:51:02","modified_gmt":"2012-09-08T18:51:02","slug":"umleitung-vom-hirnriss-in-der-hirnforschung-bis-zu-windkraftplanen-im-hochsauerlandkreis","status":"publish","type":"post","link":"https:\/\/www.schiebener.net\/wordpress\/umleitung-vom-hirnriss-in-der-hirnforschung-bis-zu-windkraftplanen-im-hochsauerlandkreis\/","title":{"rendered":"Umleitung: vom Hirnriss in der Hirnforschung bis zu Windkraftpl\u00e4nen im Hochsauerlandkreis."},"content":{"rendered":"<figure id=\"attachment_20069\" aria-describedby=\"caption-attachment-20069\" style=\"width: 512px\" class=\"wp-caption aligncenter\"><a href=\"http:\/\/www.schiebener.net\/wordpress\/wp-content\/uploads\/2012\/09\/kahlerasten20120907.jpg\"><img loading=\"lazy\" decoding=\"async\" class=\"size-full wp-image-20069\" title=\"kahlerasten20120907\" src=\"http:\/\/www.schiebener.net\/wordpress\/wp-content\/uploads\/2012\/09\/kahlerasten20120907.jpg\" alt=\"Abend auf dem Kahlen Asten (foto: zoom)\" width=\"512\" height=\"260\" srcset=\"https:\/\/www.schiebener.net\/wordpress\/wp-content\/uploads\/2012\/09\/kahlerasten20120907.jpg 512w, https:\/\/www.schiebener.net\/wordpress\/wp-content\/uploads\/2012\/09\/kahlerasten20120907-300x152.jpg 300w\" sizes=\"auto, (max-width: 512px) 85vw, 512px\" \/><\/a><figcaption id=\"caption-attachment-20069\" class=\"wp-caption-text\">Abend auf dem Kahlen Asten (foto: zoom)<\/figcaption><\/figure>\n<p><strong>Hirnriss in der Hirnforschung:<\/strong> Manfred Spitzer und die pathologische Schnappatmung im Verbund mit einer interneuronal-molekularen Dysbalance &#8230; <a href=\"http:\/\/ne-na.de\/manfred-spitzer-und-die-pathologische-schnappatmung-im-verbund-mit-einer-interneuronal-molekularen-dysbalance\/001654\" target=\"_blank\">NN<\/a><\/p>\n<p><strong>Anleihek\u00e4ufe durch EZB:<\/strong> Ein klitzekleines Detail &#8230; <a href=\"http:\/\/www.jurga.de\/267.html\" target=\"_blank\">jurga<\/a><\/p>\n<p><strong>Veraltetes und angepasstes Denken in jungen K\u00f6pfen \u00e2\u20ac\u201c Typisch:<\/strong> die 10 Punkte der niederl\u00e4ndischen G500 in deutscher \u00dcbersetzung &#8230; <a href=\"http:\/\/www.nachdenkseiten.de\/?p=14380\" target=\"_blank\">nachdenkseiten<\/a><\/p>\n<p><strong>Die Konversion in G\u00fctersloh schreitet voran:<\/strong> Alle Akteure ersten Ranges in Stadt und Bezirk scheinen informiert: Politik, Verwaltung, Bezirksregierung, Lobbyisten &#8211; nur die B\u00fcrger wissen noch von nichts &#8230; <a href=\"http:\/\/blickpunkt-gt.blogspot.de\/2012\/09\/frag-den-staat-vertrag-zur-konversion.html\" target=\"_blank\">blickpunktguetersloh<\/a><\/p>\n<p><strong>NRW-CDU:<\/strong> versucht verheerende Niederlage bei der Landtagwahl im Mai zu verarbeiten. Das Ergebnis ist best\u00fcrzend &#8230; <a href=\"http:\/\/post-von-horn.de\/2012\/09\/07\/die-nrw-cdu-geht-auf-rekordjagd\/\" target=\"_blank\">postvonhorn<\/a><\/p>\n<p><strong>Schalker Ultras:<\/strong> Kampfansage gegen DFB &#8230; <a href=\"http:\/\/www.derwesten-recherche.org\/2012\/09\/schalker-ultras-gegen-dfb\/\" target=\"_blank\">wazrechercheblog<\/a><\/p>\n<p><strong>EZB, Bundesverfassungsgericht und die Niederlande:<\/strong> Ein Angebot &#8230; <a href=\"http:\/\/www.wiesaussieht.de\/2012\/09\/07\/ezb-bundesverfassungsgericht-und-die-niederlande-ein-angebot\/\" target=\"_blank\">wiesaussieht<\/a><\/p>\n<p><strong>Bettina Wulff, PR und die Ehre:<\/strong> Auch wir bekamen auf dem H\u00f6hepunkt der Aff\u00e4re um den damaligen Bundespr\u00e4sidenten Christian Wulff Fotos zugeschickt, auf  denen angeblich seine Frau als Prostituierte zu sehen war &#8230; <a href=\"http:\/\/www.ruhrbarone.de\/bettina-wulff-pr-und-die-ehre\/\" target=\"_blank\">ruhrbarone<\/a><\/p>\n<p><strong>Minden:<\/strong> Geschichtsrevisionismus beim \u00e2\u20ac\u0153Tag der Heimat\u00e2\u20ac\u009d des BdV &#8230; <a href=\"http:\/\/nrwrex.wordpress.com\/2012\/09\/06\/mi-geschichtsrevisionismus-beim-tag-der-heimat-des-bdv\/\" target=\"_blank\">nrwrechtsaussen<\/a><\/p>\n<p><strong>Fracking:<\/strong> Deutscher St\u00e4dtetag pl\u00e4diert f\u00fcr Moratorium &#8230; <a href=\"http:\/\/doppelwacholder.wordpress.com\/2012\/09\/08\/deutscher-stadtetag-pladiert-fur-moratorium-zum-fracking\/\" target=\"_blank\">doppelwacholder<\/a><\/p>\n<p><strong>Bottroper Immoblien:<\/strong> \u00e2\u20ac\u0153Milliarden-Investitionen werden erwartet\u00e2\u20ac\u009d &#8230; <a href=\"http:\/\/www.bottblog.de\/2012\/09\/07\/immobilien-zeitung-milliarden-investitionen-werden-erwartet\/\" target=\"_blank\">bottblog<\/a><\/p>\n<p><strong>Gl\u00fcck auf, Gl\u00fcck auf, der Donald kommt:<\/strong> Donald Duck und die Seinen sind jetzt im Ruhrgebiet angekommen &#8230; <a href=\"http:\/\/www.revierpassagen.de\/12039\/gluck-auf-gluck-auf-der-donald-kommt\/20120907_2053\" target=\"_blank\">revierpassagen<\/a><\/p>\n<p><strong>Partei-Shopping:<\/strong> Der Kaufmann hat in der ganzen Welt dieselbe Religion &#8230; <a href=\"http:\/\/www.sauerland-blog.com\/partei-shopping\/\" target=\"_blank\">sauerland-blog<\/a><\/p>\n<p><strong>Geschwister-Scholl-Gymnasium in Winterberg wird zur NRW-Sportschule:<\/strong> &#8222;Das Geschwister-Scholl-Gymnasium in Winterberg genie\u00dft als \u00e2\u20ac\u017eElite\u00adschule des Sports\u00e2\u20ac\u0153 bundesweit einen hervorragenden Ruf, insbesondere in den Wintersportarten Skisprung, Nordische Kombination, Langlauf und Biathlon sowie im Rennrodeln, Bob und Skeleton&#8220; &#8230; <a href=\"http:\/\/www.derwesten.de\/staedte\/nachrichten-aus-winterberg-medebach-und-hallenberg\/gymnasium-in-winterberg-wird-zur-nrw-sportschulehintergrund-id7070704.html\" target=\"_blank\">derwesten<\/a><\/p>\n<p><strong>Hochsauerland:<\/strong> Windkraftpl\u00e4ne vom Winde verweht? &#8230; <a href=\"http:\/\/sbl-fraktion.de\/?p=2350\" target=\"_blank\">sbl<\/a><\/p>\n<p><strong>Windkraft in Winterberg:<\/strong> Kritik an m\u00f6glichem Standort und an der Form der B\u00fcrgerbeteiligung &#8230; <a href=\"http:\/\/www.derwesten.de\/staedte\/nachrichten-aus-winterberg-medebach-und-hallenberg\/kritik-an-moeglichem-standort-und-an-der-form-der-buergerbeteiligung-id7070780.html\" target=\"_blank\">derwesten<\/a><\/p>\n","protected":false},"excerpt":{"rendered":"<p>Hirnriss in der Hirnforschung: Manfred Spitzer und die pathologische Schnappatmung im Verbund mit einer interneuronal-molekularen Dysbalance &#8230; NN Anleihek\u00e4ufe durch EZB: Ein klitzekleines Detail &#8230; jurga Veraltetes und angepasstes Denken &hellip; <a href=\"https:\/\/www.schiebener.net\/wordpress\/umleitung-vom-hirnriss-in-der-hirnforschung-bis-zu-windkraftplanen-im-hochsauerlandkreis\/\" class=\"more-link\"><span class=\"screen-reader-text\">\u201eUmleitung: vom Hirnriss in der Hirnforschung bis zu Windkraftpl\u00e4nen im Hochsauerlandkreis.\u201c <\/span>weiterlesen<\/a><\/p>\n","protected":false},"author":3,"featured_media":0,"comment_status":"open","ping_status":"open","sticky":false,"template":"","format":"standard","meta":{"footnotes":""},"categories":[218,3182,674,80,5,379,549,1208],"tags":[3890,3128,136,2407,3889,2296,688],"class_list":["post-20068","post","type-post","status-publish","format-standard","hentry","category-bucher","category-finanzen","category-kultur","category-lokales","category-naturwissenschaft","category-umleitung","category-umwelt","category-wirtschaft","tag-bdv","tag-ezb","tag-finanzkrise","tag-fracking","tag-manfred-spitzer","tag-nrw-cdu","tag-schalke"],"_links":{"self":[{"href":"https:\/\/www.schiebener.net\/wordpress\/wp-json\/wp\/v2\/posts\/20068","targetHints":{"allow":["GET"]}}],"collection":[{"href":"https:\/\/www.schiebener.net\/wordpress\/wp-json\/wp\/v2\/posts"}],"about":[{"href":"https:\/\/www.schiebener.net\/wordpress\/wp-json\/wp\/v2\/types\/post"}],"author":[{"embeddable":true,"href":"https:\/\/www.schiebener.net\/wordpress\/wp-json\/wp\/v2\/users\/3"}],"replies":[{"embeddable":true,"href":"https:\/\/www.schiebener.net\/wordpress\/wp-json\/wp\/v2\/comments?post=20068"}],"version-history":[{"count":0,"href":"https:\/\/www.schiebener.net\/wordpress\/wp-json\/wp\/v2\/posts\/20068\/revisions"}],"wp:attachment":[{"href":"https:\/\/www.schiebener.net\/wordpress\/wp-json\/wp\/v2\/media?parent=20068"}],"wp:term":[{"taxonomy":"category","embeddable":true,"href":"https:\/\/www.schiebener.net\/wordpress\/wp-json\/wp\/v2\/categories?post=20068"},{"taxonomy":"post_tag","embeddable":true,"href":"https:\/\/www.schiebener.net\/wordpress\/wp-json\/wp\/v2\/tags?post=20068"}],"curies":[{"name":"wp","href":"https:\/\/api.w.org\/{rel}","templated":true}]}}