{"id":19929,"date":"2012-09-03T21:04:15","date_gmt":"2012-09-03T20:04:15","guid":{"rendered":"http:\/\/www.schiebener.net\/wordpress\/?p=19929"},"modified":"2012-09-03T21:05:38","modified_gmt":"2012-09-03T20:05:38","slug":"neue-schulformen-fur-arnsberg-%e2%80%93-eltern-durfen-weiterhin-nicht-auswahlen","status":"publish","type":"post","link":"https:\/\/www.schiebener.net\/wordpress\/neue-schulformen-fur-arnsberg-%e2%80%93-eltern-durfen-weiterhin-nicht-auswahlen\/","title":{"rendered":"Neue Schulformen f\u00fcr Arnsberg \u00e2\u20ac\u201c Eltern d\u00fcrfen weiterhin nicht ausw\u00e4hlen"},"content":{"rendered":"<figure id=\"attachment_19943\" aria-describedby=\"caption-attachment-19943\" style=\"width: 204px\" class=\"wp-caption alignleft\"><img loading=\"lazy\" decoding=\"async\" class=\"size-full wp-image-19943  \" title=\"martinwerner\" src=\"http:\/\/www.schiebener.net\/wordpress\/wp-content\/uploads\/2012\/09\/martinwerner.jpg\" alt=\"Autor Martin Werner, Elterninitiative Gesamtschule (foto: werner)\" width=\"204\" height=\"204\" srcset=\"https:\/\/www.schiebener.net\/wordpress\/wp-content\/uploads\/2012\/09\/martinwerner.jpg 364w, https:\/\/www.schiebener.net\/wordpress\/wp-content\/uploads\/2012\/09\/martinwerner-150x150.jpg 150w, https:\/\/www.schiebener.net\/wordpress\/wp-content\/uploads\/2012\/09\/martinwerner-300x300.jpg 300w\" sizes=\"auto, (max-width: 204px) 85vw, 204px\" \/><figcaption id=\"caption-attachment-19943\" class=\"wp-caption-text\">Autor Martin Werner, Elterninitiative Gesamtschule (fotos: werner)<\/figcaption><\/figure>\n<p><strong>Arnsberg. Am 28. August 2012 fand im Kulturzentrum am Berliner Platz ein &#8222;Elternworkshop zur Sekundarschule&#8220; statt. Herzlich dazu eingeladen hatte die Stadt die interessierten Eltern der vierten Jahrg\u00e4nge.<\/strong><\/p>\n<p><em>Bericht von Martin Werner*, Elterninitiative Gesamtschule Arnsberg**<\/em><\/p>\n<p>Es kamen dann auch ca. 40 Eltern, gesch\u00e4tzte 30 Lehrerinnen und Lehrer, Vertreterinnen und Vertreter der Stadtverwaltung sowie einige Vertreter der Elterninitiative f\u00fcr eine Gesamtschule.<\/p>\n<p><strong>Im ersten Teil des Abends berichtete Barbara van der Wielen<\/strong> \u00fcber die 2011 im Rahmen eines Schulversuchs errichtete und von ihr geleitete <strong>Gemeinschaftsschule in Billerbeck, Kreis Coesfeld.<\/strong><\/p>\n<figure id=\"attachment_19946\" aria-describedby=\"caption-attachment-19946\" style=\"width: 154px\" class=\"wp-caption alignleft\"><img loading=\"lazy\" decoding=\"async\" class=\"size-full wp-image-19946  \" title=\"barbaravanderwielen\" src=\"http:\/\/www.schiebener.net\/wordpress\/wp-content\/uploads\/2012\/09\/barbaravanderwielen.jpg\" alt=\"Barbara van der Wielen\" width=\"154\" height=\"230\" srcset=\"https:\/\/www.schiebener.net\/wordpress\/wp-content\/uploads\/2012\/09\/barbaravanderwielen.jpg 320w, https:\/\/www.schiebener.net\/wordpress\/wp-content\/uploads\/2012\/09\/barbaravanderwielen-200x300.jpg 200w\" sizes=\"auto, (max-width: 154px) 85vw, 154px\" \/><figcaption id=\"caption-attachment-19946\" class=\"wp-caption-text\">Schulleiterin Barbara van der Wielen stellt ihre Gemeinschaftsschule vor.<\/figcaption><\/figure>\n<p><strong>Diese Schule versteht sich als &#8222;Schule f\u00fcr alle&#8220; mit gymnasialem Anspruch aber ohne gymnasiale Oberstufe.<\/strong> Sie verzichtet auf jedes &#8222;Sitzenbleiben&#8220; und &#8222;Abschulen&#8220;. Zugegeben &#8211; ein sch\u00f6nes Konzept. Leider aber \u00fcberhaupt nicht vergleichbar mit dem was f\u00fcr Arnsberg geplant ist, denn:<\/p>\n<p><em>Billerbeck mit 11.500 Einwohnern hat eine private Gesamtschule im Nachbarort Havixbeck. Eine weitere Gesamtschule ist im 25 km entfernten M\u00fcnster. Damit besteht bereits eine Vielfalt an integrativen Schulformen, wie sie bei uns im\u00a0 gesamten HSK nicht anzutreffen ist.<\/em><\/p>\n<p><em>Ein Verzicht auf &#8222;Sitzenbleiben&#8220; ist f\u00fcr Sekundarschulen nicht vorgesehen.<\/em><\/p>\n<p><strong>Workshops im zweiten Teil des Abends<\/strong><br \/>\nDessen ungeachtet durften sich die Eltern im zweiten Teil des Abends dann in den Workshops an verschiedenen Tischen alle mit den zwei gleichen Fragen auseinandersetzen:<\/p>\n<ol>\n<li> Welche Lernans\u00e4tze aus dem Beispiel Billerbeck k\u00f6nnten sie sich f\u00fcr ihr Kind vorstellen?<\/li>\n<li>An welcher Stelle w\u00e4re es f\u00fcr sie denkbar, als Partner\/in der neuen Schule mitzugestalten?<\/li>\n<\/ol>\n<p><strong>Gesamtschule kein Thema<\/strong><br \/>\nEine Auseinandersetzung mit den Bedenken und Sorgen der Eltern zur Sekundarschule und dem vielstimmig vorgetragenen Elternwunsch nach einer Gesamtschule wurde von den Moderatorinnen nicht zugelassen.<\/p>\n<figure id=\"attachment_19948\" aria-describedby=\"caption-attachment-19948\" style=\"width: 512px\" class=\"wp-caption aligncenter\"><img loading=\"lazy\" decoding=\"async\" class=\"size-full wp-image-19948\" title=\"gerdschmidt\" src=\"http:\/\/www.schiebener.net\/wordpress\/wp-content\/uploads\/2012\/09\/gerdschmidt.jpg\" alt=\"Gerd Schmidt\" width=\"512\" height=\"472\" srcset=\"https:\/\/www.schiebener.net\/wordpress\/wp-content\/uploads\/2012\/09\/gerdschmidt.jpg 512w, https:\/\/www.schiebener.net\/wordpress\/wp-content\/uploads\/2012\/09\/gerdschmidt-300x276.jpg 300w\" sizes=\"auto, (max-width: 512px) 85vw, 512px\" \/><figcaption id=\"caption-attachment-19948\" class=\"wp-caption-text\">Gerd Schmidt -Vertreter des Schultr\u00e4gers- hilft bei der Moderation des Workshops aus.<\/figcaption><\/figure>\n<p>Obwohl der Vertreter des Schultr\u00e4gers den aktuellen <strong>Stand der Planung  offiziell erst in den, f\u00fcr den 5. September<\/strong> (Kulturzentrum, Berliner  Platz) und <strong>11. September<\/strong> (Sauerlandtheater) angesetzten  <strong>Informationsabenden<\/strong> vorstellen wollte, <strong>sickerte durch:<\/strong><\/p>\n<p><strong> <\/strong><\/p>\n<p><strong>Das urspr\u00fcngliche Konzept der drei dezentralen teilintegrierten Sekundarschulen ist vom Tisch.<\/strong> Es soll den Eltern stattdessen eine integrierte Sekundarschule f\u00fcr die westlichen und eine kooperative Sekundarschule f\u00fcr die \u00f6stlichen Stadtteile angeboten werden. Wenn dann die Eltern von mindestens 75 Kindern schriftlich erkl\u00e4ren, dass sie ihr Kind an dieser Schule anmelden w\u00fcrden, dann g\u00e4be es gr\u00fcnes Licht f\u00fcr die Errichtung der jeweiligen Schule.<\/p>\n<p>\u00e2\u20ac\u017eDieser bemerkenswerte Strategiewechsel l\u00e4sst darauf schlie\u00dfen, dass die Stadt von ihrem Plan abger\u00fcckt ist, alle drei Realschulen durch Sekundarschulen zu ersetzen. Noch immer ist jedoch zu bem\u00e4ngeln, dass der inzwischen vielfach dokumentierte Bedarf an einer Gesamtschule in Arnsberg von den politisch Handelnden beharrlich ignoriert wird\u00e2\u20ac\u0153, sagt Werner Ruhnert, Sprecher der LINKEN in Arnsberg.<\/p>\n<p>Und weiter: \u00e2\u20ac\u017eDenen geht es doch \u00fcberhaupt nicht um die Chancengleichheit der Kinder sondern vorrangig darum, den Bestand der vier vorhandenen Gymnasien nicht zu gef\u00e4hrden. Die Haltung der Rathausfraktionen von SPD sowie B\u00fcndnis 90 \/ Die Gr\u00fcnen, die landesweit als Bef\u00fcrworter des langen, gemeinsamen Lernens auftreten, in Arnsberg aber die Ideologie der CDU mittragen, ist f\u00fcr uns nicht zu verstehen.\u00e2\u20ac\u0153<\/p>\n<p><strong>HSK einziger Landkreis ohne Gesamtschule<\/strong><br \/>\nSo wird der Hochsauerlandkreis voraussichtlich auch zum Schuljahr 2013\/14 der einzige Landkreis in NRW bleiben, in dem Eltern und ihre Kinder keine M\u00f6glichkeit haben, sich f\u00fcr die Schulform Gesamtschule zu entscheiden, weil sie einfach nicht angeboten wird.<\/p>\n<p><em><strong>Anmerkungen:<\/strong><\/em><\/p>\n<p><em>* seit Januar 2009 Mitglied der Partei DIE LINKE . Martin Werner geh\u00f6rt dort sowohl dem Ortsvorstand Arnsberg als  auch dem Kreisvorstand Hochsauerland an.<\/em><\/p>\n<p><em>** Die Initiative beschreibt sich selbst so: Aus der Emp\u00f6rung heraus, da die politisch Handelnden &#8211; sich \u00fcber den Willen  der Eltern hinwegsetzend &#8211; einm\u00fctig entschieden, dass es in Arnsberg keine  Gesamtschule geben darf, bildete sich im November 2011 die Elterninitiative  Gesamtschule Arnsberg. Unsere Forderung: eine ergebnisoffene Trendbefragung  der Eltern bevor der Rat auf deren Grundlage \u00fcber eine Erweiterung der  Schullandschaft entscheidet. Das hat es in Iserlohn und Menden so gegeben  und muss auch in Arnsberg m\u00f6glich sein.<\/em><\/p>\n<p><em>Die Initiative ist ein loser Zusammenschluss einer Handvoll Eltern. Wir  tauschen uns per E-Mail und Telefon aus. Wir sammeln vornehmlich  Unterschriften, die dann unseren Eingaben an die \u00f6rtlichen Beh\u00f6rden  beigef\u00fcgt werden. Treffen in Form eines Stammtisches gab es bisher nicht.<\/em><\/p>\n","protected":false},"excerpt":{"rendered":"<p>Arnsberg. Am 28. August 2012 fand im Kulturzentrum am Berliner Platz ein &#8222;Elternworkshop zur Sekundarschule&#8220; statt. Herzlich dazu eingeladen hatte die Stadt die interessierten Eltern der vierten Jahrg\u00e4nge. Bericht von &hellip; <a href=\"https:\/\/www.schiebener.net\/wordpress\/neue-schulformen-fur-arnsberg-%e2%80%93-eltern-durfen-weiterhin-nicht-auswahlen\/\" class=\"more-link\"><span class=\"screen-reader-text\">\u201eNeue Schulformen f\u00fcr Arnsberg \u00e2\u20ac\u201c Eltern d\u00fcrfen weiterhin nicht ausw\u00e4hlen\u201c <\/span>weiterlesen<\/a><\/p>\n","protected":false},"author":18,"featured_media":0,"comment_status":"open","ping_status":"open","sticky":false,"template":"","format":"standard","meta":{"footnotes":""},"categories":[3,80,24],"tags":[1350,2001,3879,2896],"class_list":["post-19929","post","type-post","status-publish","format-standard","hentry","category-bildung-und-schule","category-lokales","category-politik","tag-arnsberg","tag-gesamtschule","tag-linke-hsk","tag-sekundarschule"],"_links":{"self":[{"href":"https:\/\/www.schiebener.net\/wordpress\/wp-json\/wp\/v2\/posts\/19929","targetHints":{"allow":["GET"]}}],"collection":[{"href":"https:\/\/www.schiebener.net\/wordpress\/wp-json\/wp\/v2\/posts"}],"about":[{"href":"https:\/\/www.schiebener.net\/wordpress\/wp-json\/wp\/v2\/types\/post"}],"author":[{"embeddable":true,"href":"https:\/\/www.schiebener.net\/wordpress\/wp-json\/wp\/v2\/users\/18"}],"replies":[{"embeddable":true,"href":"https:\/\/www.schiebener.net\/wordpress\/wp-json\/wp\/v2\/comments?post=19929"}],"version-history":[{"count":0,"href":"https:\/\/www.schiebener.net\/wordpress\/wp-json\/wp\/v2\/posts\/19929\/revisions"}],"wp:attachment":[{"href":"https:\/\/www.schiebener.net\/wordpress\/wp-json\/wp\/v2\/media?parent=19929"}],"wp:term":[{"taxonomy":"category","embeddable":true,"href":"https:\/\/www.schiebener.net\/wordpress\/wp-json\/wp\/v2\/categories?post=19929"},{"taxonomy":"post_tag","embeddable":true,"href":"https:\/\/www.schiebener.net\/wordpress\/wp-json\/wp\/v2\/tags?post=19929"}],"curies":[{"name":"wp","href":"https:\/\/api.w.org\/{rel}","templated":true}]}}