{"id":19924,"date":"2012-09-01T22:30:03","date_gmt":"2012-09-01T21:30:03","guid":{"rendered":"http:\/\/www.schiebener.net\/wordpress\/?p=19924"},"modified":"2012-09-01T22:30:03","modified_gmt":"2012-09-01T21:30:03","slug":"umleitung-leistungsschutzrecht-fracking-pastorales-pathos-und-ein-burgermeister-der-das-lokalblatt-lobt","status":"publish","type":"post","link":"https:\/\/www.schiebener.net\/wordpress\/umleitung-leistungsschutzrecht-fracking-pastorales-pathos-und-ein-burgermeister-der-das-lokalblatt-lobt\/","title":{"rendered":"Umleitung: Leistungsschutzrecht, Fracking, Pastorales Pathos und ein B\u00fcrgermeister, der das Lokalblatt lobt."},"content":{"rendered":"<figure id=\"attachment_19925\" aria-describedby=\"caption-attachment-19925\" style=\"width: 246px\" class=\"wp-caption alignleft\"><img loading=\"lazy\" decoding=\"async\" class=\"size-full wp-image-19925  \" title=\"ennert20120901\" src=\"http:\/\/www.schiebener.net\/wordpress\/wp-content\/uploads\/2012\/09\/ennert20120901.jpg\" alt=\"Abendspaziergang auf der Ennert (foto: zoom) \" width=\"246\" height=\"185\" srcset=\"https:\/\/www.schiebener.net\/wordpress\/wp-content\/uploads\/2012\/09\/ennert20120901.jpg 320w, https:\/\/www.schiebener.net\/wordpress\/wp-content\/uploads\/2012\/09\/ennert20120901-300x225.jpg 300w\" sizes=\"auto, (max-width: 246px) 85vw, 246px\" \/><figcaption id=\"caption-attachment-19925\" class=\"wp-caption-text\">Abendspaziergang auf der Ennert (foto: zoom) <\/figcaption><\/figure>\n<p><strong>Willkommen im vergangenen Jahrhundert, Deutschland!<\/strong> Wir reden \u00fcber das Leistungsschutzrecht, jenes Gesetz, das von der Lobby der Printh\u00e4user angesto\u00dfen und von der CDU\/FDP-Regierung nun durchgesetzt werden soll &#8230; <a href=\"http:\/\/www.indiskretionehrensache.de\/2012\/08\/leistungsschutzrecht-vosshoff\/#more-9406\" target=\"_blank\">indiskretion<\/a><\/p>\n<p><strong>Eine Wette gegen Zeitungen und Hangouts:<\/strong> Ich wette, wir werden in den kommenden zwei Jahren diese Technologie bei keinem der mittleren, konventionellen Online-Angebote der Tageszeitungen sehen &#8230; <a href=\"http:\/\/www.blog-cj.de\/blog\/2012\/08\/31\/eine-wette-gegen-zeitungen-und-hangouts\/\" target=\"_blank\">jakblog<\/a><\/p>\n<p><strong>Fracking in NRW:<\/strong> Wirtschaftsminister Garrelt Duin (SPD) dagegen zeigt sich offen f\u00fcr Erkundungsbohrungen ohne Chemie-Einsatz: \u00e2\u20ac\u017eZu sagen \u00e2\u20ac\u0161Nichts geht mehr\u00e2\u20ac\u2122 ist in einem Industrieland nicht vern\u00fcnftig.\u00e2\u20ac\u0153 &#8230; <a href=\"http:\/\/www.derwesten.de\/politik\/streit-um-fracking-in-nrw-steht-vor-der-entscheidung-id7044527.html\" target=\"_blank\">derwesten<\/a><\/p>\n<p><strong>Ein Zitat:<\/strong> Mit die\u00adsem Zitat wird Poli\u00adtik gemacht. Es fin\u00addet sich in den B\u00fcchern und in den Pam\u00adphle\u00adten deut\u00adscher Ver\u00adschw\u00f6\u00adrungs\u00adideo\u00adlo\u00adgen, auf den Pla\u00adka\u00adten von Occupy-Aktivist_innen und auf den Inter\u00adnet\u00adsei\u00adten der Natio\u00adnal\u00adde\u00admo\u00adkra\u00adti\u00adschen Par\u00adtei Deutsch\u00adland (NPD) &#8230; <a href=\"http:\/\/reflexion-blog.com\/?p=2853\" target=\"_blank\">reflexion<\/a><\/p>\n<p><strong>Bundespr\u00e4sident Gauck in Rostock:<\/strong> Pastorales Pathos gen\u00fcgt nicht, um die Ursachen der Fremdenfeindlichkeit zu bek\u00e4mpfen .. <a href=\"http:\/\/www.nachdenkseiten.de\/?p=14305\" target=\"_blank\">nachdenkseiten<\/a><\/p>\n<p><strong>Lesen bildet, Fluchen verr\u00e4t:<\/strong> Feuchte W\u00f6rter, nur \u00e2\u20ac\u017eDeutsche auf der Schei\u00dfe-Linie\u00e2\u20ac\u0153 &#8230; <a href=\"http:\/\/www.jurga.de\/253.html\" target=\"_blank\">jurga<\/a><\/p>\n<p><strong>Wort und Wirklichkeit:<\/strong> Der gr\u00f6\u00dfte Feind politischer Parolen ist die Wirklichkeit. Das kann man in NRW beobachten. Ministerpr\u00e4sidentin Kraft wirbt damit, dass in NRW kein Kind zur\u00fcckgelassen werde &#8230; <a href=\"http:\/\/post-von-horn.de\/2012\/09\/01\/wort-und-wirklichkeit\/\" target=\"_blank\">postvonhorn<\/a><\/p>\n<p><strong>Europa:<\/strong> Zum Nutzen einer Volksabstimmung &#8230; <a href=\"http:\/\/www.wiesaussieht.de\/2012\/08\/29\/zum-nutzen-einer-volksabstimmung\/#more-3370\" target=\"_blank\">wiesaussieht<\/a><\/p>\n<p><strong>Der Verein Deutsche Sprache (VDS) und SPD:<\/strong> W\u00e4hrend der VDS Jennings bezichtigt, die Sprache des Erbfeindes England zu sprechen, wirft die SPD in Person ihres Parlamentsgesch\u00e4ftsf\u00fchrers der Bundestagsfraktion, Thomas Oppermann, dem CSU-Generalsekret\u00e4r Alexander Dobrindt vor, sich bei seinen \u00c4u\u00dferungen \u00fcber Griechenland verbal auf dem Niveau der unteren sozialen Schichten zu bewegen &#8230; <a href=\"http:\/\/www.scilogs.de\/wblogs\/blog\/sprachlog\/allgemein\/2012-08-31\/sprachbrocken-2012-35\" target=\"_blank\">sprachlog<\/a><\/p>\n<p><strong>Medien:<\/strong> Wenn der B\u00fcrgermeister das Lokalblatt lobt &#8230; <a href=\"http:\/\/www.revierpassagen.de\/11832\/wenn-der-burgermeister-das-lokalblatt-lobt\/20120901_1556\" target=\"_blank\">revierpassagen<\/a><\/p>\n<p><strong>Schl\u00fcsselzuweisungen des Landes NRW:<\/strong> Die Berechnung der Schl\u00fcsselzuweisungen, Investitionspauschalen, Schulpauschale und Sportpauschale im Finanzausgleich 2013 der Landesregierung NRW liegen in einer Modellrechnung vor &#8230; <a href=\"http:\/\/blickpunkt-gt.blogspot.de\/2012\/08\/schlusselzuweisungen-des-landes-nrw.html#more\" target=\"_blank\">blickpunktguetersloh<\/a><\/p>\n<p><strong>Schl\u00fcsselzuweisungen:<\/strong> Fl\u00e4chenansatz soll bleiben &#8230; <a href=\"http:\/\/sbl-fraktion.de\/?p=2330\" target=\"_blank\">sbl<\/a><\/p>\n","protected":false},"excerpt":{"rendered":"<p>Willkommen im vergangenen Jahrhundert, Deutschland! Wir reden \u00fcber das Leistungsschutzrecht, jenes Gesetz, das von der Lobby der Printh\u00e4user angesto\u00dfen und von der CDU\/FDP-Regierung nun durchgesetzt werden soll &#8230; indiskretion Eine &hellip; <a href=\"https:\/\/www.schiebener.net\/wordpress\/umleitung-leistungsschutzrecht-fracking-pastorales-pathos-und-ein-burgermeister-der-das-lokalblatt-lobt\/\" class=\"more-link\"><span class=\"screen-reader-text\">\u201eUmleitung: Leistungsschutzrecht, Fracking, Pastorales Pathos und ein B\u00fcrgermeister, der das Lokalblatt lobt.\u201c <\/span>weiterlesen<\/a><\/p>\n","protected":false},"author":3,"featured_media":0,"comment_status":"open","ping_status":"open","sticky":false,"template":"","format":"standard","meta":{"footnotes":""},"categories":[533,3182,674,80,32,379,1208],"tags":[2407,1625,3726,3874],"class_list":["post-19924","post","type-post","status-publish","format-standard","hentry","category-europa","category-finanzen","category-kultur","category-lokales","category-medien","category-umleitung","category-wirtschaft","tag-fracking","tag-gauck","tag-leistungsschutzrecht","tag-rostock"],"_links":{"self":[{"href":"https:\/\/www.schiebener.net\/wordpress\/wp-json\/wp\/v2\/posts\/19924","targetHints":{"allow":["GET"]}}],"collection":[{"href":"https:\/\/www.schiebener.net\/wordpress\/wp-json\/wp\/v2\/posts"}],"about":[{"href":"https:\/\/www.schiebener.net\/wordpress\/wp-json\/wp\/v2\/types\/post"}],"author":[{"embeddable":true,"href":"https:\/\/www.schiebener.net\/wordpress\/wp-json\/wp\/v2\/users\/3"}],"replies":[{"embeddable":true,"href":"https:\/\/www.schiebener.net\/wordpress\/wp-json\/wp\/v2\/comments?post=19924"}],"version-history":[{"count":0,"href":"https:\/\/www.schiebener.net\/wordpress\/wp-json\/wp\/v2\/posts\/19924\/revisions"}],"wp:attachment":[{"href":"https:\/\/www.schiebener.net\/wordpress\/wp-json\/wp\/v2\/media?parent=19924"}],"wp:term":[{"taxonomy":"category","embeddable":true,"href":"https:\/\/www.schiebener.net\/wordpress\/wp-json\/wp\/v2\/categories?post=19924"},{"taxonomy":"post_tag","embeddable":true,"href":"https:\/\/www.schiebener.net\/wordpress\/wp-json\/wp\/v2\/tags?post=19924"}],"curies":[{"name":"wp","href":"https:\/\/api.w.org\/{rel}","templated":true}]}}