{"id":19756,"date":"2012-08-20T21:28:37","date_gmt":"2012-08-20T20:28:37","guid":{"rendered":"http:\/\/www.schiebener.net\/wordpress\/?p=19756"},"modified":"2012-08-21T07:02:55","modified_gmt":"2012-08-21T06:02:55","slug":"hsk-nachgefragt-auswirkungen-des-bundesverfassungs-gerichtsurteils-zum-asylbewerberleistungsgesetz","status":"publish","type":"post","link":"https:\/\/www.schiebener.net\/wordpress\/hsk-nachgefragt-auswirkungen-des-bundesverfassungs-gerichtsurteils-zum-asylbewerberleistungsgesetz\/","title":{"rendered":"HSK &#8211; nachgefragt: Auswirkungen des Bundesverfassungs-gerichtsurteils zum Asylbewerberleistungsgesetz"},"content":{"rendered":"<figure id=\"attachment_6711\" aria-describedby=\"caption-attachment-6711\" style=\"width: 199px\" class=\"wp-caption alignleft\"><img loading=\"lazy\" decoding=\"async\" class=\"size-full wp-image-6711 \" title=\"Reinhard Loos, SBL-Kreistagsmitglied\" src=\"http:\/\/www.schiebener.net\/wordpress\/wp-content\/uploads\/2010\/02\/loos.jpg\" alt=\"Autor Reinhard Loos, SBL-Kreistagsmitglied (foto: loos)\" width=\"199\" height=\"250\" \/><figcaption id=\"caption-attachment-6711\" class=\"wp-caption-text\">Reinhard Loos, SBL-Kreistagsmitglied (foto: loos)<\/figcaption><\/figure>\n<p><strong>Meschede. (<a href=\"http:\/\/sbl-fraktion.de\/?p=2312\" target=\"_blank\">sbl<\/a>) Schreiben an den Landrat des Hochsauerlandkreises vom 14. August 2012:<\/strong><\/p>\n<p>Sehr geehrter Herr Landrat,<br \/>\nsehr geehrter Herr Ausschussvorsitzender,<\/p>\n<p><strong>das Bundesverfassungsgericht erkl\u00e4rte am 18. Juli 2012 das  Asylbewerberleistungsgesetz f\u00fcr verfassungswidrig.<\/strong><\/p>\n<p>Materiell  hilfebed\u00fcrftige Asylbewerber haben demnach ab sofort r\u00fcckwirkend und  laufend Anspruch auf h\u00f6here Leistungen.<\/p>\n<p>Der Regelbedarf liegt nunmehr  beim SGB XII-Satz. Das bedeutet, ein Alleinstehender hat Anspruch auf  monatlich 374,- Euro Regelleistung, anstatt wie bisher auf 224,97 Euro.<\/p>\n<p>Asylbewerberinnen und -bewerber leben seit vielen Jahren erheblich unter  dem Existenzminimum. Daher sollte nun unverz\u00fcglich gehandelt und  anspruchsberechtigten Menschen die ihnen zustehenden Leistung umgehend  zur Verf\u00fcgung gestellt werden.<\/p>\n<p><strong>Ich bitte Sie, folgende Fragen zu beantworten:<\/strong><\/p>\n<p><strong>1.\tWie viele Erwachsene und wie viele Kinder<\/strong> waren am Stichtag  01.07.2012 im Hochsauerlandkreis anspruchsberechtigt nach dem  Asylbewerberleistungsgesetz?<\/p>\n<p><strong>2.\tWelche Geld- und welche Art Sachleistungen<\/strong> erhielten die Anspruchsberechtigten im ersten Halbjahr 2012 sowie im Vorjahr?<\/p>\n<p><strong>3.\tWie und wo sind die Asylbewerber in den einzelnen St\u00e4dten und  Gemeinden im HSK untergebracht<\/strong> (Art und Ausstattung, Gr\u00f6\u00dfe der  jeweiligen Unterkunft insgesamt und Wohnraum pro Person sowie Standorte  der Unterk\u00fcnfte)?<\/p>\n<p><strong>4.\tWann werden voraussichtlich erstmals die Auszahlungen<\/strong> der erh\u00f6hten  Asylbewerberleistungen und die Nachzahlungen erfolgen? Soll es  gegebenenfalls bald Abschlagszahlungen geben?<\/p>\n<p><strong>5.\tIn welchem Umfang sollen voraussichtlich Sach- anstatt  Geldleistungen gew\u00e4hrt werden?<\/strong> Welche Art Sachleistungen werden ggf. zur  Verf\u00fcgung gestellt?<\/p>\n<p><strong>6.\tWie hoch sind die Mittel, die das Land den Kommunen f\u00fcr diese  Leistungen erstattet(e)<\/strong> (2010, 2011, in der ersten Jahresh\u00e4lfte 2012 und  voraussichtlich im 2. Halbjahr 2012)?<\/p>\n<p><strong>7.\tIn welchem Umfang partizipieren Kinder von Asylbewerbern<\/strong> mit  Anspruch auf Leistungen aus dem Asylbewerberleistungsgesetz von den  Mitteln und den Angeboten aus dem Bildungs- und Teilhabepaket? Welche  Bem\u00fchungen gibt es, diesen Personenkreis intensiver \u00fcber das Bildungs-  und Teilhabepaket zu informieren und die Inanspruchnahme bzw. die  Nichtinanspruchnahme statistisch zu erfassen und auszuwerten?<\/p>\n<p><strong>8.\tWie viele Anmeldungen von Kindern von Asylbewerbern mit Anspruch  auf Leistungen<\/strong> aus dem Asylbewerberleistungsgesetz verzeichnen die  Kindertageseinrichtungen im HSK? In welchem Alter sind die Kinder, und  in welchem zeitlichen Umfang werden sie in den Kitas betreut?<\/p>\n<p><strong>9.\tWelche Bem\u00fchungen wurden und werden beh\u00f6rdlicherseits unternommen<\/strong>,  anspruchsberechtigte Asylbewerberinnen und -bewerber in den  Arbeitsmarkt zu integrieren?<\/p>\n","protected":false},"excerpt":{"rendered":"<p>Meschede. (sbl) Schreiben an den Landrat des Hochsauerlandkreises vom 14. August 2012: Sehr geehrter Herr Landrat, sehr geehrter Herr Ausschussvorsitzender, das Bundesverfassungsgericht erkl\u00e4rte am 18. Juli 2012 das Asylbewerberleistungsgesetz f\u00fcr &hellip; <a href=\"https:\/\/www.schiebener.net\/wordpress\/hsk-nachgefragt-auswirkungen-des-bundesverfassungs-gerichtsurteils-zum-asylbewerberleistungsgesetz\/\" class=\"more-link\"><span class=\"screen-reader-text\">\u201eHSK &#8211; nachgefragt: Auswirkungen des Bundesverfassungs-gerichtsurteils zum Asylbewerberleistungsgesetz\u201c <\/span>weiterlesen<\/a><\/p>\n","protected":false},"author":25,"featured_media":0,"comment_status":"open","ping_status":"open","sticky":false,"template":"","format":"standard","meta":{"footnotes":""},"categories":[3182,80,24],"tags":[1850,3850,835,389,1283],"class_list":["post-19756","post","type-post","status-publish","format-standard","hentry","category-finanzen","category-lokales","category-politik","tag-asylbewerber","tag-asylbewerberleistungsgesetz","tag-hochsauerlandkreis","tag-hsk","tag-landrat-dr-karl-schneider"],"_links":{"self":[{"href":"https:\/\/www.schiebener.net\/wordpress\/wp-json\/wp\/v2\/posts\/19756","targetHints":{"allow":["GET"]}}],"collection":[{"href":"https:\/\/www.schiebener.net\/wordpress\/wp-json\/wp\/v2\/posts"}],"about":[{"href":"https:\/\/www.schiebener.net\/wordpress\/wp-json\/wp\/v2\/types\/post"}],"author":[{"embeddable":true,"href":"https:\/\/www.schiebener.net\/wordpress\/wp-json\/wp\/v2\/users\/25"}],"replies":[{"embeddable":true,"href":"https:\/\/www.schiebener.net\/wordpress\/wp-json\/wp\/v2\/comments?post=19756"}],"version-history":[{"count":0,"href":"https:\/\/www.schiebener.net\/wordpress\/wp-json\/wp\/v2\/posts\/19756\/revisions"}],"wp:attachment":[{"href":"https:\/\/www.schiebener.net\/wordpress\/wp-json\/wp\/v2\/media?parent=19756"}],"wp:term":[{"taxonomy":"category","embeddable":true,"href":"https:\/\/www.schiebener.net\/wordpress\/wp-json\/wp\/v2\/categories?post=19756"},{"taxonomy":"post_tag","embeddable":true,"href":"https:\/\/www.schiebener.net\/wordpress\/wp-json\/wp\/v2\/tags?post=19756"}],"curies":[{"name":"wp","href":"https:\/\/api.w.org\/{rel}","templated":true}]}}