{"id":19713,"date":"2012-08-18T21:31:42","date_gmt":"2012-08-18T20:31:42","guid":{"rendered":"http:\/\/www.schiebener.net\/wordpress\/?p=19713"},"modified":"2012-08-19T09:03:09","modified_gmt":"2012-08-19T08:03:09","slug":"die-top-10-der-letzten-wochen-ein-paar-spontane-gedanken-zum-verpassten-4-jahrigen-geburtstag-dieses-blogs","status":"publish","type":"post","link":"https:\/\/www.schiebener.net\/wordpress\/die-top-10-der-letzten-wochen-ein-paar-spontane-gedanken-zum-verpassten-4-jahrigen-geburtstag-dieses-blogs\/","title":{"rendered":"Die Top 10 der letzten Wochen. Ein paar spontane Gedanken zum verpassten vierten Geburtstag dieses Blogs."},"content":{"rendered":"<figure id=\"attachment_19723\" aria-describedby=\"caption-attachment-19723\" style=\"width: 512px\" class=\"wp-caption aligncenter\"><img loading=\"lazy\" decoding=\"async\" class=\"size-full wp-image-19723\" title=\"bloggerme\" src=\"http:\/\/www.schiebener.net\/wordpress\/wp-content\/uploads\/2012\/08\/bloggerme.jpg\" alt=\"A blogger is always working ... (foto: stalker) \" width=\"512\" height=\"366\" srcset=\"https:\/\/www.schiebener.net\/wordpress\/wp-content\/uploads\/2012\/08\/bloggerme.jpg 512w, https:\/\/www.schiebener.net\/wordpress\/wp-content\/uploads\/2012\/08\/bloggerme-300x214.jpg 300w\" sizes=\"auto, (max-width: 512px) 85vw, 512px\" \/><figcaption id=\"caption-attachment-19723\" class=\"wp-caption-text\">Blogger on a mission ... (foto: stalker) <\/figcaption><\/figure>\n<table style=\"height: 319px;\" border=\"1\" cellpadding=\"3\" width=\"519\">\n<tbody>\n<tr>\n<td class=\"label\"><a href=\"http:\/\/www.schiebener.net\/wordpress\/?p=19424\" target=\"_blank\">Anthroposophie und Nationalsozialismus: \u00e2\u20ac\u017eDie Waldorfschulen erziehen zur Volksgemeinschaft\u00e2\u20ac\u0153<\/a><\/td>\n<\/tr>\n<tr>\n<td class=\"label\"><a href=\"http:\/\/www.schiebener.net\/wordpress\/?p=11053\" target=\"_blank\">Meschede: Vergessene Patienten-Akten in der ehemaligen Veramed-Klinik.<\/a><\/td>\n<\/tr>\n<tr>\n<td class=\"label\"><a href=\"http:\/\/www.schiebener.net\/wordpress\/?p=18467\" target=\"_blank\">Wieder ein Ort ohne Freibad: Winterberg<\/a><\/td>\n<\/tr>\n<tr>\n<td class=\"label\"><a href=\"http:\/\/www.schiebener.net\/wordpress\/?p=17311\" target=\"_blank\">Hitler, Steiner, Mussolini \u00e2\u20ac\u201c Anthroposophie und Faschismus, gestern und heute<\/a><\/td>\n<\/tr>\n<tr>\n<td class=\"label\"><a href=\"http:\/\/www.schiebener.net\/wordpress\/?p=7403\" target=\"_blank\">Wo finde ich die W\u00e4hlerverzeichnisnummer?<\/a><\/td>\n<\/tr>\n<tr>\n<td class=\"label\"><a href=\"http:\/\/www.schiebener.net\/wordpress\/?p=19654\" target=\"_blank\">Hallen- und Freibad geschlossen \u00e2\u20ac\u201c Winterberg verliert Tradition, Flair und Charakter.<\/a><\/td>\n<\/tr>\n<tr>\n<td class=\"label\"><a href=\"http:\/\/www.schiebener.net\/wordpress\/?p=13619\" target=\"_blank\">Waldorfschulen und Rudolf Steiner: Rassismus zu Multikulti umdeuten?<\/a><\/td>\n<\/tr>\n<tr>\n<td class=\"label\"><a href=\"http:\/\/www.schiebener.net\/wordpress\/?page_id=12950\" target=\"_blank\">Polizei Hochsauerland<\/a><\/td>\n<\/tr>\n<tr>\n<td class=\"label\"><a href=\"http:\/\/www.schiebener.net\/wordpress\/?p=19538\" target=\"_blank\">Wird Wohnen mit dem \u00e2\u20ac\u017eMescheder Modell\u00e2\u20ac\u0153 zum Luxus?<\/a><\/td>\n<\/tr>\n<tr>\n<td class=\"label\"><a href=\"http:\/\/www.schiebener.net\/wordpress\/?p=19630\" target=\"_blank\">Blaualgen im Hillebachsee: wo ist das Gutachten?<\/a><\/td>\n<\/tr>\n<\/tbody>\n<\/table>\n<p><strong>Eine kleine Spielerei am Abend. Ich traue keiner Statistik, die ich nicht selbst gef\u00e4lscht habe. <\/strong><\/p>\n<p>Die Aussagekraft der oben abgebildeten &#8222;Hitparade&#8220;\u00a0 ist gering, wenn man beispielsweise nicht wei\u00df, wie lange die Artikel schon im Blog stehen.<\/p>\n<p>Der Eintrag &#8222;Wo finde ich die W\u00e4hlerverzeichnisnummer&#8220; datiert vom 18. April 2010. Die absoluten Klicks haben sich also \u00fcber einenn langen Zeitraum aufsummiert. Beide Freibad-Artikel sind neueren Datums. Der obere ist vom 22. Mai 2012, der untere vom 15. August.<\/p>\n<p>Der Hillebachsee steht auf Platz 10, wurde allerdings erst am 13. August diesen Jahres geschrieben.<\/p>\n<p>Platz 1 &#8222;Anthroposophie und Nationalsozialismus&#8220; erschien am 22. Juli 2012.<\/p>\n<p>Mir pers\u00f6nlich sagen solche Statistiken das, was ich sowieso schon wei\u00df: Lokales ist wichtig, Polizeiberichte und Feuerwehreins\u00e4tze sind es ebenso.<\/p>\n<p>Dazu kommen \u00fcberregional stark polarisierende Themen wie in dieser Tabelle &#8222;Wissenschaft vs. Anthroposophie&#8220;.<\/p>\n<p>Mir pers\u00f6nlich gef\u00e4llt die Mischung. Das Blog bedient keine Nische, die Themenwahl ist eklektisch, kein Stress irgendeine Fl\u00e4che zu bedienen.<\/p>\n<p>Werbung f\u00fcr die einzelnen Artikel betreibe ich \u00fcbrigens WEDER im lokalen Raum NOCH zielgruppenorientiert. Das Motto ist: Wer das Blog findet, hat Gl\u00fcck oder auch Pech gehabt.<\/p>\n<p>Auf diese Art und Weise kommen  oft unvermutet neue Autorinnen und Autoren hinzu. Ich finde das spannend und lerne viel Neues.<\/p>\n<p>Vielleicht noch etwas zu Facebook: <a href=\"http:\/\/www.schiebener.net\/wordpress\/?page_id=220\" target=\"_blank\">zuerst war das Blog<\/a>. Dann kam Facebook und hat viel &#8222;low level&#8220; Kommunikation abgesaugt. Es ist  leichter bei FB  mal schnell einen Artikel zu verlinken oder ein Bild zu posten als im Blog. Kommentare sind fix geschrieben: keine Anti-Spam-Captchas wie im Blog.<\/p>\n<p>Jetzt aber kommt das Blog zur\u00fcck. Ich k\u00fcmmere mich wieder mehr um die Artikel und \u00fcberlege mir jedesmal sehr genau, ob ich nicht auch etwas weniger Weltbewegendes im Blog, statt auf Facebook unterbringen soll. Die <a href=\"http:\/\/www.schiebener.net\/wordpress\/?p=19620\" target=\"_blank\">VW-K\u00e4fer<\/a> h\u00e4tte ich beispielsweise in der &#8222;Facebook-Phase&#8220; nicht ins Blog gehoben, der <a href=\"http:\/\/www.schiebener.net\/wordpress\/?p=18467\" target=\"_blank\">Freibad-Artikel<\/a> ist gewisserma\u00dfen im Vor\u00fcberfahren (mit dem MTB) entstanden.<\/p>\n<p>Damit ist Schluss, denn wichtig ist das eigene Blog und noch wichtiger ist die Vernetzung der eigenen Blogs.<\/p>\n<p>Gerade wir politischen Blogger sollten autonom bleiben.<\/p>\n","protected":false},"excerpt":{"rendered":"<p>Anthroposophie und Nationalsozialismus: \u00e2\u20ac\u017eDie Waldorfschulen erziehen zur Volksgemeinschaft\u00e2\u20ac\u0153 Meschede: Vergessene Patienten-Akten in der ehemaligen Veramed-Klinik. Wieder ein Ort ohne Freibad: Winterberg Hitler, Steiner, Mussolini \u00e2\u20ac\u201c Anthroposophie und Faschismus, gestern und &hellip; <a href=\"https:\/\/www.schiebener.net\/wordpress\/die-top-10-der-letzten-wochen-ein-paar-spontane-gedanken-zum-verpassten-4-jahrigen-geburtstag-dieses-blogs\/\" class=\"more-link\"><span class=\"screen-reader-text\">\u201eDie Top 10 der letzten Wochen. Ein paar spontane Gedanken zum verpassten vierten Geburtstag dieses Blogs.\u201c <\/span>weiterlesen<\/a><\/p>\n","protected":false},"author":3,"featured_media":0,"comment_status":"open","ping_status":"open","sticky":false,"template":"","format":"standard","meta":{"footnotes":""},"categories":[174,2489],"tags":[3843,3842],"class_list":["post-19713","post","type-post","status-publish","format-standard","hentry","category-dit-und-dat","category-in-eigener-sache","tag-blogartikel","tag-top-10"],"_links":{"self":[{"href":"https:\/\/www.schiebener.net\/wordpress\/wp-json\/wp\/v2\/posts\/19713","targetHints":{"allow":["GET"]}}],"collection":[{"href":"https:\/\/www.schiebener.net\/wordpress\/wp-json\/wp\/v2\/posts"}],"about":[{"href":"https:\/\/www.schiebener.net\/wordpress\/wp-json\/wp\/v2\/types\/post"}],"author":[{"embeddable":true,"href":"https:\/\/www.schiebener.net\/wordpress\/wp-json\/wp\/v2\/users\/3"}],"replies":[{"embeddable":true,"href":"https:\/\/www.schiebener.net\/wordpress\/wp-json\/wp\/v2\/comments?post=19713"}],"version-history":[{"count":0,"href":"https:\/\/www.schiebener.net\/wordpress\/wp-json\/wp\/v2\/posts\/19713\/revisions"}],"wp:attachment":[{"href":"https:\/\/www.schiebener.net\/wordpress\/wp-json\/wp\/v2\/media?parent=19713"}],"wp:term":[{"taxonomy":"category","embeddable":true,"href":"https:\/\/www.schiebener.net\/wordpress\/wp-json\/wp\/v2\/categories?post=19713"},{"taxonomy":"post_tag","embeddable":true,"href":"https:\/\/www.schiebener.net\/wordpress\/wp-json\/wp\/v2\/tags?post=19713"}],"curies":[{"name":"wp","href":"https:\/\/api.w.org\/{rel}","templated":true}]}}