{"id":19654,"date":"2012-08-15T14:37:55","date_gmt":"2012-08-15T13:37:55","guid":{"rendered":"http:\/\/www.schiebener.net\/wordpress\/?p=19654"},"modified":"2013-06-08T12:07:04","modified_gmt":"2013-06-08T10:07:04","slug":"hallen-und-freibad-geschlossen-%e2%80%93-winterberg-verliert-tradition-flair-und-charakter","status":"publish","type":"post","link":"https:\/\/www.schiebener.net\/wordpress\/hallen-und-freibad-geschlossen-%e2%80%93-winterberg-verliert-tradition-flair-und-charakter\/","title":{"rendered":"Hallen- und Freibad geschlossen &#8211; Winterberg verliert Tradition, Flair und Charakter."},"content":{"rendered":"<figure id=\"attachment_19653\" aria-describedby=\"caption-attachment-19653\" style=\"width: 512px\" class=\"wp-caption aligncenter\"><img loading=\"lazy\" decoding=\"async\" class=\"size-full wp-image-19653 \" title=\"winterbergerbad01\" alt=\"Der Eingang zum Winterberger Freibad bleibt geschlossen. (foto: reintke)\" src=\"http:\/\/www.schiebener.net\/wordpress\/wp-content\/uploads\/2012\/08\/winterbergerbad01.jpg\" width=\"512\" height=\"336\" srcset=\"https:\/\/www.schiebener.net\/wordpress\/wp-content\/uploads\/2012\/08\/winterbergerbad01.jpg 512w, https:\/\/www.schiebener.net\/wordpress\/wp-content\/uploads\/2012\/08\/winterbergerbad01-300x196.jpg 300w\" sizes=\"auto, (max-width: 512px) 85vw, 512px\" \/><figcaption id=\"caption-attachment-19653\" class=\"wp-caption-text\">Der Eingang zum Winterberger Freibad bleibt geschlossen. (fotos: reintke)<\/figcaption><\/figure>\n<p><strong>&#8222;Komm wir wollen los, sonst ist es schon so voll!&#8220; &#8211; So ging es jeden Sonntag, wenn meine Mutter mich antrieb, um endlich zum Winterberger Freibad fahren zu k\u00f6nnen. <\/strong><\/p>\n<p>Ich kenne das 50-Meter-Becken seitdem ich schwimmen kann. Jeden Sommer fuhr ich als Kind mit meinen Geschwistern und Eltern in das nahe gelegene Winterberg, um dort das Hallen- und Freibad zu besuchen.<\/p>\n<p>Der ersten Sprung vom 3-Meter Brett und das Abzeichen &#8222;Seepferdchen&#8220; folgten. Leider war der gro\u00dfe Sprungturm bereits au\u00dfer Betrieb. Irgendwann wurde er abgerissen.<\/p>\n<p><strong>Das Personal war immer freundlich<\/strong><br \/>\nIch erinnere mich an den Tag, als wir im Buchenweg bei durchwachsener Witterung ankamen und der Bademeister sagte: &#8222;Wie, bei den Temperaturen wollt ihr ins Freibad? Eigentlich haben wir heute nur das Hallenbad aufgemacht, aber wenn ihr schon mal hier seid, dann mache ich euch das Freibad auf!&#8220; Auch weil das Schwimmen durch das Freibad nahe der Bobbahn irgendwann so dazugeh\u00f6rte, trat ich sp\u00e4ter in die DLRG ein.<\/p>\n<figure id=\"attachment_19655\" aria-describedby=\"caption-attachment-19655\" style=\"width: 224px\" class=\"wp-caption alignleft\"><img loading=\"lazy\" decoding=\"async\" class=\"size-full wp-image-19655 \" title=\"Frei- und Hallenbad Winterberg\" alt=\"Zum Freibad geh\u00f6rte auch ein Hallenbad mit einem 25-Meter-Becken.\" src=\"http:\/\/www.schiebener.net\/wordpress\/wp-content\/uploads\/2012\/08\/winterbergerbad02.jpg\" width=\"224\" height=\"299\" srcset=\"https:\/\/www.schiebener.net\/wordpress\/wp-content\/uploads\/2012\/08\/winterbergerbad02.jpg 320w, https:\/\/www.schiebener.net\/wordpress\/wp-content\/uploads\/2012\/08\/winterbergerbad02-224x300.jpg 224w\" sizes=\"auto, (max-width: 224px) 85vw, 224px\" \/><figcaption id=\"caption-attachment-19655\" class=\"wp-caption-text\">Zum Freibad geh\u00f6rte auch ein Hallenbad mit einem 25-Meter-Becken.<\/figcaption><\/figure>\n<p><strong>Die letzte Chance<br \/>\n<\/strong>Ich erinnere mich aber auch an die Aussage im August 2011, als mir der Bademeister erz\u00e4hlte, dass es nun bald vorbei sei und ich jetzt die letzte Chance h\u00e4tte das Freibad nochmal zu besuchen.<\/p>\n<p>Umso mehr bedauere ich als langj\u00e4hriger Besucher des h\u00f6chstgelegenen Freibades Nordrhein-Westfalens die Schlie\u00dfung am 22. April 2012 (siehe auch<a href=\"http:\/\/www.schiebener.net\/wordpress\/?p=18467\" target=\"_blank\"> hier im Blog<\/a>).<\/p>\n<p><strong>Freibad mit Charakter<\/strong><br \/>\nDie tolle Liegewiese, auf der wir all die Jahre an der gleichen Bank in der Sonne lagen, den Erlebnispilz, die Sprungt\u00fcrme, den Volleyballplatz, das Eis am Kiosk und die freundlichen Bademeister, der immer in seinem Liegestuhl vor dem Aufsichtsh\u00e4uschen sa\u00df.<\/p>\n<p>Das Winterberger Freibad hatte Charakter wie kein zweites.\u00a0 Lage, Leute und das Panorama machten es einzigartig. Eines der lohnenden Objekte, um Winterberg besuchen zu kommen.<\/p>\n<p><strong>Das Freibad heute &#8211; ein trauriges Bild<\/strong><br \/>\nDas Bild was sich mir im Juli bot, als ich nachsehen wollte was aus dem Freibad geworden ist, war traurig. Ein kleines Informationsschild \u00fcber die Schlie\u00dfung an der T\u00fcr, der ungem\u00e4hte Rasen der riesigen Liegewiese, das vom Unkraut befallene Pflaster, der heruntergekommene Spielplatz und das gr\u00fcnliche Wasser im Au\u00dfenbecken &#8211; traurig!<\/p>\n<p><strong>Nachfragen und Nachforschungen<\/strong><br \/>\nMir dr\u00e4ngte sich die Frage auf: &#8222;Was denkt sich die Tourismus- und Wintersportstadt Winterberg dabei, ein solches Freibad zu schlie\u00dfen?&#8220; Ich nahm Kontakt mit der Stadt Winterberg und der Knappschaft Bahn-See auf.<!--more--><\/p>\n<p>Das Bedauern \u00fcber die Schlie\u00dfung teilte der Mitarbeiter der <a href=\"http:\/\/www.winterberg.de\/\" target=\"_blank\"><em>Winterberg Touristik und Wirtschaft GmbH<\/em><\/a>, aber nur ohne den Blick auf die wirtschaftlichen Gegebenheiten.<\/p>\n<p>Dass Winterberg ein Freibad nicht als Kulturgut anzusehen scheint, hatte die Stadt bereits vor Jahren bewiesen, als es das Freibad in Siedlinghausen abstie\u00df, welches heute privatisiert weiter betrieben werden kann.<\/p>\n<p>Die Schlie\u00dfung des st\u00e4dtischen Schwimmbades beschreibt die Stadt als Verlust, den die Politiker schweren Herzens beschlossen haben, da im Schwimmbad ein Investitionsstau herrsche und man sich vorgenommen habe, veraltete Einrichtungen mit hohen Betriebskosten aufzugeben. Auch die seit Jahrzehnten r\u00fcckl\u00e4ufigen Besucherzahlen seien ein Grund. Ich verweise an dieser Stelle auf das einleitende Zitat.<\/p>\n<p><strong>Andere defizit\u00e4re Anlagen werden weiterbetrieben<\/strong><br \/>\nFraglich bleibt auch, warum andere defizit\u00e4r betriebene Anlagen wie beispielsweise die Bobbahn betrieben werden, wenn die Stadt Winterberg so zu handeln vermag.<\/p>\n<figure id=\"attachment_19656\" aria-describedby=\"caption-attachment-19656\" style=\"width: 224px\" class=\"wp-caption alignleft\"><img loading=\"lazy\" decoding=\"async\" class=\"size-full wp-image-19656 \" title=\"Eingang Hallenbad\" alt=\"Auch der Eingansbereich des Hallenbades beginnt zuzuwuchern.\" src=\"http:\/\/www.schiebener.net\/wordpress\/wp-content\/uploads\/2012\/08\/winterbergerbad03.jpg\" width=\"224\" height=\"299\" srcset=\"https:\/\/www.schiebener.net\/wordpress\/wp-content\/uploads\/2012\/08\/winterbergerbad03.jpg 320w, https:\/\/www.schiebener.net\/wordpress\/wp-content\/uploads\/2012\/08\/winterbergerbad03-224x300.jpg 224w\" sizes=\"auto, (max-width: 224px) 85vw, 224px\" \/><figcaption id=\"caption-attachment-19656\" class=\"wp-caption-text\">Auch der Eingansbereich des Hallenbades beginnt zuzuwuchern.<\/figcaption><\/figure>\n<p><strong>Was mit dem Hallen- und Freibad Winterberg geschehen soll?<\/strong> Das wei\u00df scheinbar niemand so genau. Interesse von privater Seite wie in Siedlinghausen am Freibad bestehe aber keines. Ein solches Freibad k\u00f6nne in keinster Weise wirtschaftlich betrieben werden, so die Stadt Winterberg und beweist erneut ihr rationales Denken. Die Anlagen im Schwimmbad haben allerdings noch problemlos funktioniert.<\/p>\n<p><strong>Die Knappschaft Bahn-See<\/strong><br \/>\nDas Gel\u00e4nde, auf welchem auch das Freibad liegt, geh\u00f6rt zum Gro\u00dfteil der <em><a href=\"http:\/\/www.kbs.de\/DE\/00_ueber_uns\/ueberuns_node.html\" target=\"_blank\">Knappschaft Bahn-See<\/a><\/em>. Laut des Tr\u00e4gers der gesetzlichen Renten- und Krankenversicherung ist das Gel\u00e4nde weiterhin an die Stadt Winterberg verpachtet. Die Stadt Winterberg gibt allerdings an, dass die Pacht auslaufe. <em>Knappschaft Bahn-See<\/em> allerdings scheint auch nicht zu wissen, was mit dem Gel\u00e4nde anzufangen ist. Eine Wiederer\u00f6ffnung scheint aber auch ihrerseits derzeit nicht geplant zu sein, da sie als Tr\u00e4gerin der gesetzlichen Renten- und Krankenversicherung nicht dazu berechtigt ist.<\/p>\n<p><strong>Das Geb\u00e4ude des Hallenbades steht auf dem Gel\u00e4nde der Stadt.<\/strong> Winterberg hat einen R\u00fcckbau dieses Geb\u00e4udes f\u00fcr 2013 oder 2014 in den Raum geworfen. Allerdings ist die Aussage \u00fcber das Verhalten gegen\u00fcber dem Freibad, welches auf dem Gel\u00e4nde der Knappschaft Bahn-See steht, nicht eindeutig.<\/p>\n<p>Die <em>Knappschaft Bahn-See<\/em> scheint sich generell wenig Gedanken \u00fcber das Freibad zu machen, solange das Gel\u00e4nde an die Stadt Winterberg verpachtet ist.<\/p>\n<p><em>&#8222;Das Freibadgel\u00e4nde ist noch an die Stadt Winterberg verpachtet. Insofern sind nicht wir, sondern die Stadt Winterberg der geeignete Ansprechpartner wegen einer Anfrage zum Weiterbetrieb bzw. zur Wiederer\u00f6ffnung des Freibades&#8220;(Knappschaft Bahn-See, 07.08.2012).<\/em><\/p>\n<p><strong>Freibad Siedlinghausen als Ersatz<\/strong><br \/>\nAls Ersatz bleibt nur das kleinere <a href=\"http:\/\/www.baederverein-siedlinghausen.de\/pages\/baeder\/freibad.php\" target=\"_blank\">Freibad im Ort Siedlinghausen<\/a> oder das 60-qm-Becken, welches im neuen <a href=\"http:\/\/www.oversum-vitalresort.de\/wellness-und-spa\" target=\"_blank\">Oversum in Winterberg<\/a> ein St\u00fcck weit das alte Freibad ersetzen soll.<\/p>\n<p>Winterberger Politikerinnen und Politiker sollten es als ein Anliegen sehen, dieses unverwechselbare Freibad nicht zuzusch\u00fctten und das Panorama der Ferienwelt Winterberg den G\u00e4sten und Einwohnern der Stadt wieder zug\u00e4nglich zu machen.<\/p>\n<p><strong>Ein wichtiges St\u00fcck Winterberger Tradition geht verloren<\/strong><br \/>\nWas geschehen soll bleibt weiter abzuwarten. Zu hoffen bleibt, dass das Wasser im 50-Meter-Becken eines Tages wieder blau ist, denn mit dem Hallen- und Freibad Winterberg geht ein wichtiges St\u00fcck Winterberger Tradition verloren.<\/p>\n<p>UPDATE: WDR Lokalzeit berichtet: <a href=\"http:\/\/www.wdr.de\/mediathek\/html\/regional\/rueckschau\/2012\/08\/23\/lokalzeit_suedwestfalen.xml\" target=\"_blank\">http:\/\/www.wdr.de\/mediathek\/html\/regional\/rueckschau\/2012\/08\/23\/lokalzeit_suedwestfalen.xml<\/a><\/p>\n","protected":false},"excerpt":{"rendered":"<p>&#8222;Komm wir wollen los, sonst ist es schon so voll!&#8220; &#8211; So ging es jeden Sonntag, wenn meine Mutter mich antrieb, um endlich zum Winterberger Freibad fahren zu k\u00f6nnen. Ich &hellip; <a href=\"https:\/\/www.schiebener.net\/wordpress\/hallen-und-freibad-geschlossen-%e2%80%93-winterberg-verliert-tradition-flair-und-charakter\/\" class=\"more-link\"><span class=\"screen-reader-text\">\u201eHallen- und Freibad geschlossen &#8211; Winterberg verliert Tradition, Flair und Charakter.\u201c <\/span>weiterlesen<\/a><\/p>\n","protected":false},"author":46,"featured_media":0,"comment_status":"open","ping_status":"open","sticky":false,"template":"","format":"standard","meta":{"footnotes":""},"categories":[674,80,71],"tags":[3833,3832,162],"class_list":["post-19654","post","type-post","status-publish","format-standard","hentry","category-kultur","category-lokales","category-sport","tag-freibad-siedlinghausen","tag-hallen-und-freibad-winterberg","tag-hallenbad"],"_links":{"self":[{"href":"https:\/\/www.schiebener.net\/wordpress\/wp-json\/wp\/v2\/posts\/19654","targetHints":{"allow":["GET"]}}],"collection":[{"href":"https:\/\/www.schiebener.net\/wordpress\/wp-json\/wp\/v2\/posts"}],"about":[{"href":"https:\/\/www.schiebener.net\/wordpress\/wp-json\/wp\/v2\/types\/post"}],"author":[{"embeddable":true,"href":"https:\/\/www.schiebener.net\/wordpress\/wp-json\/wp\/v2\/users\/46"}],"replies":[{"embeddable":true,"href":"https:\/\/www.schiebener.net\/wordpress\/wp-json\/wp\/v2\/comments?post=19654"}],"version-history":[{"count":0,"href":"https:\/\/www.schiebener.net\/wordpress\/wp-json\/wp\/v2\/posts\/19654\/revisions"}],"wp:attachment":[{"href":"https:\/\/www.schiebener.net\/wordpress\/wp-json\/wp\/v2\/media?parent=19654"}],"wp:term":[{"taxonomy":"category","embeddable":true,"href":"https:\/\/www.schiebener.net\/wordpress\/wp-json\/wp\/v2\/categories?post=19654"},{"taxonomy":"post_tag","embeddable":true,"href":"https:\/\/www.schiebener.net\/wordpress\/wp-json\/wp\/v2\/tags?post=19654"}],"curies":[{"name":"wp","href":"https:\/\/api.w.org\/{rel}","templated":true}]}}