{"id":19538,"date":"2012-08-03T21:02:37","date_gmt":"2012-08-03T20:02:37","guid":{"rendered":"http:\/\/www.schiebener.net\/wordpress\/?p=19538"},"modified":"2012-08-03T21:02:37","modified_gmt":"2012-08-03T20:02:37","slug":"wird-wohnen-mit-dem-%e2%80%9emescheder-modell%e2%80%9c-zum-luxus","status":"publish","type":"post","link":"https:\/\/www.schiebener.net\/wordpress\/wird-wohnen-mit-dem-%e2%80%9emescheder-modell%e2%80%9c-zum-luxus\/","title":{"rendered":"Wird Wohnen mit dem \u00e2\u20ac\u017eMescheder Modell\u00e2\u20ac\u0153 zum Luxus?"},"content":{"rendered":"<figure id=\"attachment_14767\" aria-describedby=\"caption-attachment-14767\" style=\"width: 210px\" class=\"wp-caption alignleft\"><img loading=\"lazy\" decoding=\"async\" class=\"size-medium wp-image-14767 \" title=\"meschede20111112\" src=\"http:\/\/www.schiebener.net\/wordpress\/wp-content\/uploads\/2011\/11\/meschede20111112-300x215.jpg\" alt=\"Hereinspaziert! Meschede im November 2011. (archiv: zoom)\" width=\"210\" height=\"151\" srcset=\"https:\/\/www.schiebener.net\/wordpress\/wp-content\/uploads\/2011\/11\/meschede20111112-300x215.jpg 300w, https:\/\/www.schiebener.net\/wordpress\/wp-content\/uploads\/2011\/11\/meschede20111112.jpg 512w\" sizes=\"auto, (max-width: 210px) 85vw, 210px\" \/><figcaption id=\"caption-attachment-14767\" class=\"wp-caption-text\">Hereinspaziert! Meschede im November 2011. (archiv: zoom)<\/figcaption><\/figure>\n<p><strong>Meschede. Einmal mehr jubelte die Westfalenpost als \u00e2\u20ac\u017eZeitung f\u00fcr Meschede\u00e2\u20ac\u0153 diesmal am 24.07.2012 \u00fcber das \u00e2\u20ac\u017eMescheder Modell\u00e2\u20ac\u0153 mit dem die Nutzungsrechte am Kanalnetz an den Ruhrverband \u00fcbertragen wurden. <\/strong><\/p>\n<p>Rund 33 Millionen Euro kassierte die Stadt als Ausgleichszahlung vom Ruhrverband. Obwohl Meschede diese Summe \u00fcberwiegend zur Schuldentilgung verwenden wollte, hat sich der j\u00e4hrliche Schuldenanstieg der Stadt nur verstetigt.<\/p>\n<p><strong>Fazit:<\/strong> Es bringt halt nichts einen l\u00f6chrigen Eimer immer wieder auf zu f\u00fcllen.<\/p>\n<p><strong>Demografischer Wandel f\u00fchrt zu h\u00f6heren Kosten f\u00fcr den einzelnen B\u00fcrger<\/strong><br \/>\nWie bekannt ist, wird die Stadt Meschede in den n\u00e4chsten Jahren 15% der Einwohner durch den demografischen Wandel einb\u00fc\u00dfen. Die <strong>Kosten des Kanalnetzes werden also auf weniger Menschen zu verteilen sein.<\/strong> Deutliche Kostensteigerungen f\u00fcr alle B\u00fcrger sind somit vorprogrammiert. Auch dadurch wird Altersarmut weiter vorangetrieben.<\/p>\n<p><strong>Hohe Miet-Nebenkosten<\/strong><br \/>\nZu den Lebenskosten schrieb am 26.07.2012 die WP einen Artikel mit der \u00dcberschrift \u00e2\u20ac\u017eWohnen wird f\u00fcr viele zum Luxus\u00e2\u20ac\u0153. In dem Artikel wurden die hohen Nebenkosten wie zum Beispiel die Abwassergeb\u00fchren angeprangert.<\/p>\n<p>Diese betragen f\u00fcr 200 Kubikmeter Abwasser gem\u00e4\u00df Recherche der Westfalenpost<\/p>\n<p>in Siegen 544 \u00e2\u201a\u00ac,<br \/>\nin Olpe 588 \u00e2\u201a\u00ac,<br \/>\nin Hagen 621 \u00e2\u201a\u00ac,<br \/>\nin Meschede 694 \u00e2\u201a\u00ac und<br \/>\nin Menden 701 \u00e2\u201a\u00ac.<\/p>\n<p>Wenn das \u00e2\u20ac\u017eMescheder Abwassermodell\u00e2\u20ac\u0153 f\u00fcr die hohen Kosten mitverantwortlich ist, ist es ein schlechtes Modell.<\/p>\n<p><strong>Der Konstruktionsfehler dieses \u00e2\u20ac\u017eAbwassermodells\u00e2\u20ac\u0153 wird in der Zukunft offenbart:<\/strong><br \/>\nDie Stadt hat in einem alle B\u00fcrger betreffenden Lebensbereich ihre Steuerungs- und Einflussm\u00f6glichkeiten aus der Hand gegeben.<\/p>\n","protected":false},"excerpt":{"rendered":"<p>Meschede. Einmal mehr jubelte die Westfalenpost als \u00e2\u20ac\u017eZeitung f\u00fcr Meschede\u00e2\u20ac\u0153 diesmal am 24.07.2012 \u00fcber das \u00e2\u20ac\u017eMescheder Modell\u00e2\u20ac\u0153 mit dem die Nutzungsrechte am Kanalnetz an den Ruhrverband \u00fcbertragen wurden. Rund 33 &hellip; <a href=\"https:\/\/www.schiebener.net\/wordpress\/wird-wohnen-mit-dem-%e2%80%9emescheder-modell%e2%80%9c-zum-luxus\/\" class=\"more-link\"><span class=\"screen-reader-text\">\u201eWird Wohnen mit dem \u00e2\u20ac\u017eMescheder Modell\u00e2\u20ac\u0153 zum Luxus?\u201c <\/span>weiterlesen<\/a><\/p>\n","protected":false},"author":45,"featured_media":0,"comment_status":"open","ping_status":"open","sticky":false,"template":"","format":"standard","meta":{"footnotes":""},"categories":[3182,80,24,1208],"tags":[3804,264],"class_list":["post-19538","post","type-post","status-publish","format-standard","hentry","category-finanzen","category-lokales","category-politik","category-wirtschaft","tag-kanalnetz","tag-meschede"],"_links":{"self":[{"href":"https:\/\/www.schiebener.net\/wordpress\/wp-json\/wp\/v2\/posts\/19538","targetHints":{"allow":["GET"]}}],"collection":[{"href":"https:\/\/www.schiebener.net\/wordpress\/wp-json\/wp\/v2\/posts"}],"about":[{"href":"https:\/\/www.schiebener.net\/wordpress\/wp-json\/wp\/v2\/types\/post"}],"author":[{"embeddable":true,"href":"https:\/\/www.schiebener.net\/wordpress\/wp-json\/wp\/v2\/users\/45"}],"replies":[{"embeddable":true,"href":"https:\/\/www.schiebener.net\/wordpress\/wp-json\/wp\/v2\/comments?post=19538"}],"version-history":[{"count":0,"href":"https:\/\/www.schiebener.net\/wordpress\/wp-json\/wp\/v2\/posts\/19538\/revisions"}],"wp:attachment":[{"href":"https:\/\/www.schiebener.net\/wordpress\/wp-json\/wp\/v2\/media?parent=19538"}],"wp:term":[{"taxonomy":"category","embeddable":true,"href":"https:\/\/www.schiebener.net\/wordpress\/wp-json\/wp\/v2\/categories?post=19538"},{"taxonomy":"post_tag","embeddable":true,"href":"https:\/\/www.schiebener.net\/wordpress\/wp-json\/wp\/v2\/tags?post=19538"}],"curies":[{"name":"wp","href":"https:\/\/api.w.org\/{rel}","templated":true}]}}