{"id":19505,"date":"2012-07-29T20:07:32","date_gmt":"2012-07-29T19:07:32","guid":{"rendered":"http:\/\/www.schiebener.net\/wordpress\/?p=19505"},"modified":"2012-07-29T20:07:32","modified_gmt":"2012-07-29T19:07:32","slug":"fototechnisch-noch-nicht-ausgefeilt-ein-neuer-blick-auf-winterberg","status":"publish","type":"post","link":"https:\/\/www.schiebener.net\/wordpress\/fototechnisch-noch-nicht-ausgefeilt-ein-neuer-blick-auf-winterberg\/","title":{"rendered":"Fototechnisch noch nicht ausgefeilt: ein (neuer) Blick auf Winterberg"},"content":{"rendered":"<figure id=\"attachment_19506\" aria-describedby=\"caption-attachment-19506\" style=\"width: 512px\" class=\"wp-caption aligncenter\"><img loading=\"lazy\" decoding=\"async\" class=\"size-full wp-image-19506\" title=\"winterbergvomsteinbruch\" src=\"http:\/\/www.schiebener.net\/wordpress\/wp-content\/uploads\/2012\/07\/winterbergvomsteinbruch.jpg\" alt=\"Diesen Blick auf Winterberg hatte ich bislang noch nicht gehabt. (foto: zoom)\" width=\"512\" height=\"234\" srcset=\"https:\/\/www.schiebener.net\/wordpress\/wp-content\/uploads\/2012\/07\/winterbergvomsteinbruch.jpg 512w, https:\/\/www.schiebener.net\/wordpress\/wp-content\/uploads\/2012\/07\/winterbergvomsteinbruch-300x137.jpg 300w\" sizes=\"auto, (max-width: 512px) 85vw, 512px\" \/><figcaption id=\"caption-attachment-19506\" class=\"wp-caption-text\">Diesen Blick auf Winterberg hatte ich bislang noch nicht gehabt. (fotos: zoom)<\/figcaption><\/figure>\n<p><strong>Alles sprach heute Mittag gegen eine gute Aufnahme: die Himmelsrichtung, die Tageszeit, die Sonne, die kleine Kamera. Fototechnisch ist das Bild nicht akzeptabel.<\/strong><\/p>\n<p>Da ich aber Winterberg aus dieser Perspektive noch nicht fotografiert hatte, habe ich trotzdem mit der kleinen &#8222;Jogging-Kamera&#8220; geknippst, um das n\u00e4chste Mal bei g\u00fcnstigeren Lichverh\u00e4ltnissen und mit einer besseren Ausr\u00fcstung an Ort und Stelle zur\u00fcckzukehren.<\/p>\n<p>Vielleicht kommt mir auch jemand anderes zuvor. Wer wei\u00df?<\/p>\n<p>Zu sehen ist links die <a href=\"http:\/\/de.wikipedia.org\/wiki\/St.-Georg-Schanze\" target=\"_blank\">St.-Georg-Sprungschanze<\/a>. Bei dem Geb\u00e4ude in der linken Mitte handelt es sich um das <a href=\"http:\/\/www.rathaus-winterberg.de\/\" target=\"_blank\">Winterberger Rathaus<\/a>.\u00a0 Rechts unterhalb der Wiese ist eine <a href=\"http:\/\/www.winterberg.de\/winter\/Lifte-und-Loipen\/Rodeln\/Rodellifte-Ferienwelt-Winterberg\/Rodellifte\/Rodellift-Nr.-16-Rodellift-am-Herrloh\" target=\"_blank\">Rodelbahn<\/a>.\u00a0 Die rechte unter H\u00e4lfte des Fotos nehmen die H\u00e4user des <a href=\"http:\/\/www.landal.de\/de-de\/ferienparks\/deutschland\/sauerland\/winterberg\" target=\"_blank\">Landal-Ferienparks<\/a> ein.<\/p>\n<p>Den lockeren 90-Minuten-Lauf habe ich \u00fcbrigens hier in der N\u00e4he gestartet:<\/p>\n<figure id=\"attachment_19507\" aria-describedby=\"caption-attachment-19507\" style=\"width: 512px\" class=\"wp-caption aligncenter\"><img loading=\"lazy\" decoding=\"async\" class=\"size-full wp-image-19507\" title=\"kraemerhoehe20120729\" src=\"http:\/\/www.schiebener.net\/wordpress\/wp-content\/uploads\/2012\/07\/kraemerhoehe20120729.jpg\" alt=\"Nicht verwirren lassen. Die Kr\u00e4merh\u00f6he war nicht das Ziel.\" width=\"512\" height=\"365\" srcset=\"https:\/\/www.schiebener.net\/wordpress\/wp-content\/uploads\/2012\/07\/kraemerhoehe20120729.jpg 512w, https:\/\/www.schiebener.net\/wordpress\/wp-content\/uploads\/2012\/07\/kraemerhoehe20120729-300x213.jpg 300w\" sizes=\"auto, (max-width: 512px) 85vw, 512px\" \/><figcaption id=\"caption-attachment-19507\" class=\"wp-caption-text\">Nicht verwirren lassen. Die Kr\u00e4merh\u00f6he war nicht das Ziel.<\/figcaption><\/figure>\n","protected":false},"excerpt":{"rendered":"<p>Alles sprach heute Mittag gegen eine gute Aufnahme: die Himmelsrichtung, die Tageszeit, die Sonne, die kleine Kamera. Fototechnisch ist das Bild nicht akzeptabel. Da ich aber Winterberg aus dieser Perspektive &hellip; <a href=\"https:\/\/www.schiebener.net\/wordpress\/fototechnisch-noch-nicht-ausgefeilt-ein-neuer-blick-auf-winterberg\/\" class=\"more-link\"><span class=\"screen-reader-text\">\u201eFototechnisch noch nicht ausgefeilt: ein (neuer) Blick auf Winterberg\u201c <\/span>weiterlesen<\/a><\/p>\n","protected":false},"author":3,"featured_media":0,"comment_status":"open","ping_status":"open","sticky":false,"template":"","format":"standard","meta":{"footnotes":""},"categories":[174,2489,80,71,648],"tags":[],"class_list":["post-19505","post","type-post","status-publish","format-standard","hentry","category-dit-und-dat","category-in-eigener-sache","category-lokales","category-sport","category-was-tun-gegen-langweile"],"_links":{"self":[{"href":"https:\/\/www.schiebener.net\/wordpress\/wp-json\/wp\/v2\/posts\/19505","targetHints":{"allow":["GET"]}}],"collection":[{"href":"https:\/\/www.schiebener.net\/wordpress\/wp-json\/wp\/v2\/posts"}],"about":[{"href":"https:\/\/www.schiebener.net\/wordpress\/wp-json\/wp\/v2\/types\/post"}],"author":[{"embeddable":true,"href":"https:\/\/www.schiebener.net\/wordpress\/wp-json\/wp\/v2\/users\/3"}],"replies":[{"embeddable":true,"href":"https:\/\/www.schiebener.net\/wordpress\/wp-json\/wp\/v2\/comments?post=19505"}],"version-history":[{"count":0,"href":"https:\/\/www.schiebener.net\/wordpress\/wp-json\/wp\/v2\/posts\/19505\/revisions"}],"wp:attachment":[{"href":"https:\/\/www.schiebener.net\/wordpress\/wp-json\/wp\/v2\/media?parent=19505"}],"wp:term":[{"taxonomy":"category","embeddable":true,"href":"https:\/\/www.schiebener.net\/wordpress\/wp-json\/wp\/v2\/categories?post=19505"},{"taxonomy":"post_tag","embeddable":true,"href":"https:\/\/www.schiebener.net\/wordpress\/wp-json\/wp\/v2\/tags?post=19505"}],"curies":[{"name":"wp","href":"https:\/\/api.w.org\/{rel}","templated":true}]}}