{"id":19414,"date":"2012-07-22T15:21:18","date_gmt":"2012-07-22T14:21:18","guid":{"rendered":"http:\/\/www.schiebener.net\/wordpress\/?p=19414"},"modified":"2012-07-23T07:07:01","modified_gmt":"2012-07-23T06:07:01","slug":"kulinarische-gruse-von-der-kuste","status":"publish","type":"post","link":"https:\/\/www.schiebener.net\/wordpress\/kulinarische-gruse-von-der-kuste\/","title":{"rendered":"Kulinarische Gr\u00fc\u00dfe von der K\u00fcste"},"content":{"rendered":"<figure id=\"attachment_19413\" aria-describedby=\"caption-attachment-19413\" style=\"width: 482px\" class=\"wp-caption alignleft\"><img loading=\"lazy\" decoding=\"async\" class=\"size-full wp-image-19413  \" title=\"krabbe\" src=\"http:\/\/www.schiebener.net\/wordpress\/wp-content\/uploads\/2012\/07\/krabbe.jpg\" alt=\"krabbe\" width=\"482\" height=\"322\" srcset=\"https:\/\/www.schiebener.net\/wordpress\/wp-content\/uploads\/2012\/07\/krabbe.jpg 765w, https:\/\/www.schiebener.net\/wordpress\/wp-content\/uploads\/2012\/07\/krabbe-300x200.jpg 300w\" sizes=\"auto, (max-width: 482px) 85vw, 482px\" \/><figcaption id=\"caption-attachment-19413\" class=\"wp-caption-text\">Krabbenbr\u00f6tchen (foto: chris)<\/figcaption><\/figure>\n<p><strong>Lecker, dieser Proteinbomber vom Meer. Mit so unglaublich vielen Krabben, dass die gegarten Tierchen an allen Ecken rausrutschen. <\/strong><\/p>\n<p>Wer in diesem Jahr noch keine Gelegenheit hatte, eine solche K\u00f6stlichkeit zu verspeisen, der sei vorerst mit diesem Bild getr\u00f6stet&#8230;<\/p>\n","protected":false},"excerpt":{"rendered":"<p>Lecker, dieser Proteinbomber vom Meer. Mit so unglaublich vielen Krabben, dass die gegarten Tierchen an allen Ecken rausrutschen. Wer in diesem Jahr noch keine Gelegenheit hatte, eine solche K\u00f6stlichkeit zu &hellip; <a href=\"https:\/\/www.schiebener.net\/wordpress\/kulinarische-gruse-von-der-kuste\/\" class=\"more-link\"><span class=\"screen-reader-text\">\u201eKulinarische Gr\u00fc\u00dfe von der K\u00fcste\u201c <\/span>weiterlesen<\/a><\/p>\n","protected":false},"author":21,"featured_media":0,"comment_status":"open","ping_status":"open","sticky":false,"template":"","format":"standard","meta":{"footnotes":""},"categories":[1,674,2729],"tags":[3785,3786],"class_list":["post-19414","post","type-post","status-publish","format-standard","hentry","category-allgemein","category-kultur","category-reisen","tag-krabben","tag-ostsee"],"_links":{"self":[{"href":"https:\/\/www.schiebener.net\/wordpress\/wp-json\/wp\/v2\/posts\/19414","targetHints":{"allow":["GET"]}}],"collection":[{"href":"https:\/\/www.schiebener.net\/wordpress\/wp-json\/wp\/v2\/posts"}],"about":[{"href":"https:\/\/www.schiebener.net\/wordpress\/wp-json\/wp\/v2\/types\/post"}],"author":[{"embeddable":true,"href":"https:\/\/www.schiebener.net\/wordpress\/wp-json\/wp\/v2\/users\/21"}],"replies":[{"embeddable":true,"href":"https:\/\/www.schiebener.net\/wordpress\/wp-json\/wp\/v2\/comments?post=19414"}],"version-history":[{"count":0,"href":"https:\/\/www.schiebener.net\/wordpress\/wp-json\/wp\/v2\/posts\/19414\/revisions"}],"wp:attachment":[{"href":"https:\/\/www.schiebener.net\/wordpress\/wp-json\/wp\/v2\/media?parent=19414"}],"wp:term":[{"taxonomy":"category","embeddable":true,"href":"https:\/\/www.schiebener.net\/wordpress\/wp-json\/wp\/v2\/categories?post=19414"},{"taxonomy":"post_tag","embeddable":true,"href":"https:\/\/www.schiebener.net\/wordpress\/wp-json\/wp\/v2\/tags?post=19414"}],"curies":[{"name":"wp","href":"https:\/\/api.w.org\/{rel}","templated":true}]}}