{"id":19218,"date":"2012-07-04T19:15:12","date_gmt":"2012-07-04T18:15:12","guid":{"rendered":"http:\/\/www.schiebener.net\/wordpress\/?p=19218"},"modified":"2012-07-04T19:15:32","modified_gmt":"2012-07-04T18:15:32","slug":"spd-20-in-brilon-video-podcast-zur-ratssitzung-am-donnerstag","status":"publish","type":"post","link":"https:\/\/www.schiebener.net\/wordpress\/spd-20-in-brilon-video-podcast-zur-ratssitzung-am-donnerstag\/","title":{"rendered":"SPD 2.0 in Brilon: Video-Podcast zur Ratssitzung am Donnerstag"},"content":{"rendered":"<p><strong>Die Briloner SPD erprobt mit ihrem 28-j\u00e4hrigen Vorsitzenden und Ratsmitglied Dirk Wiese die neuen M\u00f6glichkeiten des Internets.<\/strong><\/p>\n<p>Schon seit l\u00e4ngerem sind die \u00f6rtlichen <a href=\"http:\/\/www.facebook.com\/SPDBrilon\" target=\"_blank\">Sozialdemokraten auf Facebook<\/a> aktiv und sind dort problemlos ansprechbar. Man hat nicht das Gef\u00fchl mit Parteiautomaten zu kommunizieren, sondern mit authentischen Menschen.<\/p>\n<p>Zur <a href=\"http:\/\/i5.brilon.de\/kommunalpolitik\/Sitzungskalender_fuer_das_Jahr_2012.pdf\" target=\"_blank\">Ratssitzung am kommenden Donnerstag<\/a> l\u00e4dt Dirk Wiese mit einem Youtube-Video\u00a0 ein und macht insbesondere auf die B\u00fcrgersprechstunde zu Beginn der Sitzung aufmerksam:<\/p>\n<p><iframe loading=\"lazy\" width=\"512\" height=\"288\" src=\"http:\/\/www.youtube.com\/embed\/psB8xbHuols\" frameborder=\"0\" allowfullscreen><\/iframe><\/p>\n","protected":false},"excerpt":{"rendered":"<p>Die Briloner SPD erprobt mit ihrem 28-j\u00e4hrigen Vorsitzenden und Ratsmitglied Dirk Wiese die neuen M\u00f6glichkeiten des Internets. Schon seit l\u00e4ngerem sind die \u00f6rtlichen Sozialdemokraten auf Facebook aktiv und sind dort &hellip; <a href=\"https:\/\/www.schiebener.net\/wordpress\/spd-20-in-brilon-video-podcast-zur-ratssitzung-am-donnerstag\/\" class=\"more-link\"><span class=\"screen-reader-text\">\u201eSPD 2.0 in Brilon: Video-Podcast zur Ratssitzung am Donnerstag\u201c <\/span>weiterlesen<\/a><\/p>\n","protected":false},"author":3,"featured_media":0,"comment_status":"open","ping_status":"open","sticky":false,"template":"","format":"standard","meta":{"footnotes":""},"categories":[80,32,24],"tags":[2035,3757,3758],"class_list":["post-19218","post","type-post","status-publish","format-standard","hentry","category-lokales","category-medien","category-politik","tag-ratssitzung","tag-spd-brilon","tag-video-podcast"],"_links":{"self":[{"href":"https:\/\/www.schiebener.net\/wordpress\/wp-json\/wp\/v2\/posts\/19218","targetHints":{"allow":["GET"]}}],"collection":[{"href":"https:\/\/www.schiebener.net\/wordpress\/wp-json\/wp\/v2\/posts"}],"about":[{"href":"https:\/\/www.schiebener.net\/wordpress\/wp-json\/wp\/v2\/types\/post"}],"author":[{"embeddable":true,"href":"https:\/\/www.schiebener.net\/wordpress\/wp-json\/wp\/v2\/users\/3"}],"replies":[{"embeddable":true,"href":"https:\/\/www.schiebener.net\/wordpress\/wp-json\/wp\/v2\/comments?post=19218"}],"version-history":[{"count":0,"href":"https:\/\/www.schiebener.net\/wordpress\/wp-json\/wp\/v2\/posts\/19218\/revisions"}],"wp:attachment":[{"href":"https:\/\/www.schiebener.net\/wordpress\/wp-json\/wp\/v2\/media?parent=19218"}],"wp:term":[{"taxonomy":"category","embeddable":true,"href":"https:\/\/www.schiebener.net\/wordpress\/wp-json\/wp\/v2\/categories?post=19218"},{"taxonomy":"post_tag","embeddable":true,"href":"https:\/\/www.schiebener.net\/wordpress\/wp-json\/wp\/v2\/tags?post=19218"}],"curies":[{"name":"wp","href":"https:\/\/api.w.org\/{rel}","templated":true}]}}