{"id":1908,"date":"2009-01-21T07:48:21","date_gmt":"2009-01-21T06:48:21","guid":{"rendered":"http:\/\/www.schiebener.net\/wordpress\/?p=1908"},"modified":"2009-01-21T07:48:21","modified_gmt":"2009-01-21T06:48:21","slug":"gesamtschule-in-hemer-ticken-die-uhren-anders","status":"publish","type":"post","link":"https:\/\/www.schiebener.net\/wordpress\/gesamtschule-in-hemer-ticken-die-uhren-anders\/","title":{"rendered":"Gesamtschule!? In Hemer ticken die Uhren anders"},"content":{"rendered":"<p>Eltern und Verwaltung in Hemer bei Iserlohn wollen <a href=\"http:\/\/www.dorfinfo.de\/sundern\/arnsberg-neheim\/detail.php?nr=25600&amp;kategorie=arnsberg-neheim\" target=\"_blank\">anscheinend einvernehmlich eine Gesamtschule<\/a> einrichten. Doch die Bezirksregierung stellt sich quer. Jetzt spitzt sich die Auseinandersetzung zwischen den Sauerl\u00e4nder Galliern und den Arnsberger R\u00f6mern zu: &#8222;<a href=\"http:\/\/www.derwesten.de\/nachrichten\/staedte\/hemer\/2009\/1\/20\/news-106626901\/detail.html\" target=\"_blank\">Platzt der Elterntraum der Gesamtschule<\/a>&#8222;, titelt der Iserlohner Kreisanzeiger.<\/p>\n<p>B\u00fcrgermeister Michael Esken l\u00e4dt f\u00fcr Donnerstag, den 22. Januar um 19 Uhr, zu einer Sondersitzung des Rates in die Aula des Gymnasiums ein.<\/p>\n<p>Nachwort: So einhellig wie mein Blogeintrag suggeriert scheint die Meinung der &#8222;Gallier&#8220; nicht zu sein. Die CDU hatte sich beispielsweise bei der Abstimmung zur Einrichtung einer Ganztagsgesamtschule der Stimme enthalten. Die bildungspolitischen Auseinandersetzungen in Hemer sind mir noch nicht vertraut. Ich werde versuchen, Einzelheiten nachzuliefern.<\/p>\n","protected":false},"excerpt":{"rendered":"<p>Eltern und Verwaltung in Hemer bei Iserlohn wollen anscheinend einvernehmlich eine Gesamtschule einrichten. Doch die Bezirksregierung stellt sich quer. Jetzt spitzt sich die Auseinandersetzung zwischen den Sauerl\u00e4nder Galliern und den &hellip; <a href=\"https:\/\/www.schiebener.net\/wordpress\/gesamtschule-in-hemer-ticken-die-uhren-anders\/\" class=\"more-link\"><span class=\"screen-reader-text\">\u201eGesamtschule!? In Hemer ticken die Uhren anders\u201c <\/span>weiterlesen<\/a><\/p>\n","protected":false},"author":3,"featured_media":0,"comment_status":"open","ping_status":"open","sticky":false,"template":"","format":"standard","meta":{"footnotes":""},"categories":[3,24],"tags":[293,350],"class_list":["post-1908","post","type-post","status-publish","format-standard","hentry","category-bildung-und-schule","category-politik","tag-gesamtschulen","tag-hemer"],"_links":{"self":[{"href":"https:\/\/www.schiebener.net\/wordpress\/wp-json\/wp\/v2\/posts\/1908","targetHints":{"allow":["GET"]}}],"collection":[{"href":"https:\/\/www.schiebener.net\/wordpress\/wp-json\/wp\/v2\/posts"}],"about":[{"href":"https:\/\/www.schiebener.net\/wordpress\/wp-json\/wp\/v2\/types\/post"}],"author":[{"embeddable":true,"href":"https:\/\/www.schiebener.net\/wordpress\/wp-json\/wp\/v2\/users\/3"}],"replies":[{"embeddable":true,"href":"https:\/\/www.schiebener.net\/wordpress\/wp-json\/wp\/v2\/comments?post=1908"}],"version-history":[{"count":0,"href":"https:\/\/www.schiebener.net\/wordpress\/wp-json\/wp\/v2\/posts\/1908\/revisions"}],"wp:attachment":[{"href":"https:\/\/www.schiebener.net\/wordpress\/wp-json\/wp\/v2\/media?parent=1908"}],"wp:term":[{"taxonomy":"category","embeddable":true,"href":"https:\/\/www.schiebener.net\/wordpress\/wp-json\/wp\/v2\/categories?post=1908"},{"taxonomy":"post_tag","embeddable":true,"href":"https:\/\/www.schiebener.net\/wordpress\/wp-json\/wp\/v2\/tags?post=1908"}],"curies":[{"name":"wp","href":"https:\/\/api.w.org\/{rel}","templated":true}]}}