{"id":18971,"date":"2012-06-17T15:39:47","date_gmt":"2012-06-17T14:39:47","guid":{"rendered":"http:\/\/www.schiebener.net\/wordpress\/?p=18971"},"modified":"2012-06-17T15:41:34","modified_gmt":"2012-06-17T14:41:34","slug":"frankenberger-christdemokraten-%e2%80%9cnur-probleme%e2%80%9d-durch-bahnstrecke","status":"publish","type":"post","link":"https:\/\/www.schiebener.net\/wordpress\/frankenberger-christdemokraten-%e2%80%9cnur-probleme%e2%80%9d-durch-bahnstrecke\/","title":{"rendered":"Frankenberger Christdemokraten: \u00e2\u20ac\u0153nur Probleme\u00e2\u20ac\u009d durch Bahnstrecke?"},"content":{"rendered":"<figure id=\"attachment_6711\" aria-describedby=\"caption-attachment-6711\" style=\"width: 159px\" class=\"wp-caption alignleft\"><img loading=\"lazy\" decoding=\"async\" class=\"size-full wp-image-6711 \" title=\"Reinhard Loos, SBL-Kreistagsmitglied\" src=\"http:\/\/www.schiebener.net\/wordpress\/wp-content\/uploads\/2010\/02\/loos.jpg\" alt=\"Autor Reinhard Loos, SBL-Kreistagsmitglied (foto: loos)\" width=\"159\" height=\"200\" \/><figcaption id=\"caption-attachment-6711\" class=\"wp-caption-text\">Autor Reinhard Loos, SBL-Kreistagsmitglied (foto: loos)<\/figcaption><\/figure>\n<p><strong>Fast alle Parteien haben mittlerweile erkannt, wie wichtig  Bahnanschl\u00fcsse f\u00fcr die zuk\u00fcnftige Mobilit\u00e4t sind. Erinnert sei hier nur  an die immer weiter steigenden Benzinpreise, an die wachsende  CO<sub>2<\/sub>-Belastung und an die deutlich zunehmende Alterung der Bev\u00f6lkerung.<\/strong><\/p>\n<p>Bei der CDU im Nachbarkreis Waldeck-Frankenberg scheint es jedoch noch  ein gr\u00f6\u00dferes Erkenntnisdefizit zu geben. Die Aussichten f\u00fcr die  Reaktivierung der 31 km langen Schienenstrecke zwischen Korbach und  Frankenberg sind mittlerweile gut. Dadurch w\u00fcrde sich auch f\u00fcr das  \u00f6stliche Sauerland eine direkte Verbindung von Brilon nach Marburg und  Frankfurt a.M. ergeben.<\/p>\n<p>Doch die Frankenberger Christdemokraten stehen den Pl\u00e4nen und  Diskussionen um eine Reaktivierung der Bahnstrecke von Frankenberg nach  Korbach sehr kritisch gegen\u00fcber. In einer Mitgliederversammlung forderte  der stellvertretende Vorsitzende der Frankenberger CDU Rampe jetzt den CDU-Kreisvorsitzenden Armin Schwarz auf, seinen Einfluss als  Landtagsabgeordneter zu nutzen, um eine Reaktivierung zu verhindern:  \u00e2\u20ac\u017eRegelm\u00e4\u00dfig durch Frankenberg fahrende Z\u00fcge bringen nur Probleme f\u00fcr  unsere Stadt. Vor allem beim Verkehrsfluss.\u00e2\u20ac\u0153<\/p>\n<p>Aber auch die L\u00e4rmbel\u00e4stigung in der Innenstadt und den an den  Bahnstrecke anliegenden Stadtteilen w\u00fcrden steigen, meint Thomas Rampe \u00e2\u20ac\u201c  \u00e2\u20ac\u017em\u00f6glicherweise durch verst\u00e4rkt auftretenden G\u00fcterverkehr.\u00e2\u20ac\u0153<\/p>\n<p>\u00c4hnlich \u00e4u\u00dferte sich auch der angesprochene Landtagsabgeordnete Armin  Schwarz aus Bad Arolsen: Bei einem Investitionsvolumen von 14 Millionen  Euro sei eine Reaktivierung h\u00f6chst kritisch zu bewerten, sagte Schwarz.<\/p>\n<p>Den CDU-Politikern scheint nicht bewu\u00dft zu sein, welche Unsummen  gleichzeitig f\u00fcr den Stra\u00dfenbau ausgegeben werden sollen. Das wird z.B.  am Montag im Wirtschaftsausschuss des HSK ein Thema sein; wir kommen  darauf noch zur\u00fcck.<\/p>\n<p>Der ganze Artikel \u00fcber die bemerkenswerten Ansichten der CDU im Nachbarkreis ist <a href=\"http:\/\/www.hna.de\/nachrichten\/kreis-waldeck-frankenberg\/frankenberg\/frankenberg-korbach-sagt-nein-2350716.html\" target=\"_blank\">hier<\/a> zu lesen.<\/p>\n","protected":false},"excerpt":{"rendered":"<p>Fast alle Parteien haben mittlerweile erkannt, wie wichtig Bahnanschl\u00fcsse f\u00fcr die zuk\u00fcnftige Mobilit\u00e4t sind. Erinnert sei hier nur an die immer weiter steigenden Benzinpreise, an die wachsende CO2-Belastung und an &hellip; <a href=\"https:\/\/www.schiebener.net\/wordpress\/frankenberger-christdemokraten-%e2%80%9cnur-probleme%e2%80%9d-durch-bahnstrecke\/\" class=\"more-link\"><span class=\"screen-reader-text\">\u201eFrankenberger Christdemokraten: \u00e2\u20ac\u0153nur Probleme\u00e2\u20ac\u009d durch Bahnstrecke?\u201c <\/span>weiterlesen<\/a><\/p>\n","protected":false},"author":31,"featured_media":0,"comment_status":"open","ping_status":"open","sticky":false,"template":"","format":"standard","meta":{"footnotes":""},"categories":[1,80,24,549,618],"tags":[3720,3721,1042,294,3449],"class_list":["post-18971","post","type-post","status-publish","format-standard","hentry","category-allgemein","category-lokales","category-politik","category-umwelt","category-verkehr","tag-bahnstrecke","tag-cdu-frankenberg","tag-reinhard-loos","tag-sbl","tag-waldeck-frankenberg"],"_links":{"self":[{"href":"https:\/\/www.schiebener.net\/wordpress\/wp-json\/wp\/v2\/posts\/18971","targetHints":{"allow":["GET"]}}],"collection":[{"href":"https:\/\/www.schiebener.net\/wordpress\/wp-json\/wp\/v2\/posts"}],"about":[{"href":"https:\/\/www.schiebener.net\/wordpress\/wp-json\/wp\/v2\/types\/post"}],"author":[{"embeddable":true,"href":"https:\/\/www.schiebener.net\/wordpress\/wp-json\/wp\/v2\/users\/31"}],"replies":[{"embeddable":true,"href":"https:\/\/www.schiebener.net\/wordpress\/wp-json\/wp\/v2\/comments?post=18971"}],"version-history":[{"count":0,"href":"https:\/\/www.schiebener.net\/wordpress\/wp-json\/wp\/v2\/posts\/18971\/revisions"}],"wp:attachment":[{"href":"https:\/\/www.schiebener.net\/wordpress\/wp-json\/wp\/v2\/media?parent=18971"}],"wp:term":[{"taxonomy":"category","embeddable":true,"href":"https:\/\/www.schiebener.net\/wordpress\/wp-json\/wp\/v2\/categories?post=18971"},{"taxonomy":"post_tag","embeddable":true,"href":"https:\/\/www.schiebener.net\/wordpress\/wp-json\/wp\/v2\/tags?post=18971"}],"curies":[{"name":"wp","href":"https:\/\/api.w.org\/{rel}","templated":true}]}}