{"id":18943,"date":"2012-06-15T18:45:49","date_gmt":"2012-06-15T17:45:49","guid":{"rendered":"http:\/\/www.schiebener.net\/wordpress\/?p=18943"},"modified":"2012-06-16T00:18:34","modified_gmt":"2012-06-15T23:18:34","slug":"gefunden-ein-prost-auf-die-demokratie-beim-cdu-haussender","status":"publish","type":"post","link":"https:\/\/www.schiebener.net\/wordpress\/gefunden-ein-prost-auf-die-demokratie-beim-cdu-haussender\/","title":{"rendered":"Gefunden: ein Prost auf die Demokratie beim &#8222;CDU-Haussender&#8220;"},"content":{"rendered":"<p><strong>Ein neuerliches Beispiel seiner un\u00fcbertreffbaren Pluralit\u00e4t liefert mal  wieder Radio Sauerland:<br \/>\n<\/strong><br \/>\nF\u00fcr den 20. Juni l\u00e4dt der \u00e2\u20ac\u0153CDU-Haussender\u00e2\u20ac\u009d zu  einem Diskussionsstammtisch nach Hallenberg ein. Es geht um die  Wiedereinf\u00fchrung alter Kfz-Kennzeichen. Eingeladen wurden vier Politiker,  und alle vier geh\u00f6ren zu ein und derselben Partei.<\/p>\n<p>Au\u00dferdem d\u00fcrfen noch der Gesch\u00e4ftsf\u00fchrer der S\u00fcdwestfalen-Agentur und  ein nicht benannter Vertreter einer einheimischen Bauerei mitmachen\u00e2\u20ac\u00a6<\/p>\n<p>Die Ank\u00fcndigung steht hier: <a href=\"http:\/\/www.radiosauerland.de\/Veltins.1655.0.html\" target=\"_blank\">http:\/\/www.radiosauerland.de\/Veltins.1655.0.html<\/a><\/p>\n","protected":false},"excerpt":{"rendered":"<p>Ein neuerliches Beispiel seiner un\u00fcbertreffbaren Pluralit\u00e4t liefert mal wieder Radio Sauerland: F\u00fcr den 20. Juni l\u00e4dt der \u00e2\u20ac\u0153CDU-Haussender\u00e2\u20ac\u009d zu einem Diskussionsstammtisch nach Hallenberg ein. Es geht um die Wiedereinf\u00fchrung alter &hellip; <a href=\"https:\/\/www.schiebener.net\/wordpress\/gefunden-ein-prost-auf-die-demokratie-beim-cdu-haussender\/\" class=\"more-link\"><span class=\"screen-reader-text\">\u201eGefunden: ein Prost auf die Demokratie beim &#8222;CDU-Haussender&#8220;\u201c <\/span>weiterlesen<\/a><\/p>\n","protected":false},"author":31,"featured_media":0,"comment_status":"open","ping_status":"open","sticky":false,"template":"","format":"standard","meta":{"footnotes":""},"categories":[174,80,32,24],"tags":[872],"class_list":["post-18943","post","type-post","status-publish","format-standard","hentry","category-dit-und-dat","category-lokales","category-medien","category-politik","tag-radio-sauerland"],"_links":{"self":[{"href":"https:\/\/www.schiebener.net\/wordpress\/wp-json\/wp\/v2\/posts\/18943","targetHints":{"allow":["GET"]}}],"collection":[{"href":"https:\/\/www.schiebener.net\/wordpress\/wp-json\/wp\/v2\/posts"}],"about":[{"href":"https:\/\/www.schiebener.net\/wordpress\/wp-json\/wp\/v2\/types\/post"}],"author":[{"embeddable":true,"href":"https:\/\/www.schiebener.net\/wordpress\/wp-json\/wp\/v2\/users\/31"}],"replies":[{"embeddable":true,"href":"https:\/\/www.schiebener.net\/wordpress\/wp-json\/wp\/v2\/comments?post=18943"}],"version-history":[{"count":0,"href":"https:\/\/www.schiebener.net\/wordpress\/wp-json\/wp\/v2\/posts\/18943\/revisions"}],"wp:attachment":[{"href":"https:\/\/www.schiebener.net\/wordpress\/wp-json\/wp\/v2\/media?parent=18943"}],"wp:term":[{"taxonomy":"category","embeddable":true,"href":"https:\/\/www.schiebener.net\/wordpress\/wp-json\/wp\/v2\/categories?post=18943"},{"taxonomy":"post_tag","embeddable":true,"href":"https:\/\/www.schiebener.net\/wordpress\/wp-json\/wp\/v2\/tags?post=18943"}],"curies":[{"name":"wp","href":"https:\/\/api.w.org\/{rel}","templated":true}]}}