{"id":1865,"date":"2009-01-17T22:24:32","date_gmt":"2009-01-17T21:24:32","guid":{"rendered":"http:\/\/www.schiebener.net\/wordpress\/?p=1865"},"modified":"2009-01-17T22:28:32","modified_gmt":"2009-01-17T21:28:32","slug":"noch-einmal-freitag","status":"publish","type":"post","link":"https:\/\/www.schiebener.net\/wordpress\/noch-einmal-freitag\/","title":{"rendered":"Noch einmal &#8222;Freitag&#8220;: Zielgruppe souver\u00e4ne Sinnsucher"},"content":{"rendered":"<p>Am <a href=\"http:\/\/www.schiebener.net\/wordpress\/?p=1758\" target=\"_blank\">9. Januar habe ich bereits<\/a> \u00fcber die Ver\u00e4nderungen beim &#8222;Freitag&#8220; berichtet.  Ausf\u00fchrlich beschreibt <a href=\"http:\/\/www.horizont.net\/aktuell\/medien\/pages\/protected\/showRSS.php?id=81555&amp;utm_source=RSS&amp;utm_medium=RSS-Feed\" target=\"_blank\">Roland Pimpl auf horizont.net<\/a> unter dem Titel<\/p>\n<h1>&#8222;Der Freitag&#8220;: Jakob Augstein startet Meinungsmedium in Print und im Netz<\/h1>\n<p>den geplantenten Relaunch der Wochenzeitung &#8222;<a href=\"http:\/\/www.freitag.de\" target=\"_blank\">Freitag<\/a>&#8222;, die ab 5. Februar als &#8222;Der Freitag&#8220; erscheinen wird.<\/p>\n<p>Roland Pimpl schreibt zum Schlu\u00df seines Artikels:<\/p>\n<blockquote><p>Die &#8222;Freitag&#8220;-Zielgruppe, bis jetzt wohl eher \u00e4lteres links-intellektuelles B\u00fcrgertum, beschreibt Gesch\u00e4ftsf\u00fchrer <strong>Detlev Hustedt<\/strong> k\u00fcnftig als &#8222;souver\u00e4ne Sinnsucher&#8220;: Das seien Menschen, f\u00fcr die es einen Wert darstelle, \u00fcber Wissen zu verf\u00fcgen, sich Meinungen zu bilden und Haltung zu zeigen. Hustedt war fr\u00fcher Anzeigenleiter von &#8222;Welt&#8220; und &#8222;Woche&#8220;, Gesch\u00e4ftsf\u00fchrer einer Nachrichtenagentur und zuletzt selbstst\u00e4ndiger Berater. &#8222;Freitag&#8220;-Chefredakteur ist <strong>Philip Grassmann<\/strong>, zuvor &#8222;SZ&#8220;-Redakteur in Berlin. Die mittlerweile \u00fcber 30-k\u00f6pfige Redaktion rekrutiert sich auch aus Medien wie &#8222;taz&#8220; und Stern.de.<\/p>\n<p>Wann ist der Break-even erreicht? &#8222;Wir haben Zeit&#8220;, sagt der designierte Verleger. Aber nat\u00fcrlich: &#8222;Die Investitionen m\u00fcssen irgendwann zur\u00fcckkommen, um die journalistische Qualit\u00e4t und die verlegerische Unabh\u00e4ngigkeit zu sichern.&#8220; Ein Satz, der durchaus glaubw\u00fcrdig klingt aus dem Munde eines Mannes mit dem Nachnamen Augstein.<\/p><\/blockquote>\n<p>Ich sehe das Experiment mit neugierigem Wohlwollen, frage mich allerdings, was mit all jenen geschieht, die bislang f\u00fcr die Zeitschrift gearbeitet haben?<\/p>\n","protected":false},"excerpt":{"rendered":"<p>Am 9. Januar habe ich bereits \u00fcber die Ver\u00e4nderungen beim &#8222;Freitag&#8220; berichtet. Ausf\u00fchrlich beschreibt Roland Pimpl auf horizont.net unter dem Titel &#8222;Der Freitag&#8220;: Jakob Augstein startet Meinungsmedium in Print und &hellip; <a href=\"https:\/\/www.schiebener.net\/wordpress\/noch-einmal-freitag\/\" class=\"more-link\"><span class=\"screen-reader-text\">\u201eNoch einmal &#8222;Freitag&#8220;: Zielgruppe souver\u00e4ne Sinnsucher\u201c <\/span>weiterlesen<\/a><\/p>\n","protected":false},"author":3,"featured_media":0,"comment_status":"open","ping_status":"open","sticky":false,"template":"","format":"standard","meta":{"footnotes":""},"categories":[32],"tags":[333,342],"class_list":["post-1865","post","type-post","status-publish","format-standard","hentry","category-medien","tag-freitag","tag-jakob-augstein"],"_links":{"self":[{"href":"https:\/\/www.schiebener.net\/wordpress\/wp-json\/wp\/v2\/posts\/1865","targetHints":{"allow":["GET"]}}],"collection":[{"href":"https:\/\/www.schiebener.net\/wordpress\/wp-json\/wp\/v2\/posts"}],"about":[{"href":"https:\/\/www.schiebener.net\/wordpress\/wp-json\/wp\/v2\/types\/post"}],"author":[{"embeddable":true,"href":"https:\/\/www.schiebener.net\/wordpress\/wp-json\/wp\/v2\/users\/3"}],"replies":[{"embeddable":true,"href":"https:\/\/www.schiebener.net\/wordpress\/wp-json\/wp\/v2\/comments?post=1865"}],"version-history":[{"count":0,"href":"https:\/\/www.schiebener.net\/wordpress\/wp-json\/wp\/v2\/posts\/1865\/revisions"}],"wp:attachment":[{"href":"https:\/\/www.schiebener.net\/wordpress\/wp-json\/wp\/v2\/media?parent=1865"}],"wp:term":[{"taxonomy":"category","embeddable":true,"href":"https:\/\/www.schiebener.net\/wordpress\/wp-json\/wp\/v2\/categories?post=1865"},{"taxonomy":"post_tag","embeddable":true,"href":"https:\/\/www.schiebener.net\/wordpress\/wp-json\/wp\/v2\/tags?post=1865"}],"curies":[{"name":"wp","href":"https:\/\/api.w.org\/{rel}","templated":true}]}}