{"id":18565,"date":"2012-05-28T22:40:04","date_gmt":"2012-05-28T21:40:04","guid":{"rendered":"http:\/\/www.schiebener.net\/wordpress\/?p=18565"},"modified":"2012-05-28T22:40:04","modified_gmt":"2012-05-28T21:40:04","slug":"umleitung-von-petra-wittmar-in-medebach-uber-den-dalai-lama-in-die-gefilde-der-politik","status":"publish","type":"post","link":"https:\/\/www.schiebener.net\/wordpress\/umleitung-von-petra-wittmar-in-medebach-uber-den-dalai-lama-in-die-gefilde-der-politik\/","title":{"rendered":"Umleitung: von Petra Wittmar in Medebach \u00fcber den Dalai Lama in die Gefilde der Politik."},"content":{"rendered":"<figure id=\"attachment_18566\" aria-describedby=\"caption-attachment-18566\" style=\"width: 320px\" class=\"wp-caption alignleft\"><img loading=\"lazy\" decoding=\"async\" class=\"size-full wp-image-18566\" title=\"schilderbaum\" src=\"http:\/\/www.schiebener.net\/wordpress\/wp-content\/uploads\/2012\/05\/schilderbaum.jpg\" alt=\"Schilderbaum - Richtung weisend (foto: zoom)\" width=\"320\" height=\"240\" srcset=\"https:\/\/www.schiebener.net\/wordpress\/wp-content\/uploads\/2012\/05\/schilderbaum.jpg 320w, https:\/\/www.schiebener.net\/wordpress\/wp-content\/uploads\/2012\/05\/schilderbaum-300x225.jpg 300w\" sizes=\"auto, (max-width: 320px) 85vw, 320px\" \/><figcaption id=\"caption-attachment-18566\" class=\"wp-caption-text\">Schilderbaum - Richtung weisend (foto: zoom)<\/figcaption><\/figure>\n<p><strong>Petra Wittmar &#8211; Medebach, 2009 \u00e2\u20ac\u201c 2011:<\/strong> Das Dorf im Hochsauerland ist Heimatort der Fotografin Petra Wittmar, die sich in zwei umfangreichen Projekten mit dem kleinen Ort auseinander gesetzt hat &#8230; <a href=\"http:\/\/www.heikerost.com\/bilder\/wittmar\/\" target=\"_blank\">heikerost<\/a><\/p>\n<p><strong>Antisemitismus:<\/strong> &#8222;Als Gesch\u00e4ftsf\u00fchrer einer J\u00fcdischen Gemeinde ist Michael Rubinstein auch irgendwie vorbelastet\u00e2\u20ac\u0153 &#8230; <a href=\"http:\/\/www.jurga.de\/129.html\" target=\"_blank\">jurga<\/a><\/p>\n<p><strong>CDU-NRW:<\/strong> Laschets langer Aufgabenkatalog &#8230; <a href=\"http:\/\/post-von-horn.de\/2012\/05\/26\/laschets-langer-aufgabenkatalog\/\" target=\"_blank\">postvonhorn<\/a><\/p>\n<p><strong>Scheinheilige:<\/strong> Wie Deutschland am griechischen Desaster verdient &#8230; <a href=\"http:\/\/www.misik.at\/sonstige\/wie-deutschland-am-griechischen-desaster-verdient.php\" target=\"_blank\">misik<\/a><\/p>\n<p><strong>Der Dalai Lama:<\/strong> der \u00e2\u20ac\u0153kulturelle Genozid\u00e2\u20ac\u009d und die extreme Rechte \u00e2\u20ac\u201c Vortrag &#8230; <a href=\"http:\/\/nrwrex.wordpress.com\/2012\/05\/28\/tipp-der-dalai-lama-der-kulturelle-genozid-und-die-extreme-rechte-vortrag\/\" target=\"_blank\">nrwrechtsaussen<\/a><\/p>\n<p><strong>Lotta \u00fcbernimmt NRWRechtsaussen:<\/strong> Rainer und sein Team wurden immer wieder bedroht und verh\u00f6hnt, haben sich aber nicht davon beeindrucken lassen &#8230; <a href=\"http:\/\/www.ruhrbarone.de\/lotta-uebernimmt-nrwrechtsaussen\/\" target=\"_blank\">ruhrbarone<\/a><br \/>\n<strong><br \/>\nAbenteuer in den Dortmunder U-Bahn-Tiefen:<\/strong> Wer in seinen Bewegungen eingeschr\u00e4nkt ist \u00e2\u20ac\u201c vulgo behindert \u00e2\u20ac\u201c, der hat in Dortmund oft schlechte Karten, vor allem im \u00d6ffentlichen Nahverkehr &#8230; <a href=\"http:\/\/www.revierpassagen.de\/9328\/abenteuer-in-den-dortmunder-u-bahn-tiefen\/20120528_1058\" target=\"_blank\">revierpassagen<\/a><\/p>\n<p><strong>nrz.de, waz.de usw.:<\/strong> &#8222;Wieder ein Borchert-Spleen (Drei-S\u00e4ulen-Konzept: r.i.p., Community: r.i.p., Geotagging: r.i.p.) zu Grabe getragen&#8220; (zeilenschinder) &#8230; <a href=\"http:\/\/www.medienmoral-nrw.de\/2012\/04\/auswirkungen-der-lokalen-waz-offensive-noch-unklar\/#comment-54028\" target=\"_blank\">medienmoral<\/a><\/p>\n<p><strong>Last Farewell (?):<\/strong> Freibad Neheim ab 29.05.2012 ge\u00f6ffnet &#8230; <a href=\"http:\/\/www.neheims-netz.de\/?p=2802\" target=\"_blank\">neheimsnetz<\/a><\/p>\n<p><strong>Klasse C5 12f des Berufskollegs:<\/strong> Projekt Schulmitfahrzentrale des Berufskollegs Arnsberg &#8230; <a href=\"http:\/\/www.gruene-sundern.de\/?p=1468\" target=\"_blank\">gruenesundern<\/a><\/p>\n<p><strong>U3-Elternbefragung:<\/strong> im Hochsauerlandkreis kein Thema &#8230; <a href=\"http:\/\/sbl-fraktion.de\/?p=2116\" target=\"_blank\">sbl<\/a><\/p>\n<p><strong>Die Zeit nach dem Wahlkampf:<\/strong> Der Wahlkampf zum Landtag ist vorbei. Die ersten Wunden sind geleckt und nun geht es an die Nachlese dieses Ad-Hoc-Wahlkampfes &#8230; <a href=\"http:\/\/www.sauerland-blog.com\/die-zeit-nach-dem-wahlkampf\/\" target=\"_blank\">sauerlandblog<\/a><\/p>\n","protected":false},"excerpt":{"rendered":"<p>Petra Wittmar &#8211; Medebach, 2009 \u00e2\u20ac\u201c 2011: Das Dorf im Hochsauerland ist Heimatort der Fotografin Petra Wittmar, die sich in zwei umfangreichen Projekten mit dem kleinen Ort auseinander gesetzt hat &hellip; <a href=\"https:\/\/www.schiebener.net\/wordpress\/umleitung-von-petra-wittmar-in-medebach-uber-den-dalai-lama-in-die-gefilde-der-politik\/\" class=\"more-link\"><span class=\"screen-reader-text\">\u201eUmleitung: von Petra Wittmar in Medebach \u00fcber den Dalai Lama in die Gefilde der Politik.\u201c <\/span>weiterlesen<\/a><\/p>\n","protected":false},"author":3,"featured_media":0,"comment_status":"open","ping_status":"open","sticky":false,"template":"","format":"standard","meta":{"footnotes":""},"categories":[533,3182,674,854,80,32,24,49,379,618,1208],"tags":[362,1464,3670,381,2409,3669,1169],"class_list":["post-18565","post","type-post","status-publish","format-standard","hentry","category-europa","category-finanzen","category-kultur","category-kunst","category-lokales","category-medien","category-politik","category-religion","category-umleitung","category-verkehr","category-wirtschaft","tag-antisemitismus","tag-armin-laschet","tag-dalai-lama","tag-derwesten","tag-lotta","tag-petra-wittmar","tag-u3-platze"],"_links":{"self":[{"href":"https:\/\/www.schiebener.net\/wordpress\/wp-json\/wp\/v2\/posts\/18565","targetHints":{"allow":["GET"]}}],"collection":[{"href":"https:\/\/www.schiebener.net\/wordpress\/wp-json\/wp\/v2\/posts"}],"about":[{"href":"https:\/\/www.schiebener.net\/wordpress\/wp-json\/wp\/v2\/types\/post"}],"author":[{"embeddable":true,"href":"https:\/\/www.schiebener.net\/wordpress\/wp-json\/wp\/v2\/users\/3"}],"replies":[{"embeddable":true,"href":"https:\/\/www.schiebener.net\/wordpress\/wp-json\/wp\/v2\/comments?post=18565"}],"version-history":[{"count":0,"href":"https:\/\/www.schiebener.net\/wordpress\/wp-json\/wp\/v2\/posts\/18565\/revisions"}],"wp:attachment":[{"href":"https:\/\/www.schiebener.net\/wordpress\/wp-json\/wp\/v2\/media?parent=18565"}],"wp:term":[{"taxonomy":"category","embeddable":true,"href":"https:\/\/www.schiebener.net\/wordpress\/wp-json\/wp\/v2\/categories?post=18565"},{"taxonomy":"post_tag","embeddable":true,"href":"https:\/\/www.schiebener.net\/wordpress\/wp-json\/wp\/v2\/tags?post=18565"}],"curies":[{"name":"wp","href":"https:\/\/api.w.org\/{rel}","templated":true}]}}