{"id":18525,"date":"2012-05-26T20:38:19","date_gmt":"2012-05-26T19:38:19","guid":{"rendered":"http:\/\/www.schiebener.net\/wordpress\/?p=18525"},"modified":"2012-05-26T20:38:19","modified_gmt":"2012-05-26T19:38:19","slug":"abgewickelt-die-heimat","status":"publish","type":"post","link":"https:\/\/www.schiebener.net\/wordpress\/abgewickelt-die-heimat\/","title":{"rendered":"Abgewickelt: die Heimat"},"content":{"rendered":"<figure id=\"attachment_18526\" aria-describedby=\"caption-attachment-18526\" style=\"width: 512px\" class=\"wp-caption aligncenter\"><img loading=\"lazy\" decoding=\"async\" class=\"size-full wp-image-18526\" title=\"abschied2012052501\" src=\"http:\/\/www.schiebener.net\/wordpress\/wp-content\/uploads\/2012\/05\/abschied2012052501.jpg\" alt=\"Das war's. Die Wohnung ist leer ger\u00e4umt (foto: zoom)\" width=\"512\" height=\"384\" srcset=\"https:\/\/www.schiebener.net\/wordpress\/wp-content\/uploads\/2012\/05\/abschied2012052501.jpg 512w, https:\/\/www.schiebener.net\/wordpress\/wp-content\/uploads\/2012\/05\/abschied2012052501-300x225.jpg 300w\" sizes=\"auto, (max-width: 512px) 85vw, 512px\" \/><figcaption id=\"caption-attachment-18526\" class=\"wp-caption-text\">Das war&#39;s. Die Wohnung ist leer ger\u00e4umt (foto: zoom)<\/figcaption><\/figure>\n<p>So das war&#8217;s endg\u00fcltig. Die Wohnung ist leer ger\u00e4umt. Noch habe ich die Schl\u00fcssel in der Hand, gehe durch alle R\u00e4ume, aus jedem Fenster ein letzter Blick.<\/p>\n<p>Warum bin ich eigentlich nie aus dem Kinderzimmerfenster gefallen. War alles ungesichert damals, sechs Stockwerke tief.<\/p>\n<figure id=\"attachment_18531\" aria-describedby=\"caption-attachment-18531\" style=\"width: 512px\" class=\"wp-caption aligncenter\"><img loading=\"lazy\" decoding=\"async\" class=\"size-full wp-image-18531\" title=\"abschied2012052502\" src=\"http:\/\/www.schiebener.net\/wordpress\/wp-content\/uploads\/2012\/05\/abschied2012052502.jpg\" alt=\"Sechs Stockwerke tief: Blick aus dem Kinderzimmerfenster.\" width=\"512\" height=\"384\" srcset=\"https:\/\/www.schiebener.net\/wordpress\/wp-content\/uploads\/2012\/05\/abschied2012052502.jpg 512w, https:\/\/www.schiebener.net\/wordpress\/wp-content\/uploads\/2012\/05\/abschied2012052502-300x225.jpg 300w\" sizes=\"auto, (max-width: 512px) 85vw, 512px\" \/><figcaption id=\"caption-attachment-18531\" class=\"wp-caption-text\">Sechs Stockwerke tief: Blick aus dem Kinderzimmerfenster.<\/figcaption><\/figure>\n<p>Ich habe es nie in meinem Leben bereut, in einer Mietwohnung hoch \u00fcber der Stadt aufgewachsen zu sein und hatte nie den Wunsch in einem eigenen Haus leben zu m\u00fcssen entwickelt.<\/p>\n<p>Heimat, das kann auch ein Hochhaus sein. Hatten wir denn eine andere Wahl?<\/p>\n<p>Die Schl\u00fcssel habe ich gerade abgegeben, bleibe noch ein wenig allein auf dem Balkon.<\/p>\n<p><figure id=\"attachment_18534\" aria-describedby=\"caption-attachment-18534\" style=\"width: 512px\" class=\"wp-caption aligncenter\"><img loading=\"lazy\" decoding=\"async\" class=\"size-full wp-image-18534\" title=\"abschied2012052504\" src=\"http:\/\/www.schiebener.net\/wordpress\/wp-content\/uploads\/2012\/05\/abschied2012052504.jpg\" alt=\"Blick Richtung Duisburg im S\u00fcden.\" width=\"512\" height=\"328\" srcset=\"https:\/\/www.schiebener.net\/wordpress\/wp-content\/uploads\/2012\/05\/abschied2012052504.jpg 512w, https:\/\/www.schiebener.net\/wordpress\/wp-content\/uploads\/2012\/05\/abschied2012052504-300x192.jpg 300w\" sizes=\"auto, (max-width: 512px) 85vw, 512px\" \/><figcaption id=\"caption-attachment-18534\" class=\"wp-caption-text\">Blick Richtung Duisburg im S\u00fcden.<\/figcaption><\/figure><br \/>\nGr\u00fcn sieht es aus, das Ruhrgebiet. Laubb\u00e4ume soweit das Auge reicht.<\/p>\n<p>Zur\u00fcck durch das Wohnzimmer, den schmalen Flur, links hinaus. Die T\u00fcr f\u00e4llt ins Schloss.<\/p>\n<p>Abgewickelt.<\/p>\n","protected":false},"excerpt":{"rendered":"<p>So das war&#8217;s endg\u00fcltig. Die Wohnung ist leer ger\u00e4umt. Noch habe ich die Schl\u00fcssel in der Hand, gehe durch alle R\u00e4ume, aus jedem Fenster ein letzter Blick. Warum bin ich &hellip; <a href=\"https:\/\/www.schiebener.net\/wordpress\/abgewickelt-die-heimat\/\" class=\"more-link\"><span class=\"screen-reader-text\">\u201eAbgewickelt: die Heimat\u201c <\/span>weiterlesen<\/a><\/p>\n","protected":false},"author":3,"featured_media":0,"comment_status":"open","ping_status":"open","sticky":false,"template":"","format":"standard","meta":{"footnotes":""},"categories":[174,2489],"tags":[3667,3666,15,3284],"class_list":["post-18525","post","type-post","status-publish","format-standard","hentry","category-dit-und-dat","category-in-eigener-sache","tag-abschied","tag-bassfeldshof","tag-dinslaken","tag-heimat"],"_links":{"self":[{"href":"https:\/\/www.schiebener.net\/wordpress\/wp-json\/wp\/v2\/posts\/18525","targetHints":{"allow":["GET"]}}],"collection":[{"href":"https:\/\/www.schiebener.net\/wordpress\/wp-json\/wp\/v2\/posts"}],"about":[{"href":"https:\/\/www.schiebener.net\/wordpress\/wp-json\/wp\/v2\/types\/post"}],"author":[{"embeddable":true,"href":"https:\/\/www.schiebener.net\/wordpress\/wp-json\/wp\/v2\/users\/3"}],"replies":[{"embeddable":true,"href":"https:\/\/www.schiebener.net\/wordpress\/wp-json\/wp\/v2\/comments?post=18525"}],"version-history":[{"count":0,"href":"https:\/\/www.schiebener.net\/wordpress\/wp-json\/wp\/v2\/posts\/18525\/revisions"}],"wp:attachment":[{"href":"https:\/\/www.schiebener.net\/wordpress\/wp-json\/wp\/v2\/media?parent=18525"}],"wp:term":[{"taxonomy":"category","embeddable":true,"href":"https:\/\/www.schiebener.net\/wordpress\/wp-json\/wp\/v2\/categories?post=18525"},{"taxonomy":"post_tag","embeddable":true,"href":"https:\/\/www.schiebener.net\/wordpress\/wp-json\/wp\/v2\/tags?post=18525"}],"curies":[{"name":"wp","href":"https:\/\/api.w.org\/{rel}","templated":true}]}}