{"id":18493,"date":"2012-05-26T21:05:23","date_gmt":"2012-05-26T20:05:23","guid":{"rendered":"http:\/\/www.schiebener.net\/wordpress\/?p=18493"},"modified":"2012-05-26T22:17:58","modified_gmt":"2012-05-26T21:17:58","slug":"kulturtipp-canto-general-am-2-juni-2012-in-neuengamme-hamburg","status":"publish","type":"post","link":"https:\/\/www.schiebener.net\/wordpress\/kulturtipp-canto-general-am-2-juni-2012-in-neuengamme-hamburg\/","title":{"rendered":"Kulturtipp: CANTO GENERAL am 2. Juni 2012 in Neuengamme, Hamburg"},"content":{"rendered":"<p><img loading=\"lazy\" decoding=\"async\" class=\"alignleft size-full wp-image-18494\" title=\"cantogeneralweb\" src=\"http:\/\/www.schiebener.net\/wordpress\/wp-content\/uploads\/2012\/05\/cantogeneralweb.jpg\" alt=\"cantogeneralweb\" width=\"322\" height=\"456\" srcset=\"https:\/\/www.schiebener.net\/wordpress\/wp-content\/uploads\/2012\/05\/cantogeneralweb.jpg 512w, https:\/\/www.schiebener.net\/wordpress\/wp-content\/uploads\/2012\/05\/cantogeneralweb-212x300.jpg 212w\" sizes=\"auto, (max-width: 322px) 85vw, 322px\" \/><strong>Am 2. Juni 2012 wird der CANTO GENERAL,<\/strong><strong> der Gro\u00dfe Gesang<\/strong><strong> des griechischen Komponisten Mikis Theodorakis mit Texten des chilenischen Dichters und Schriftstellers Pablo Neruda <\/strong><strong>im Klinkerwerk der KZ-Gedenkst\u00e4tte Neuengamme aufgef\u00fchrt. <\/strong><\/p>\n<p>Lateinamerikanische Exildichtung trifft auf griechische Musik, auch sie im Exil entstanden.<\/p>\n<p>In den Texten zum Canto General bewundert Pablo Neruda die schillernde Natur seiner Heimat, ihre Vielfalt und Mehrdeutigkeit. Gleichzeitig kritisiert er die gewaltt\u00e4tige Eroberung und Unterdr\u00fcckung Lateinamerikas durch die Kolonialm\u00e4chte Europas und die USA. Nerudas Poesie ist sentimental, politisch und k\u00e4mpferisch.<\/p>\n<p>Dies gilt ebenso f\u00fcr die Musik von Mikis Theodorakis. Die griechischen Rhythmen gehen eine manchmal etwas schroffe Einheit mit der eher kantigen spanische Sprache ein. Die daraus entstandene Musik bewegt, sie kann aufr\u00fctteln und Mut machen.<\/p>\n<p><iframe loading=\"lazy\" width=\"420\" height=\"315\" src=\"http:\/\/www.youtube.com\/embed\/DnYU2coTDOc\" frameborder=\"0\" allowfullscreen><\/iframe><\/p>\n<p>Bevor Theodorakis in den 70er Jahren des letzten Jahrhunderts seinen CANTO GENERAL in Chile zur Auff\u00fchrung bringen kann, wird die Regierung von Salvador Allende mit Hilfe des US-Geheimdienstes geputscht. Die Griechen hingegen befreien sich von den Obristen und kehren zur Demokratie zur\u00fcck. Statt im Chile Pablo Nerudas, erlebt der CANTO GENERAL zun\u00e4chst in Paris sein Urauff\u00fchrung. 1975 kann das Werk endlich in Theodorakis Heimat gespielt werden, im demokratischen Griechenland.<\/p>\n<figure id=\"attachment_18550\" aria-describedby=\"caption-attachment-18550\" style=\"width: 276px\" class=\"wp-caption alignleft\"><img loading=\"lazy\" decoding=\"async\" class=\"size-full wp-image-18550\" title=\"klinkerwerk neuengamme\" src=\"http:\/\/www.schiebener.net\/wordpress\/wp-content\/uploads\/2012\/05\/klinkerwerkweb.jpg\" alt=\"klinkerwerk neuengamme\" width=\"276\" height=\"185\" srcset=\"https:\/\/www.schiebener.net\/wordpress\/wp-content\/uploads\/2012\/05\/klinkerwerkweb.jpg 512w, https:\/\/www.schiebener.net\/wordpress\/wp-content\/uploads\/2012\/05\/klinkerwerkweb-300x200.jpg 300w\" sizes=\"auto, (max-width: 276px) 85vw, 276px\" \/><figcaption id=\"caption-attachment-18550\" class=\"wp-caption-text\">Klinkerwerk auf dem Gel\u00e4nde der KZ-Gedenkst\u00e4tte Neuengamme (foto: kz-gedenkst\u00e4tte neuengamme)<\/figcaption><\/figure>\n<p><strong>Das Konzert am 2. Juni 2012 findet im Klinkerwerk der KZ-Gedenkst\u00e4tte Neuengamme statt.<\/strong> Dies ist das gr\u00f6\u00dfte erhaltene Geb\u00e4ude des damaligen Konzentrationslagers. Ein Ort der Verfolgung und auch des Widerstands. In Neuengamme mit seinen zahlreichen Au\u00dfenlagern inhaftierte die SS mehr\u00a0 als 100.000 Menschen aus ganz Europa. Nicht einmal die H\u00e4lfte von ihnen \u00fcberlebte.<\/p>\n<p>Am 2. Juni 2012\u00a0 wird der Gro\u00dfe Gesang zum zweiten Mal von dem Chor \u00e2\u20ac\u017eHamburger Singakademie\u00e2\u20ac\u0153 in der<a href=\"http:\/\/www.kz-gedenkstaette-neuengamme.de\/index.php?id=424\" target=\"_blank\"> KZ-Gedenkst\u00e4tte Neuengamme<\/a> aufgef\u00fchrt. Die Solisten sind Julia Schilinski und Matthias L\u00fcderitz. Instrumentale Unterst\u00fctzung erhalten die S\u00e4ngerinnen und S\u00e4nger durch <a href=\"http:\/\/www.elbtonalpercussion.de\/1-0-home.html\" target=\"_blank\">&#8218;Elbtonal<\/a>&#8218; (dem einen oder anderen Sauerl\u00e4nder vielleicht noch vom <a href=\"http:\/\/www.sauerlandherbst.de\/Startseite.1.0.html\" target=\"_blank\">Sauerlandherbst<\/a> 2010 in Erinnerung).\u00a0 Der bekannte Hamburger Schauspieler Rolf Becker wird den Text sprechen.<\/p>\n<p>Als wollten sie die Aktualit\u00e4t des Widerstands gegen Nazismus, Rassismus und Intoleranz unterstreichen, rufen Rechtsradikale in Hamburg f\u00fcr den 2. Juni 2012 euphemistisch zu einem<em> Tag der Zukunft<\/em> auf. Zahlreiche Gegenveranstaltungen sind geplant. Wie sagte noch Bertholt Brecht: Der Scho\u00df ist fruchtbar noch, aus dem das kroch.<\/p>\n<p><strong>Das Konzert am 02. Juni 2012\u00a0 um 18.00 Uhr wird sicherlich ein au\u00dfergew\u00f6hnliches Kulturereignis werden, dessen Besuch auf jeden Fall lohnt.<\/strong><\/p>\n","protected":false},"excerpt":{"rendered":"<p>Am 2. Juni 2012 wird der CANTO GENERAL, der Gro\u00dfe Gesang des griechischen Komponisten Mikis Theodorakis mit Texten des chilenischen Dichters und Schriftstellers Pablo Neruda im Klinkerwerk der KZ-Gedenkst\u00e4tte Neuengamme &hellip; <a href=\"https:\/\/www.schiebener.net\/wordpress\/kulturtipp-canto-general-am-2-juni-2012-in-neuengamme-hamburg\/\" class=\"more-link\"><span class=\"screen-reader-text\">\u201eKulturtipp: CANTO GENERAL am 2. Juni 2012 in Neuengamme, Hamburg\u201c <\/span>weiterlesen<\/a><\/p>\n","protected":false},"author":21,"featured_media":0,"comment_status":"open","ping_status":"open","sticky":false,"template":"","format":"standard","meta":{"footnotes":""},"categories":[1,83,674,24],"tags":[125,3663,3664,3662,3665,3660,3661,124],"class_list":["post-18493","post","type-post","status-publish","format-standard","hentry","category-allgemein","category-hamburg-allgemein","category-kultur","category-politik","tag-canto-general","tag-elbtonal","tag-julia-schilinski","tag-klinkerwerk-neuengamme","tag-matthias-luderitz","tag-mikis-theodorakis","tag-neuengamme","tag-pablo-neruda"],"_links":{"self":[{"href":"https:\/\/www.schiebener.net\/wordpress\/wp-json\/wp\/v2\/posts\/18493","targetHints":{"allow":["GET"]}}],"collection":[{"href":"https:\/\/www.schiebener.net\/wordpress\/wp-json\/wp\/v2\/posts"}],"about":[{"href":"https:\/\/www.schiebener.net\/wordpress\/wp-json\/wp\/v2\/types\/post"}],"author":[{"embeddable":true,"href":"https:\/\/www.schiebener.net\/wordpress\/wp-json\/wp\/v2\/users\/21"}],"replies":[{"embeddable":true,"href":"https:\/\/www.schiebener.net\/wordpress\/wp-json\/wp\/v2\/comments?post=18493"}],"version-history":[{"count":0,"href":"https:\/\/www.schiebener.net\/wordpress\/wp-json\/wp\/v2\/posts\/18493\/revisions"}],"wp:attachment":[{"href":"https:\/\/www.schiebener.net\/wordpress\/wp-json\/wp\/v2\/media?parent=18493"}],"wp:term":[{"taxonomy":"category","embeddable":true,"href":"https:\/\/www.schiebener.net\/wordpress\/wp-json\/wp\/v2\/categories?post=18493"},{"taxonomy":"post_tag","embeddable":true,"href":"https:\/\/www.schiebener.net\/wordpress\/wp-json\/wp\/v2\/tags?post=18493"}],"curies":[{"name":"wp","href":"https:\/\/api.w.org\/{rel}","templated":true}]}}