{"id":18361,"date":"2012-05-17T21:57:10","date_gmt":"2012-05-17T20:57:10","guid":{"rendered":"http:\/\/www.schiebener.net\/wordpress\/?p=18361"},"modified":"2012-06-25T12:32:05","modified_gmt":"2012-06-25T11:32:05","slug":"die-winterberger-stromen-zur-oversum-eroffnung-viel-sonne-spiel-und-spas-aber-leider-keine-besichtigung-des-hotels-moglich","status":"publish","type":"post","link":"https:\/\/www.schiebener.net\/wordpress\/die-winterberger-stromen-zur-oversum-eroffnung-viel-sonne-spiel-und-spas-aber-leider-keine-besichtigung-des-hotels-moglich\/","title":{"rendered":"Die Winterberger str\u00f6men zur Oversum Er\u00f6ffnung. Viel Sonne, Spiel und Spa\u00df, aber leider keine Besichtigung des Hotels m\u00f6glich."},"content":{"rendered":"<figure id=\"attachment_18360\" aria-describedby=\"caption-attachment-18360\" style=\"width: 512px\" class=\"wp-caption aligncenter\"><img loading=\"lazy\" decoding=\"async\" class=\"size-full wp-image-18360\" title=\"dsc_0015web1\" src=\"http:\/\/www.schiebener.net\/wordpress\/wp-content\/uploads\/2012\/05\/dsc_0015web1.jpg\" alt=\"Blick vom kleinen Au\u00dfenbecken auf das holzverkleidete Ei (fotos: zoom)\" width=\"512\" height=\"765\" srcset=\"https:\/\/www.schiebener.net\/wordpress\/wp-content\/uploads\/2012\/05\/dsc_0015web1.jpg 512w, https:\/\/www.schiebener.net\/wordpress\/wp-content\/uploads\/2012\/05\/dsc_0015web1-200x300.jpg 200w\" sizes=\"auto, (max-width: 512px) 85vw, 512px\" \/><figcaption id=\"caption-attachment-18360\" class=\"wp-caption-text\">Blick vom kleinen Au\u00dfenbecken auf das holzverkleidete Ei (fotos: zoom)<\/figcaption><\/figure>\n<p><strong>Eigentlich wollte ich nur auf ein St\u00fcndchen beim <a href=\"http:\/\/www.oversum-vitalresort.de\/\" target=\"_blank\">Oversum in Winterberg,<\/a> welches heute offiziell er\u00f6ffnet wurde, vorbeischauen. Dann wurden es aber doch drei Stunden, weil wir alle zehn Meter \u00fcber Bekannte und Freunde stolperten. Ein echtes &#8222;Homecoming&#8220; wie es sonst nur beim Sch\u00fctzenfest und der Kirmes vorkommt.<\/strong><\/p>\n<p><strong>Die Holzbalken<\/strong>, die um das Ei herum verstrebt sind, haben keine tragende Funktion, sondern dienten lediglich zur Dekoration, auf der der Architekt bestanden h\u00e4tte, sagten mir sachkundige Besucher. Vorteil der Holzkonstruktion: Das Ei sehe wie ein Ei aus. Nachteil: Das Holz m\u00fcsse gepflegt werden.<\/p>\n<figure id=\"attachment_18364\" aria-describedby=\"caption-attachment-18364\" style=\"width: 512px\" class=\"wp-caption aligncenter\"><img loading=\"lazy\" decoding=\"async\" class=\"size-full wp-image-18364\" title=\"dsc_0029web\" src=\"http:\/\/www.schiebener.net\/wordpress\/wp-content\/uploads\/2012\/05\/dsc_0029web.jpg\" alt=\"Die Besucher dr\u00e4ngen sich im Kongress-Zentrum.\" width=\"512\" height=\"213\" srcset=\"https:\/\/www.schiebener.net\/wordpress\/wp-content\/uploads\/2012\/05\/dsc_0029web.jpg 512w, https:\/\/www.schiebener.net\/wordpress\/wp-content\/uploads\/2012\/05\/dsc_0029web-300x124.jpg 300w\" sizes=\"auto, (max-width: 512px) 85vw, 512px\" \/><figcaption id=\"caption-attachment-18364\" class=\"wp-caption-text\">F\u00fchrung durch das Kongress-Zentrum.<\/figcaption><\/figure>\n<p><strong>Zur gestrigen inoffiziellen Er\u00f6ffnung<\/strong> des Hotels mit angeschlossenem Sport- und Kongresszentrum f\u00fcr die Presse waren wir zwar einerseits nicht geladen, was aber andererseits den unsch\u00e4tzbaren Vorteil hat, dass wir nicht durch flankierende PR-Ma\u00dfnahmen korrumpiert werden konnten.<\/p>\n<figure id=\"attachment_18357\" aria-describedby=\"caption-attachment-18357\" style=\"width: 512px\" class=\"wp-caption aligncenter\"><img loading=\"lazy\" decoding=\"async\" class=\"size-full wp-image-18357\" title=\"dsc_0013web\" src=\"http:\/\/www.schiebener.net\/wordpress\/wp-content\/uploads\/2012\/05\/dsc_0013web.jpg\" alt=\"Das Schwimmbad:  F\u00fcnf Bahnen, 25 Meter L\u00e4nge.\" width=\"512\" height=\"343\" srcset=\"https:\/\/www.schiebener.net\/wordpress\/wp-content\/uploads\/2012\/05\/dsc_0013web.jpg 512w, https:\/\/www.schiebener.net\/wordpress\/wp-content\/uploads\/2012\/05\/dsc_0013web-300x200.jpg 300w\" sizes=\"auto, (max-width: 512px) 85vw, 512px\" \/><figcaption id=\"caption-attachment-18357\" class=\"wp-caption-text\">Das Schwimmbad:  F\u00fcnf Bahnen, 25 Meter L\u00e4nge.<\/figcaption><\/figure>\n<p><strong>Das Schwimmbad<\/strong> hat einen ansprechenden Eindruck gemacht. Hier k\u00f6nnte ich mir gut vorstellen, ab und zu meine Bahnen zu ziehen. <strong>Die Preise <\/strong>standen heute noch nicht fest. In einem Gespr\u00e4ch hie\u00df es, dass das der Schwimmbad-Eintritt sich im Bereich von 4 bis 5 Euro bewegen werde. <strong>Der Saunabereich<\/strong> mit seinen drei Saunen sei mit 16 bis 18 Euro angepeilt.\u00a0 Ein Kombi-Ticket werde dann ca. 22 Euro kosten.<\/p>\n<p><strong>Der Nachteil unserer Nichtber\u00fccksichtigung bei der Presse-Vorf\u00fchrung<\/strong> bestand dann allerdings darin, dass wir die &#8222;77 modern eingerichteten Zimmer und Suiten&#8220; mit Panoramablick und allen anderen Versprechungen nicht in Augenschein nehmen konnten. Das eif\u00f6rmige, mit Holzbalken geschm\u00fcckte Hotel war anscheinend schon am heutigen Er\u00f6ffnungstag voll ausgebucht. Schade f\u00fcr die interessierten B\u00fcrger, gut f\u00fcr die Hotelbetreiber.<\/p>\n<p>Es w\u00e4re den G\u00e4sten in der Tat nicht zuzumuten gewesen,\u00a0 Hunderte von Besuchern in ihre Zimmer und Suiten gucken zu lassen.<br \/>\n<strong><br \/>\nEin Einzelzimmer<\/strong> im Erdgeschoss war zur Besichtigung freigegeben:<\/p>\n<figure id=\"attachment_18363\" aria-describedby=\"caption-attachment-18363\" style=\"width: 512px\" class=\"wp-caption aligncenter\"><img loading=\"lazy\" decoding=\"async\" class=\"size-full wp-image-18363\" title=\"dsc_0025web\" src=\"http:\/\/www.schiebener.net\/wordpress\/wp-content\/uploads\/2012\/05\/dsc_0025web.jpg\" alt=\"Einzelzimmer im Erdgeschoss\" width=\"512\" height=\"880\" srcset=\"https:\/\/www.schiebener.net\/wordpress\/wp-content\/uploads\/2012\/05\/dsc_0025web.jpg 512w, https:\/\/www.schiebener.net\/wordpress\/wp-content\/uploads\/2012\/05\/dsc_0025web-174x300.jpg 174w\" sizes=\"auto, (max-width: 512px) 85vw, 512px\" \/><figcaption id=\"caption-attachment-18363\" class=\"wp-caption-text\">Einzelzimmer im Erdgeschoss: das Bett<\/figcaption><\/figure>\n<p><strong>Nat\u00fcrlich war der Blick aus dem Fenster<\/strong> des Erdgeschoss-Zimmers (65 \u00e2\u201a\u00ac\/ Nacht)\u00a0 nicht so spektakul\u00e4r, wie ich ihn aus den oberen Etagen erwarten w\u00fcrde:<\/p>\n<figure id=\"attachment_18356\" aria-describedby=\"caption-attachment-18356\" style=\"width: 512px\" class=\"wp-caption aligncenter\"><img loading=\"lazy\" decoding=\"async\" class=\"size-full wp-image-18356\" title=\"dsc_0023web\" src=\"http:\/\/www.schiebener.net\/wordpress\/wp-content\/uploads\/2012\/05\/dsc_0023web.jpg\" alt=\"Die Holzbalken des Au\u00dfenverkleidung verstellen den Blick auf ein Schr\u00e4gdach.\" width=\"512\" height=\"343\" srcset=\"https:\/\/www.schiebener.net\/wordpress\/wp-content\/uploads\/2012\/05\/dsc_0023web.jpg 512w, https:\/\/www.schiebener.net\/wordpress\/wp-content\/uploads\/2012\/05\/dsc_0023web-300x200.jpg 300w\" sizes=\"auto, (max-width: 512px) 85vw, 512px\" \/><figcaption id=\"caption-attachment-18356\" class=\"wp-caption-text\">Die Holzbalken der Au\u00dfenverkleidung verstellen den Blick auf ein Schr\u00e4gdach.<\/figcaption><\/figure>\n<p><strong>Die Kongress-Halle selbst ist sehr ger\u00e4umig.<\/strong> Die Stadt Winterberg darf sie 30 Tage im Jahr nutzen. In einem der vielen kleinen Gespr\u00e4che am Rande sagte mir ein Besucher, dass die Stadt Winterberg nach den Anfangsinvestitionen von einmalig 4,5 Mio Euro nun j\u00e4hrlich 700.000 Euro Betriebskosten an den Betreiber zahle und daf\u00fcr unter anderem dieses Kontingent an Tagen frei habe.<\/p>\n<figure id=\"attachment_18354\" aria-describedby=\"caption-attachment-18354\" style=\"width: 512px\" class=\"wp-caption aligncenter\"><img loading=\"lazy\" decoding=\"async\" class=\"size-full wp-image-18354\" title=\"dsc_0042web\" src=\"http:\/\/www.schiebener.net\/wordpress\/wp-content\/uploads\/2012\/05\/dsc_0042web.jpg\" alt=\"Blick vom Podium: der Veranstaltungsraum des Kongress-Zentrums\" width=\"512\" height=\"343\" srcset=\"https:\/\/www.schiebener.net\/wordpress\/wp-content\/uploads\/2012\/05\/dsc_0042web.jpg 512w, https:\/\/www.schiebener.net\/wordpress\/wp-content\/uploads\/2012\/05\/dsc_0042web-300x200.jpg 300w\" sizes=\"auto, (max-width: 512px) 85vw, 512px\" \/><figcaption id=\"caption-attachment-18354\" class=\"wp-caption-text\">Blick vom Podium: der Saal des Kongress-Zentrums<\/figcaption><\/figure>\n<p><strong>Im Veranstaltungssaal<\/strong> des Kongress-Zentrums unterhielt ich mich kurz mit dem sichtlich und verst\u00e4ndlich begeisterten Winterberger B\u00fcrgermeister Werner Eickler (CDU): &#8222;Alles, alles ist wunderbar. Jetzt k\u00f6nnen Sie mal endlich positiv berichten auf Ihrer Seite!&#8220;<\/p>\n<p>Wird gemacht, Chef! \ud83d\ude09<\/p>\n","protected":false},"excerpt":{"rendered":"<p>Eigentlich wollte ich nur auf ein St\u00fcndchen beim Oversum in Winterberg, welches heute offiziell er\u00f6ffnet wurde, vorbeischauen. Dann wurden es aber doch drei Stunden, weil wir alle zehn Meter \u00fcber &hellip; <a href=\"https:\/\/www.schiebener.net\/wordpress\/die-winterberger-stromen-zur-oversum-eroffnung-viel-sonne-spiel-und-spas-aber-leider-keine-besichtigung-des-hotels-moglich\/\" class=\"more-link\"><span class=\"screen-reader-text\">\u201eDie Winterberger str\u00f6men zur Oversum Er\u00f6ffnung. Viel Sonne, Spiel und Spa\u00df, aber leider keine Besichtigung des Hotels m\u00f6glich.\u201c <\/span>weiterlesen<\/a><\/p>\n","protected":false},"author":3,"featured_media":0,"comment_status":"open","ping_status":"open","sticky":false,"template":"","format":"standard","meta":{"footnotes":""},"categories":[80,1208],"tags":[3643,2787,322],"class_list":["post-18361","post","type-post","status-publish","format-standard","hentry","category-lokales","category-wirtschaft","tag-oversum-eroffnung","tag-sab","tag-winterberg"],"_links":{"self":[{"href":"https:\/\/www.schiebener.net\/wordpress\/wp-json\/wp\/v2\/posts\/18361","targetHints":{"allow":["GET"]}}],"collection":[{"href":"https:\/\/www.schiebener.net\/wordpress\/wp-json\/wp\/v2\/posts"}],"about":[{"href":"https:\/\/www.schiebener.net\/wordpress\/wp-json\/wp\/v2\/types\/post"}],"author":[{"embeddable":true,"href":"https:\/\/www.schiebener.net\/wordpress\/wp-json\/wp\/v2\/users\/3"}],"replies":[{"embeddable":true,"href":"https:\/\/www.schiebener.net\/wordpress\/wp-json\/wp\/v2\/comments?post=18361"}],"version-history":[{"count":0,"href":"https:\/\/www.schiebener.net\/wordpress\/wp-json\/wp\/v2\/posts\/18361\/revisions"}],"wp:attachment":[{"href":"https:\/\/www.schiebener.net\/wordpress\/wp-json\/wp\/v2\/media?parent=18361"}],"wp:term":[{"taxonomy":"category","embeddable":true,"href":"https:\/\/www.schiebener.net\/wordpress\/wp-json\/wp\/v2\/categories?post=18361"},{"taxonomy":"post_tag","embeddable":true,"href":"https:\/\/www.schiebener.net\/wordpress\/wp-json\/wp\/v2\/tags?post=18361"}],"curies":[{"name":"wp","href":"https:\/\/api.w.org\/{rel}","templated":true}]}}