{"id":17938,"date":"2012-04-24T14:01:26","date_gmt":"2012-04-24T13:01:26","guid":{"rendered":"http:\/\/www.schiebener.net\/wordpress\/?p=17938"},"modified":"2013-07-12T07:46:27","modified_gmt":"2013-07-12T05:46:27","slug":"hochsauerland-junger-irakischer-fluchtling-reiste-%e2%80%9efreiwillig%e2%80%9c-aus","status":"publish","type":"post","link":"https:\/\/www.schiebener.net\/wordpress\/hochsauerland-junger-irakischer-fluchtling-reiste-%e2%80%9efreiwillig%e2%80%9c-aus\/","title":{"rendered":"Hochsauerland: Junger irakischer Fl\u00fcchtling reiste &#8222;freiwillig&#8220; aus"},"content":{"rendered":"<p><a href=\"http:\/\/www.schiebener.net\/wordpress\/wp-content\/uploads\/2009\/02\/lt_briefkasten01.jpg\"><img loading=\"lazy\" decoding=\"async\" class=\"alignleft size-full wp-image-2182\" title=\"In unserem Briefkasten\" alt=\"In unserem Briefkasten\" src=\"http:\/\/www.schiebener.net\/wordpress\/wp-content\/uploads\/2009\/02\/lt_briefkasten01.jpg\" width=\"120\" height=\"91\" \/><\/a><strong>Arnsberg. (sbl_pm) Alarmierende Meldungen kursieren \u00fcber die immer gr\u00f6\u00dfer werdende Zahl minderj\u00e4hriger Fl\u00fcchtlinge, die ohne Begleitung von Familienangeh\u00f6rigen oder anderer erwachsener Landsleute aus Krisengebieten nach Europa kommen.<br \/>\n<\/strong><br \/>\nDie Gemeinn\u00fctzige Gesellschaft f\u00fcr Arbeit und Integration berichtet: &#8222;<strong>Weltweit sind nach Sch\u00e4tzungen von Fl\u00fcchtlingsorganisationen sechs bis zehn Millionen Kinder und Jugendliche allein auf der Flucht.<\/strong> Sie fliehen vor B\u00fcrgerkrieg, Gewalt, drohendem Kriegsdienst oder politischer Verfolgung, vor Perspektivlosigkeit oder wegen der v\u00f6lligen Zerst\u00f6rung ihrer Lebensgrundlagen.&#8220;<\/p>\n<p>Siehe: <a href=\"http:\/\/www.themenpool-migration.eu\/dtraum05.htm\" target=\"_blank\">http:\/\/www.themenpool-migration.eu\/dtraum05.htm<\/a><\/p>\n<p><strong>714 Kinder bis zum Alter von 16 Jahren h\u00e4tten im Jahr 2011 in NRW einen Asylantrag<\/strong> gestellt, schrieb die Westf\u00e4lische Rundschau. Laut Angaben der Stadt Dortmund kommt offenbar ein gro\u00dfer Teil der Kinder und Jugendlichen aus dem Irak. In der Erstaufnahmestelle in Dortmund h\u00e4tten sich im letzten Jahr 400 Jugendliche und Kinder gemeldet, im Januar und Februar 2012 weitere 104. Einige von ihnen w\u00fcrden in Asylheime f\u00fcr Erwachsene \u00fcberwiesen.<\/p>\n<p><strong>Die Sauerl\u00e4nder B\u00fcrgerliste (SBL)<\/strong> hatte daraufhin am 13.03.2012 beim Ausl\u00e4nderamt des Hochsauerlandkreises nachgefragt, wie viele unbegleitete minderj\u00e4hrige Fl\u00fcchtlinge im HSK angekommen seien.<\/p>\n<p>Siehe: <a href=\"http:\/\/sbl-fraktion.de\/?p=1978\" target=\"_blank\">http:\/\/sbl-fraktion.de\/?p=1978<\/a><\/p>\n<p>Die Antwort: <strong>Keine! <\/strong><\/p>\n<p>Allerdings hielt sich nach Angaben des Ausl\u00e4nderamtes <strong>seit 2009 ein irakischer Jugendlicher im Kreisgebiet<\/strong> auf. Er soll in einer Asylbewerber-Unterkunft in Marsberg gewohnt haben. Die Sauerl\u00e4nder B\u00fcrgerliste (SBL) erfuhr nun aufgrund der erw\u00e4hnten Anfrage, der junge Iraker sei am 21.03.2012 mit einer finanziellen F\u00f6rderung &#8222;freiwillig&#8220; in den Irak zur\u00fcckgekehrt. (Welcher Druck zur &#8222;Entscheidung&#8220; f\u00fcr eine &#8222;freiwilligen Ausreise&#8220; f\u00fchrte, k\u00f6nnen wir nur erahnen.)<\/p>\n<p>Die SBL hatte immer wieder versucht, <strong>Informationen \u00fcber den Aufenthaltsort und die Situation dieses jungen irakischen Fl\u00fcchtlings<\/strong> zu erhalten. Leider vergebens.<\/p>\n<p>&#8222;Welche Unterst\u00fctzung erhielt der junge Iraker vom Ausl\u00e4nderamt oder anderen Beh\u00f6rden?&#8220; die Frage der SBL ist vom HSK jetzt so beantwortet worden:<\/p>\n<p>&#8222;W\u00e4hrend seines Aufenthaltes wurden dem Ausl\u00e4nder Sozialhilfeleistungen in H\u00f6he von 9.000,- Euro gew\u00e4hrt.&#8220;<\/p>\n<p>Und: &#8222;Unterst\u00fctzung der zust\u00e4ndigen Schule hat er nicht angenommen; vielmehr hat er &#8211; &#8222;wie in meiner Antwort auf Ihre Anfrage vom 31.10.2011 bereits dargelegt\u201c den Besuch der st\u00e4dtischen Hauptschule im Januar 2011 abgebrochen.&#8220;<\/p>\n<p>Dazu zwei weitere Zitate der <strong>Gemeinn\u00fctzigen Gesellschaft f\u00fcr Arbeit und Integration: <\/strong><\/p>\n<p><strong>&#8222;Unbegleitete minderj\u00e4hrige Fl\u00fcchtlinge<\/strong> sind besonders starken Belastungen ausgesetzt. Die Kinder und Jugendlichen m\u00fcssen oft ganz auf sich selbst gestellt den Verlust ihres Landes und ihrer Eltern bew\u00e4ltigen, die erlebten Traumatisierungen verarbeiten und daneben in neue soziale Beziehungen im Kontext unbekannter soziokultureller Normen investieren.&#8220;<\/p>\n<p>Und weiter:<\/p>\n<p><strong>&#8222;Die rechtliche Situation unbegleiteter minderj\u00e4hriger Fl\u00fcchtlinge<\/strong> in Deutschland ist gekennzeichnet durch das Zusammenwirken unterschiedlicher Rechtsgebiete, deren Zielsetzungen sich im Spannungsfeld zwischen Kinderschutz und Abwehr von Einwanderung bewegen. Den nationalen und internationalen Gesetzen und Abkommen zum Schutz von unbegleiteten minderj\u00e4hrigen Fl\u00fcchtlingen (und anderen Kindern und Jugendlichen) steht das deutsche Asyl- und Ausl\u00e4nderrecht gegen\u00fcber, das vorwiegend ordnungsrechtliche Interessen beinhaltet.&#8220;<\/p>\n","protected":false},"excerpt":{"rendered":"<p>Arnsberg. (sbl_pm) Alarmierende Meldungen kursieren \u00fcber die immer gr\u00f6\u00dfer werdende Zahl minderj\u00e4hriger Fl\u00fcchtlinge, die ohne Begleitung von Familienangeh\u00f6rigen oder anderer erwachsener Landsleute aus Krisengebieten nach Europa kommen. Die Gemeinn\u00fctzige Gesellschaft &hellip; <a href=\"https:\/\/www.schiebener.net\/wordpress\/hochsauerland-junger-irakischer-fluchtling-reiste-%e2%80%9efreiwillig%e2%80%9c-aus\/\" class=\"more-link\"><span class=\"screen-reader-text\">\u201eHochsauerland: Junger irakischer Fl\u00fcchtling reiste &#8222;freiwillig&#8220; aus\u201c <\/span>weiterlesen<\/a><\/p>\n","protected":false},"author":17,"featured_media":0,"comment_status":"open","ping_status":"open","sticky":false,"template":"","format":"standard","meta":{"footnotes":""},"categories":[303,80,24,1043],"tags":[861,1836,1402,1689,227,294],"class_list":["post-17938","post","type-post","status-publish","format-standard","hentry","category-in-unserem-briefkasten","category-lokales","category-politik","category-pressemitteilungen","tag-fluchtlinge","tag-immigration","tag-irak","tag-kreisauslanderbehorde","tag-sauerlander-burgerliste","tag-sbl"],"_links":{"self":[{"href":"https:\/\/www.schiebener.net\/wordpress\/wp-json\/wp\/v2\/posts\/17938","targetHints":{"allow":["GET"]}}],"collection":[{"href":"https:\/\/www.schiebener.net\/wordpress\/wp-json\/wp\/v2\/posts"}],"about":[{"href":"https:\/\/www.schiebener.net\/wordpress\/wp-json\/wp\/v2\/types\/post"}],"author":[{"embeddable":true,"href":"https:\/\/www.schiebener.net\/wordpress\/wp-json\/wp\/v2\/users\/17"}],"replies":[{"embeddable":true,"href":"https:\/\/www.schiebener.net\/wordpress\/wp-json\/wp\/v2\/comments?post=17938"}],"version-history":[{"count":0,"href":"https:\/\/www.schiebener.net\/wordpress\/wp-json\/wp\/v2\/posts\/17938\/revisions"}],"wp:attachment":[{"href":"https:\/\/www.schiebener.net\/wordpress\/wp-json\/wp\/v2\/media?parent=17938"}],"wp:term":[{"taxonomy":"category","embeddable":true,"href":"https:\/\/www.schiebener.net\/wordpress\/wp-json\/wp\/v2\/categories?post=17938"},{"taxonomy":"post_tag","embeddable":true,"href":"https:\/\/www.schiebener.net\/wordpress\/wp-json\/wp\/v2\/tags?post=17938"}],"curies":[{"name":"wp","href":"https:\/\/api.w.org\/{rel}","templated":true}]}}