{"id":17695,"date":"2012-04-04T23:07:02","date_gmt":"2012-04-04T22:07:02","guid":{"rendered":"http:\/\/www.schiebener.net\/wordpress\/?p=17695"},"modified":"2012-04-04T23:07:02","modified_gmt":"2012-04-04T22:07:02","slug":"momente-auf-dem-weg-zu-hegel-brecht-und-fichte","status":"publish","type":"post","link":"https:\/\/www.schiebener.net\/wordpress\/momente-auf-dem-weg-zu-hegel-brecht-und-fichte\/","title":{"rendered":"Momente: auf dem Weg zu Hegel, Brecht und Fichte."},"content":{"rendered":"<figure id=\"attachment_17696\" aria-describedby=\"caption-attachment-17696\" style=\"width: 512px\" class=\"wp-caption aligncenter\"><img loading=\"lazy\" decoding=\"async\" class=\"size-full wp-image-17696\" title=\"berlin2012040401\" src=\"http:\/\/www.schiebener.net\/wordpress\/wp-content\/uploads\/2012\/04\/berlin2012040401.jpg\" alt=\"Kurz zur\u00fcckgeschaut, den Fahrradfahrer gesehen und geknippst (foto: zoom) \" width=\"512\" height=\"384\" srcset=\"https:\/\/www.schiebener.net\/wordpress\/wp-content\/uploads\/2012\/04\/berlin2012040401.jpg 512w, https:\/\/www.schiebener.net\/wordpress\/wp-content\/uploads\/2012\/04\/berlin2012040401-300x225.jpg 300w\" sizes=\"auto, (max-width: 512px) 85vw, 512px\" \/><figcaption id=\"caption-attachment-17696\" class=\"wp-caption-text\">Kurz zur\u00fcckgeschaut, den Fahrradfahrer gesehen und geknippst (foto: zoom) <\/figcaption><\/figure>\n<p>Es ist verdammt anstrengend eine Gro\u00dfstadt wie Berlin zu durchstreifen. Der Plan lautete: erreiche den Dorotheenst\u00e4dtischen Friedhof und finde die Grabst\u00e4dten von Brecht, Mann, Hegel, Fichte und Seghers.<\/p>\n<p>Auf dem Weg dorthin habe ich mich noch einmal umgeschaut und den Fahrradfahrer gesehen, kurz gez\u00f6gert und geknippst.<\/p>\n<figure id=\"attachment_17697\" aria-describedby=\"caption-attachment-17697\" style=\"width: 224px\" class=\"wp-caption alignleft\"><img loading=\"lazy\" decoding=\"async\" class=\"size-full wp-image-17697 \" title=\"hegel20120404\" src=\"http:\/\/www.schiebener.net\/wordpress\/wp-content\/uploads\/2012\/04\/hegel20120404.jpg\" alt=\"Wann hast du das letzte Mal etwas von Hegel gelesen?\" width=\"224\" height=\"412\" \/><figcaption id=\"caption-attachment-17697\" class=\"wp-caption-text\">Wann hast du das letzte Mal etwas von Hegel gelesen?<\/figcaption><\/figure>\n<p>Es herrschte heute eine sehr ungem\u00fctliche feuchte K\u00e4lte in Berlin. Graues Novemberwetter im April.<\/p>\n<p>Den Friedhof haben wir erreicht, die gesuchten Gr\u00e4ber gefunden und noch ein paar mehr.<\/p>\n<p>Aus welchem Grund waren wir dort? F\u00e4rben die Talente der Toten auf die Besucher ab? Hat man wieder ein paar touristische Troph\u00e4en erlegt?<\/p>\n<p>Ich werde mal dr\u00fcber nachdenken. Aber nicht heute, denn dieser Tag in Berlin, der grauen, kalten Gro\u00dfstadt war einfach zu anstrengend.<\/p>\n<p>Obwohl: Das KaDeWe war gar nicht so gr\u00e4\u00dflich \u00fcberf\u00fcllt, wie ich mir das &#8222;Schaufenster des Kapitalismus&#8220; immer vorgestellt hatte.<\/p>\n<p>Auf der f\u00fcnften Etage war ich ziemlich allein mit einem Nikon-Objektiv zum Preis von 6000 Euro. F\u00fcr gef\u00fchlte f\u00fcnf Minuten bin ich in tiefe Kontemplation versunken.<\/p>\n<p>Was w\u00e4re das f\u00fcr ein tolles Bild geworden! Der Radfahrer, der Bahnhof Friedrichstra\u00dfe und das 6000 Euro Objektiv.<\/p>\n<p>So \u00a0bleibt am Ende des Tages nur ein \u00a0Casio Exilim Pic, roh und unbearbeitet.<\/p>\n<p>Gute Nacht!<\/p>\n","protected":false},"excerpt":{"rendered":"<p>Es ist verdammt anstrengend eine Gro\u00dfstadt wie Berlin zu durchstreifen. Der Plan lautete: erreiche den Dorotheenst\u00e4dtischen Friedhof und finde die Grabst\u00e4dten von Brecht, Mann, Hegel, Fichte und Seghers. Auf dem &hellip; <a href=\"https:\/\/www.schiebener.net\/wordpress\/momente-auf-dem-weg-zu-hegel-brecht-und-fichte\/\" class=\"more-link\"><span class=\"screen-reader-text\">\u201eMomente: auf dem Weg zu Hegel, Brecht und Fichte.\u201c <\/span>weiterlesen<\/a><\/p>\n","protected":false},"author":3,"featured_media":0,"comment_status":"open","ping_status":"open","sticky":false,"template":"","format":"standard","meta":{"footnotes":""},"categories":[174,2489,2729],"tags":[336,3558,3560,1987,3559],"class_list":["post-17695","post","type-post","status-publish","format-standard","hentry","category-dit-und-dat","category-in-eigener-sache","category-reisen","tag-berlin","tag-brecht","tag-dorotheenstadtischer-friedhof","tag-fichte","tag-hegel"],"_links":{"self":[{"href":"https:\/\/www.schiebener.net\/wordpress\/wp-json\/wp\/v2\/posts\/17695","targetHints":{"allow":["GET"]}}],"collection":[{"href":"https:\/\/www.schiebener.net\/wordpress\/wp-json\/wp\/v2\/posts"}],"about":[{"href":"https:\/\/www.schiebener.net\/wordpress\/wp-json\/wp\/v2\/types\/post"}],"author":[{"embeddable":true,"href":"https:\/\/www.schiebener.net\/wordpress\/wp-json\/wp\/v2\/users\/3"}],"replies":[{"embeddable":true,"href":"https:\/\/www.schiebener.net\/wordpress\/wp-json\/wp\/v2\/comments?post=17695"}],"version-history":[{"count":0,"href":"https:\/\/www.schiebener.net\/wordpress\/wp-json\/wp\/v2\/posts\/17695\/revisions"}],"wp:attachment":[{"href":"https:\/\/www.schiebener.net\/wordpress\/wp-json\/wp\/v2\/media?parent=17695"}],"wp:term":[{"taxonomy":"category","embeddable":true,"href":"https:\/\/www.schiebener.net\/wordpress\/wp-json\/wp\/v2\/categories?post=17695"},{"taxonomy":"post_tag","embeddable":true,"href":"https:\/\/www.schiebener.net\/wordpress\/wp-json\/wp\/v2\/tags?post=17695"}],"curies":[{"name":"wp","href":"https:\/\/api.w.org\/{rel}","templated":true}]}}