{"id":17692,"date":"2012-04-03T22:46:49","date_gmt":"2012-04-03T21:46:49","guid":{"rendered":"http:\/\/www.schiebener.net\/wordpress\/?p=17692"},"modified":"2012-04-03T22:46:49","modified_gmt":"2012-04-03T21:46:49","slug":"mussen-wir-gunter-grass-ab-morgen-ein-riesengroses-arschloch-nennen","status":"publish","type":"post","link":"https:\/\/www.schiebener.net\/wordpress\/mussen-wir-gunter-grass-ab-morgen-ein-riesengroses-arschloch-nennen\/","title":{"rendered":"M\u00fcssen wir G\u00fcnter Grass ab morgen ein riesengro\u00dfes Arschloch nennen?"},"content":{"rendered":"<figure id=\"attachment_17693\" aria-describedby=\"caption-attachment-17693\" style=\"width: 512px\" class=\"wp-caption aligncenter\"><img loading=\"lazy\" decoding=\"async\" class=\"size-full wp-image-17693\" title=\"synagoge2012040302\" src=\"http:\/\/www.schiebener.net\/wordpress\/wp-content\/uploads\/2012\/04\/synagoge2012040302.jpg\" alt=\"Als der Herr Grass in der Waffen-SS war ... Tafel an der Neuen Synagoge Berlin. (foto: zoom)\" width=\"512\" height=\"817\" srcset=\"https:\/\/www.schiebener.net\/wordpress\/wp-content\/uploads\/2012\/04\/synagoge2012040302.jpg 512w, https:\/\/www.schiebener.net\/wordpress\/wp-content\/uploads\/2012\/04\/synagoge2012040302-188x300.jpg 188w\" sizes=\"auto, (max-width: 512px) 85vw, 512px\" \/><figcaption id=\"caption-attachment-17693\" class=\"wp-caption-text\">Als der Herr Grass in der Waffen-SS war ... Tafel an der Neuen Synagoge Berlin. (foto: zoom)<\/figcaption><\/figure>\n<p><strong>In einer Vorabmeldung hat der Berliner Tagesspiegel <a href=\"http:\/\/newsletter.tagesspiegel.de\/ov?mailing=1V60M48-16AJU6Q&amp;m2u=J7ANKY8-1V60M48-230EDI\" target=\"_blank\">heute folgendes verk\u00fcndet:<\/a> &#8222;G\u00fcnter Grass! Der Literaturnobelpreistr\u00e4ger hat wieder etwas geschrieben &#8211; ein Gedicht. Ein politisches, prosaisches, und es geht mit Israel hart ins Gericht. Was das wohl anrichten wird?&#8220;<\/strong><\/p>\n<p>In der <a href=\"http:\/\/www.tagesspiegel.de\/politik\/neues-grass-gedicht-guenter-grass-die-atommacht-israel-gefaehrdet-den-weltfrieden\/6473678.html\" target=\"_blank\">Online-Ausgabe des Tagesspiegel<\/a> titelt der Redakteur:<\/p>\n<p>&#8222;Neues Grass-Gedicht.\u00a0G\u00fcnter Grass: Die Atommacht Israel gef\u00e4hrdet den Weltfrieden&#8220;<\/p>\n<p>Ich habe vor langer Zeit die &#8222;Blechtrommel&#8220;, sowie &#8222;Katz und Maus&#8220; des deutschen Nobel-Preistr\u00e4gers gerne und sogar mehrmals gelesen, den Rest seiner Werke eigentlich nicht mehr.<\/p>\n<p>Das <a href=\"http:\/\/grass-haus.de\/\" target=\"_blank\">&#8222;G\u00fcnter Grass Haus&#8220; in L\u00fcbeck<\/a> habe ich neugierig besucht, als schon klar war, dass Grass Mitglied der Waffen-SS gewesen war.<\/p>\n<p>Soweit ich mich erinnere, wurde dieses Kapitel seiner Biografie dort noch nicht herausragend dokumentiert.<\/p>\n<p>Jetzt scheint der ehemalige SS-Mann Grass zu seinen Urspr\u00fcngen zur\u00fcck gekehrt zu sein.<\/p>\n<p>Die meisten Menschen sterben als Altersreaktion\u00e4re, den wenigsten ist es verg\u00f6nnt als Altersradikale auf der H\u00f6he der Zeit zu bleiben.<\/p>\n<p>G\u00fcnter Grass scheint gemeinsam mit Martin Walser sein Werk als Antisemit beschlie\u00dfen zu wollen.<\/p>\n<p>Eine letzte Hoffnung bleibt. Das Gedicht. Morgen. Gelesen. Vielleicht ist ja alles anders und G\u00fcnter Grass ist kein Arschloch sondern ein gro\u00dfer deutscher Dichter und Nobelpreistr\u00e4ger.<\/p>\n","protected":false},"excerpt":{"rendered":"<p>In einer Vorabmeldung hat der Berliner Tagesspiegel heute folgendes verk\u00fcndet: &#8222;G\u00fcnter Grass! Der Literaturnobelpreistr\u00e4ger hat wieder etwas geschrieben &#8211; ein Gedicht. Ein politisches, prosaisches, und es geht mit Israel hart &hellip; <a href=\"https:\/\/www.schiebener.net\/wordpress\/mussen-wir-gunter-grass-ab-morgen-ein-riesengroses-arschloch-nennen\/\" class=\"more-link\"><span class=\"screen-reader-text\">\u201eM\u00fcssen wir G\u00fcnter Grass ab morgen ein riesengro\u00dfes Arschloch nennen?\u201c <\/span>weiterlesen<\/a><\/p>\n","protected":false},"author":3,"featured_media":0,"comment_status":"open","ping_status":"open","sticky":false,"template":"","format":"standard","meta":{"footnotes":""},"categories":[319],"tags":[362,2058],"class_list":["post-17692","post","type-post","status-publish","format-standard","hentry","category-geschichte","tag-antisemitismus","tag-gunter-grass"],"_links":{"self":[{"href":"https:\/\/www.schiebener.net\/wordpress\/wp-json\/wp\/v2\/posts\/17692","targetHints":{"allow":["GET"]}}],"collection":[{"href":"https:\/\/www.schiebener.net\/wordpress\/wp-json\/wp\/v2\/posts"}],"about":[{"href":"https:\/\/www.schiebener.net\/wordpress\/wp-json\/wp\/v2\/types\/post"}],"author":[{"embeddable":true,"href":"https:\/\/www.schiebener.net\/wordpress\/wp-json\/wp\/v2\/users\/3"}],"replies":[{"embeddable":true,"href":"https:\/\/www.schiebener.net\/wordpress\/wp-json\/wp\/v2\/comments?post=17692"}],"version-history":[{"count":0,"href":"https:\/\/www.schiebener.net\/wordpress\/wp-json\/wp\/v2\/posts\/17692\/revisions"}],"wp:attachment":[{"href":"https:\/\/www.schiebener.net\/wordpress\/wp-json\/wp\/v2\/media?parent=17692"}],"wp:term":[{"taxonomy":"category","embeddable":true,"href":"https:\/\/www.schiebener.net\/wordpress\/wp-json\/wp\/v2\/categories?post=17692"},{"taxonomy":"post_tag","embeddable":true,"href":"https:\/\/www.schiebener.net\/wordpress\/wp-json\/wp\/v2\/tags?post=17692"}],"curies":[{"name":"wp","href":"https:\/\/api.w.org\/{rel}","templated":true}]}}