{"id":17675,"date":"2012-04-01T05:31:15","date_gmt":"2012-04-01T04:31:15","guid":{"rendered":"http:\/\/www.schiebener.net\/wordpress\/?p=17675"},"modified":"2012-04-01T05:31:15","modified_gmt":"2012-04-01T04:31:15","slug":"umleitung-vom-hertie-abriss-bis-zu-santana-und-zwischendrin-die-politik","status":"publish","type":"post","link":"https:\/\/www.schiebener.net\/wordpress\/umleitung-vom-hertie-abriss-bis-zu-santana-und-zwischendrin-die-politik\/","title":{"rendered":"Umleitung: vom Hertie-Abriss bis zu Santana und zwischendrin die Politik."},"content":{"rendered":"<figure id=\"attachment_17676\" aria-describedby=\"caption-attachment-17676\" style=\"width: 512px\" class=\"wp-caption aligncenter\"><img loading=\"lazy\" decoding=\"async\" class=\"size-full wp-image-17676\" title=\"hertie2012032901\" src=\"http:\/\/www.schiebener.net\/wordpress\/wp-content\/uploads\/2012\/04\/hertie2012032901.jpg\" alt=\"Das war ein Hertie-Geb\u00e4ude: Abriss in Dinslaken am Niederrhein (foto: zoom)\" width=\"512\" height=\"384\" srcset=\"https:\/\/www.schiebener.net\/wordpress\/wp-content\/uploads\/2012\/04\/hertie2012032901.jpg 512w, https:\/\/www.schiebener.net\/wordpress\/wp-content\/uploads\/2012\/04\/hertie2012032901-300x225.jpg 300w\" sizes=\"auto, (max-width: 512px) 85vw, 512px\" \/><figcaption id=\"caption-attachment-17676\" class=\"wp-caption-text\">Das war ein Hertie-Geb\u00e4ude: Abriss in Dinslaken am Niederrhein (foto: zoom)<\/figcaption><\/figure>\n<p><strong>Tods\u00fcnden in der Wissenschaft:<\/strong> Vortragsaufzeichnung &#8230; <a href=\"http:\/\/cspannagel.wordpress.com\/2012\/03\/30\/todsunden-in-der-wissenschaft-vortragsaufzeichnung\/\" target=\"_blank\">dunkelmunkel<\/a><\/p>\n<p><strong>Wegweiser zum Gl\u00fcck:<\/strong> Bilder einer Stra\u00dfe 1979 \u00e2\u20ac\u201c 1981 &#8230; <a href=\"http:\/\/www.heikerost.com\/texte\/visuelle-kultur\/schuermann\/\" target=\"_blank\">heikerost<\/a><\/p>\n<p><strong>Was ist Demokratie?<\/strong> Der Historiker Paul Nolte liefert eine Gesamtdarstellung zur Entwicklung des demokratischen politischen Ordnungssystems &#8230; <a href=\"http:\/\/hpd.de\/node\/13132\" target=\"_blank\">hpd<\/a><\/p>\n<p><strong>&#8222;Chemtrails&#8220;:<\/strong> Neues von der Weltverschw\u00f6rung &#8230; <a href=\"http:\/\/www.ruhrbarone.de\/neues-von-der-weltverschwoerung\/\" target=\"_blank\">ruhrbarone<\/a><\/p>\n<p><strong>Fiskalpakt:<\/strong> der klammheimliche Systemwechsel &#8230; <a href=\"http:\/\/www.nachdenkseiten.de\/?p=12720\" target=\"_blank\">nachdenkseiten<\/a><\/p>\n<p><strong>Schlecker und die FDP:<\/strong> Statt sich in Gefechten um eine Transfergesellschaft zu verk\u00e4mpfen, m\u00fcsste es viel mehr um etwas anderes gehen: Das Abrutschen der Frauen in prek\u00e4re Besch\u00e4ftigungsverh\u00e4ltnisse zu verhindern &#8230; <a href=\"http:\/\/www.wiesaussieht.de\/2012\/03\/29\/schlecker-und-die-fdp\/#more-2081\" target=\"_blank\">wiesaussieht<\/a><\/p>\n<p><strong>Soziale K\u00e4lte der FDP:<\/strong> Pl\u00f6tzlich entdecken die so genannten Liberalen wieder ihre Vorliebe f\u00fcr Ordnungspolitik, f\u00fcr die Marktwirtschaft &#8230; <a href=\"http:\/\/www.wir-in-nrw-blog.de\/2012\/03\/soziale-kalte-der-fdp\/\" target=\"_blank\">WirInNRW<\/a><\/p>\n<p><strong>Der fiese Herr R\u00f6sler:<\/strong> &#8222;Von \u00e2\u20ac\u0153freiem Markt\u00e2\u20ac\u009d s\u00e4uselten die Liberalen und der feine Oberliberale findet eh, dass die Arbeitsagenturen auch mal wieder mehr Kundschaft brauchen&#8220; &#8230; <a href=\"http:\/\/daniel-koehne.de\/mixtape\/der-fiese-herr-rosler\/\" target=\"_blank\">danielsmixtape<\/a><\/p>\n<p><strong>SPD Duisburg:<\/strong> Einmal wie immer, bitte! &#8230; <a href=\"http:\/\/www.jurga.de\/286.html\" target=\"_blank\">jurga<\/a><\/p>\n<p><strong>Die NRW-Linke vor dem Absturz:<\/strong> Die kurze Zeit im Landtag hat viele Sympathisanten und Mitglieder der Linken desillusioniert, meint &#8230; <a href=\"http:\/\/post-von-horn.de\/2012\/03\/30\/die-nrw-linke-vor-dem-absturz\/\" target=\"_blank\">postvonhorn<\/a><\/p>\n<p><strong>Piratenpartei Dortmund:<\/strong> Ein Haufen merkw\u00fcrdiger Typen \u00e2\u20ac\u201c der schon Felle verteilt, ohne B\u00e4ren zu erlegen\u00e2\u20ac\u00a6 <a href=\"http:\/\/www.pottblog.de\/2012\/03\/30\/piratenpartei-dortmund-ein-haufen-merkwurdiger-typen-der-schon-felle-verteilt-ohne-baren-zu-erlegen\/\" target=\"_blank\">pottblog<\/a><\/p>\n<p><strong>Sparkasse Hagen:<\/strong> l\u00e4sst das Verteilen von Flyern zu Hartz IV durch polizeilichen Platzverweis unterbinden &#8230; <a href=\"http:\/\/doppelwacholder.wordpress.com\/2012\/03\/31\/sparkasse-hagen-lasst-das-verteilen-von-flyern-zu-hartz-iv-durch-polizeilichen-platzverweis-unterbinden\/\" target=\"_blank\">doppelwacholder<\/a><\/p>\n<p><strong>Gr\u00fcne im Hochsauerland:<\/strong> Kandidatenmangel &#8230; <a href=\"http:\/\/sbl-fraktion.de\/?p=1988\" target=\"_blank\">sbl<\/a><\/p>\n<p><strong>Provinz-Posse in Brilon?<\/strong> Ratlos im Rathaus &#8230; <a href=\"http:\/\/www.sauerland-blog.com\/?p=373\" target=\"_blank\">sauerland-blog<\/a><\/p>\n<p><strong>Meilensteine der Popmusik &#8211; Santana:<\/strong> &#8222;&#8230; sang und spielte er f\u00fcr US-Touristen in Bars und Bordellen im mexikanischen Grenzst\u00e4dtchen Tijuana&#8220; &#8230; <a href=\"http:\/\/www.revierpassagen.de\/8326\/meilensteine-der-popmusik-7-santana\/20120329_1451\" target=\"_blank\">revierpassagen<\/a><\/p>\n<p><strong>Neheim als offene Galerie:<\/strong> B\u00fcrger als Galeristen &#8230; <a href=\"http:\/\/www.neheims-netz.de\/?p=2529\" target=\"_blank\">neheimsnetz<\/a><\/p>\n","protected":false},"excerpt":{"rendered":"<p>Tods\u00fcnden in der Wissenschaft: Vortragsaufzeichnung &#8230; dunkelmunkel Wegweiser zum Gl\u00fcck: Bilder einer Stra\u00dfe 1979 \u00e2\u20ac\u201c 1981 &#8230; heikerost Was ist Demokratie? Der Historiker Paul Nolte liefert eine Gesamtdarstellung zur Entwicklung &hellip; <a href=\"https:\/\/www.schiebener.net\/wordpress\/umleitung-vom-hertie-abriss-bis-zu-santana-und-zwischendrin-die-politik\/\" class=\"more-link\"><span class=\"screen-reader-text\">\u201eUmleitung: vom Hertie-Abriss bis zu Santana und zwischendrin die Politik.\u201c <\/span>weiterlesen<\/a><\/p>\n","protected":false},"author":3,"featured_media":0,"comment_status":"open","ping_status":"open","sticky":false,"template":"","format":"standard","meta":{"footnotes":""},"categories":[542,3,218,3182,674,854,80,27,24,379,1208],"tags":[3553,417,2546,564,256,774,561,3554,1969,13],"class_list":["post-17675","post","type-post","status-publish","format-standard","hentry","category-arbeitswelt","category-bildung-und-schule","category-bucher","category-finanzen","category-kultur","category-kunst","category-lokales","category-musik","category-politik","category-umleitung","category-wirtschaft","tag-chemtrails","tag-fdp","tag-grune-hsk","tag-hertie","tag-linke","tag-paul-nolte","tag-piraten","tag-santana","tag-schlecker","tag-spd"],"_links":{"self":[{"href":"https:\/\/www.schiebener.net\/wordpress\/wp-json\/wp\/v2\/posts\/17675","targetHints":{"allow":["GET"]}}],"collection":[{"href":"https:\/\/www.schiebener.net\/wordpress\/wp-json\/wp\/v2\/posts"}],"about":[{"href":"https:\/\/www.schiebener.net\/wordpress\/wp-json\/wp\/v2\/types\/post"}],"author":[{"embeddable":true,"href":"https:\/\/www.schiebener.net\/wordpress\/wp-json\/wp\/v2\/users\/3"}],"replies":[{"embeddable":true,"href":"https:\/\/www.schiebener.net\/wordpress\/wp-json\/wp\/v2\/comments?post=17675"}],"version-history":[{"count":0,"href":"https:\/\/www.schiebener.net\/wordpress\/wp-json\/wp\/v2\/posts\/17675\/revisions"}],"wp:attachment":[{"href":"https:\/\/www.schiebener.net\/wordpress\/wp-json\/wp\/v2\/media?parent=17675"}],"wp:term":[{"taxonomy":"category","embeddable":true,"href":"https:\/\/www.schiebener.net\/wordpress\/wp-json\/wp\/v2\/categories?post=17675"},{"taxonomy":"post_tag","embeddable":true,"href":"https:\/\/www.schiebener.net\/wordpress\/wp-json\/wp\/v2\/tags?post=17675"}],"curies":[{"name":"wp","href":"https:\/\/api.w.org\/{rel}","templated":true}]}}