{"id":1758,"date":"2009-01-09T16:07:21","date_gmt":"2009-01-09T15:07:21","guid":{"rendered":"http:\/\/www.schiebener.net\/wordpress\/?p=1758"},"modified":"2009-01-09T16:08:53","modified_gmt":"2009-01-09T15:08:53","slug":"freitag-raus-aus-der-linksliberalen-kuschelecke","status":"publish","type":"post","link":"https:\/\/www.schiebener.net\/wordpress\/freitag-raus-aus-der-linksliberalen-kuschelecke\/","title":{"rendered":"Freitag: raus aus der linksliberalen Kuschelecke!?"},"content":{"rendered":"<h5 class=\"mceTemp\">\n<dl id=\"attachment_1759\" class=\"wp-caption alignnone\" style=\"width: 310px;\">\n<dt class=\"wp-caption-dt\"><a href=\"http:\/\/www.schiebener.net\/wordpress\/wp-content\/uploads\/2009\/01\/freitag01.jpg\" target=\"_blank\"><img loading=\"lazy\" decoding=\"async\" class=\"size-medium wp-image-1759\" title=\"Der Freitag: hausbacken links?\" src=\"http:\/\/www.schiebener.net\/wordpress\/wp-content\/uploads\/2009\/01\/freitag01-300x199.jpg\" alt=\"Der Freitag: hausbacken links?\" width=\"300\" height=\"199\" srcset=\"https:\/\/www.schiebener.net\/wordpress\/wp-content\/uploads\/2009\/01\/freitag01-300x199.jpg 300w, https:\/\/www.schiebener.net\/wordpress\/wp-content\/uploads\/2009\/01\/freitag01.jpg 800w\" sizes=\"auto, (max-width: 300px) 85vw, 300px\" \/><\/a><\/dt>\n<dd class=\"wp-caption-dd\">Der Freitag: hausbacken links?<\/dd>\n<\/dl>\n<\/h5>\n<p><strong>Jakob Augstein will die Berliner Wochenzeitung \u00e2\u20ac\u0153Freitag\u00e2\u20ac\u009d runderneuern<\/strong><\/p>\n<blockquote><p><strong><\/strong><br \/>\n&#8230; Im Mai hat der Journalist das Wochenblatt \u00fcbernommen. Es w\u00e4re \u00fcbertrieben zu behaupten, dass Augstein mit der Zeitung seither schon viele Mitglieder seiner Zielgruppe erreicht. Die Auflage des \u00e2\u20ac\u0153Freitag\u00e2\u20ac\u009d liegt nach wie vor bei 12 000 verkauften Exemplaren. Seine Leser sind eher \u00e4ltere Angeh\u00f6rige des linksliberalen B\u00fcrgertums. Zuletzt war der Titel ein Nischenblatt, das im Zweifel ziemlich weit links stand. \u00e2\u20ac\u0153Der ,Freitag\u00e2\u20ac\u2122 war manchmal ganz sch\u00f6n weit drau\u00dfen\u00e2\u20ac\u009d, sagt Augstein. \u00e2\u20ac\u0153Jetzt kreuzt er wieder in Sichtweite der K\u00fcste.\u00e2\u20ac\u009d<br \/>\nUm eine Zeitung wie den \u00e2\u20ac\u0153Freitag\u00e2\u20ac\u009d umzupositionieren, braucht man Zeit. Augstein will zur\u00fcck zu den Anf\u00e4ngen des Blatts, das 1990 aus der Fusion des Ost-Berliner \u00e2\u20ac\u0153Sonntag\u00e2\u20ac\u009d und der westdeutschen \u00e2\u20ac\u0153Volkszeitung\u00e2\u20ac\u009d entstand. \u00e2\u20ac\u0153Damals unter dem Herausgeber G\u00fcnter Gaus war der ,Freitag\u00e2\u20ac\u2122 das Diskussionsforum der Linksliberalen im zusammenwachsenden Deutschland\u00e2\u20ac\u009d, sagt der 41-J\u00e4hrige. Danach habe das Blatt diesen Weg verlassen. Nun will Augstein \u00e2\u20ac\u0153an diese Tradition wieder ankn\u00fcpfen\u00e2\u20ac\u009d &#8230; <a href=\"http:\/\/www.welt.de\/welt_print\/article2943802\/Zurueck-zu-den-Wurzeln.html?print=yes\" target=\"_blank\">weiter  bei Welt Online<\/a><\/p><\/blockquote>\n<p>Jakob Augstein hat sich in der <a href=\"http:\/\/www.freitag.de\/2009\/PDF-Archiv\/Freitag-2009-02.pdf\" target=\"_blank\">letzten Ausgabe(PDF) <\/a>an seine Leserinnen und Leser gewandt(Screenshot von mir hinzugef\u00fcgt):<\/p>\n<blockquote><p>Liebe Leserinnen und Leser,<br \/>\nauf unserer <a href=\"http:\/\/www.freitag.de\/\" target=\"_blank\">Startseite freitag.de <\/a>findet sich neuerdings eine Layer-Anzeige. Diesen Ausdruck kannte ich bis vor kurzem nicht. Es handelt sich um eine Anzeige, die vor der Seite liegt, auf die man eigentlich zugreifen will.<\/p>\n<h5 class=\"mceTemp\">\n<dl id=\"attachment_1760\" class=\"wp-caption alignnone\" style=\"width: 310px;\">\n<dt class=\"wp-caption-dt\"><a href=\"http:\/\/www.schiebener.net\/wordpress\/wp-content\/uploads\/2009\/01\/freitag01.png\" target=\"_blank\"><img loading=\"lazy\" decoding=\"async\" class=\"size-medium wp-image-1760\" title=\"Werbung auf freitag.de\" src=\"http:\/\/www.schiebener.net\/wordpress\/wp-content\/uploads\/2009\/01\/freitag01-300x177.png\" alt=\"Werbung auf freitag.de\" width=\"300\" height=\"177\" srcset=\"https:\/\/www.schiebener.net\/wordpress\/wp-content\/uploads\/2009\/01\/freitag01-300x177.png 300w, https:\/\/www.schiebener.net\/wordpress\/wp-content\/uploads\/2009\/01\/freitag01.png 800w\" sizes=\"auto, (max-width: 300px) 85vw, 300px\" \/><\/a><\/dt>\n<dd class=\"wp-caption-dd\">Layer-Werbung auf freitag.de<\/dd>\n<\/dl>\n<\/h5>\n<p>Abgesehen davon, dass wir mit einer solchen Anzeige Geld verdienen, das wir in den Aus- und Aufbau des Freitag stecken, findet sich da noch ein praktischer Hinweis: Eine r\u00fcckw\u00e4rts laufende Uhr, die jetzt gerade 29 Tage, 06 Stunden, 58 Minuten und, Moment, zehn Sekunden zeigt. <!--more--><\/p>\n<p>Wenn Sie das mal nach vorne rechnen, landen Sie beim 5. Februar. Dem Datum, an dem der Freitag in neuer Optik erscheint &#8211; Print wie Online. Sie wissen, dass wir vor der Herausforderung stehen, neue Leser zu gewinnen, ohne die Identit\u00e4t des Blattes zu gef\u00e4hrden und ohne die bisherigen Leser heimatlos zu machen. Ich will das nicht kleinreden: Das ist keine leichte Sache. Denn Zeitungsleser reagieren \u00e2\u20ac\u201c zu Recht \u00e2\u20ac\u201c \u00e4u\u00dferst empfindlich auf Ver\u00e4nderungen. Wir werden den Freitag in einem neuen Layout vorstellen. Und mit einem erweiterten Umfang. Aber in unver\u00e4nderter inhaltlicher Ausrichtung. Layoutfragen allerdings sind Fragen des Geschmacks und des Handwerks. Sie eignen sich f\u00fcr demokratische Abstimmungsprozesse sehr schlecht: Ein Design wird nicht besser, je mehr Leute dar\u00fcber streiten. Unsere Art-Direktion, von der ich sehr viel halte, hat einen eindrucksvollen Weg gefunden, den wir Ihnen zeigen werden. Wir hoffen, dass alle Leser, die jetzigen und die k\u00fcnftigen, das neue Layout ebenso ansprechend finden, wie wir selbst \u00e2\u20ac\u201c und dass sie alle mit uns der Ansicht sind, dass das Layout dem Inhalt dienen m\u00f6ge und nicht umgekehrt, dass Text und Inhalt im Vordergund stehen. Wir werden Ihnen rechtzeitig auch einige inhaltliche Erweiterungen vorstellen, die wir planen. Erweiterungen. Keine Ver\u00e4nderungen. Ein Leser hat uns geschrieben: \u00bbDaher k\u00e4me dem Freitag eine bedeutsamere Funktion f\u00fcr die politische Kultur der Bundesrepublik zu, als ein attraktiver publizistischer Ort in der \u00d6ffentlichkeit der demokratischen Linken. Was der kurzatmige Tagesjournalismus im Internet k\u00fcnftig gerade nicht leisten kann, sollte der Freitag pflegen: Nicht am Rauschen der sich t\u00e4glich verfl\u00fcchtigenden Informationen teilzunehmen, sondern an nachhaltigeren Sicht\u00f6ffnungen, sensiblen kulturellen Berichten und an der reflexiven Durchdringung der grunds\u00e4tzlichen politischen Entwicklungen unserer Welt zu arbeiten.\u00ab Und ich sehe das ganz genauso. Es ist pr\u00e4zise beschrieben unser publizistisches Ziel. Ob wir dem gerecht werden, das werden Sie bewerten. Sie k\u00f6nnen uns schreiben, im Internet werden Sie ab Februar auch noch mehr tun k\u00f6nnen als nur das. Sie werden teilnehmen k\u00f6nnen. Wenn Sie wollen. Die Redaktion des Freitag w\u00fcrde sich dar\u00fcber freuen.<br \/>\nIhr Jakob Augstein<\/p><\/blockquote>\n","protected":false},"excerpt":{"rendered":"<p>Der Freitag: hausbacken links? Jakob Augstein will die Berliner Wochenzeitung \u00e2\u20ac\u0153Freitag\u00e2\u20ac\u009d runderneuern &#8230; Im Mai hat der Journalist das Wochenblatt \u00fcbernommen. Es w\u00e4re \u00fcbertrieben zu behaupten, dass Augstein mit der &hellip; <a href=\"https:\/\/www.schiebener.net\/wordpress\/freitag-raus-aus-der-linksliberalen-kuschelecke\/\" class=\"more-link\"><span class=\"screen-reader-text\">\u201eFreitag: raus aus der linksliberalen Kuschelecke!?\u201c <\/span>weiterlesen<\/a><\/p>\n","protected":false},"author":3,"featured_media":0,"comment_status":"open","ping_status":"open","sticky":false,"template":"","format":"standard","meta":{"footnotes":""},"categories":[32],"tags":[333],"class_list":["post-1758","post","type-post","status-publish","format-standard","hentry","category-medien","tag-freitag"],"_links":{"self":[{"href":"https:\/\/www.schiebener.net\/wordpress\/wp-json\/wp\/v2\/posts\/1758","targetHints":{"allow":["GET"]}}],"collection":[{"href":"https:\/\/www.schiebener.net\/wordpress\/wp-json\/wp\/v2\/posts"}],"about":[{"href":"https:\/\/www.schiebener.net\/wordpress\/wp-json\/wp\/v2\/types\/post"}],"author":[{"embeddable":true,"href":"https:\/\/www.schiebener.net\/wordpress\/wp-json\/wp\/v2\/users\/3"}],"replies":[{"embeddable":true,"href":"https:\/\/www.schiebener.net\/wordpress\/wp-json\/wp\/v2\/comments?post=1758"}],"version-history":[{"count":0,"href":"https:\/\/www.schiebener.net\/wordpress\/wp-json\/wp\/v2\/posts\/1758\/revisions"}],"wp:attachment":[{"href":"https:\/\/www.schiebener.net\/wordpress\/wp-json\/wp\/v2\/media?parent=1758"}],"wp:term":[{"taxonomy":"category","embeddable":true,"href":"https:\/\/www.schiebener.net\/wordpress\/wp-json\/wp\/v2\/categories?post=1758"},{"taxonomy":"post_tag","embeddable":true,"href":"https:\/\/www.schiebener.net\/wordpress\/wp-json\/wp\/v2\/tags?post=1758"}],"curies":[{"name":"wp","href":"https:\/\/api.w.org\/{rel}","templated":true}]}}