{"id":17548,"date":"2012-03-24T00:16:20","date_gmt":"2012-03-23T23:16:20","guid":{"rendered":"http:\/\/www.schiebener.net\/wordpress\/?p=17548"},"modified":"2012-03-24T01:18:00","modified_gmt":"2012-03-24T00:18:00","slug":"hsk-es-fehlen-immer-noch-kindergartenplatze","status":"publish","type":"post","link":"https:\/\/www.schiebener.net\/wordpress\/hsk-es-fehlen-immer-noch-kindergartenplatze\/","title":{"rendered":"HSK: Es fehlen immer noch Kindergartenpl\u00e4tze"},"content":{"rendered":"<figure id=\"attachment_17256\" aria-describedby=\"caption-attachment-17256\" style=\"width: 240px\" class=\"wp-caption alignleft\"><img loading=\"lazy\" decoding=\"async\" class=\"size-medium wp-image-17256\" title=\"weblekandebarnkinder1\" src=\"http:\/\/www.schiebener.net\/wordpress\/wp-content\/uploads\/2012\/03\/weblekandebarnkinder1-300x193.jpg\" alt=\"weblekandebarnkinder1\" width=\"240\" height=\"154\" srcset=\"https:\/\/www.schiebener.net\/wordpress\/wp-content\/uploads\/2012\/03\/weblekandebarnkinder1-300x193.jpg 300w, https:\/\/www.schiebener.net\/wordpress\/wp-content\/uploads\/2012\/03\/weblekandebarnkinder1.jpg 512w\" sizes=\"auto, (max-width: 240px) 85vw, 240px\" \/><figcaption id=\"caption-attachment-17256\" class=\"wp-caption-text\">Spielende Kinder, hier nicht in Deutschland (foto: chris)<\/figcaption><\/figure>\n<p><strong>Obwohl bei uns von Jahr zu Jahr weniger Kinder geboren werden, gibt es im Bereich des Jugendamtes des Hochsauerlandkreises nicht gen\u00fcgend Kindergartenpl\u00e4tze.<\/strong><\/p>\n<p>Vor allem beim Ausbau der Betreuungspl\u00e4tze f\u00fcr Kinder unter 3 Jahren hakt es. 748 Anmeldungen f\u00fcr sogenannte U3-Kinder lagen am 07.03.2012 beim Jugendamt vor (Vorjahr 653). Die Warteliste f\u00fcr U3-Pl\u00e4tze weist derzeit 52 Kinder aus.<\/p>\n<p><strong>F\u00fcr U3-Kinder gelten gewisse elternbezogene Aufnahmekriterien:<\/strong><br \/>\nBerufst\u00e4tigkeit\/Ausbildung der Eltern<br \/>\nEltern arbeitssuchend<br \/>\nSonstige Gr\u00fcnde; Kindeswohl<\/p>\n<p><strong>82 Anmeldungen von U3-Kindern<\/strong>, deren Eltern keinen vorrangigen Grund f\u00fcr einen Kita-Platz anf\u00fchren, wurden auch ber\u00fccksichtigt.<\/p>\n<p><strong>Wie viele Kinder tats\u00e4chlich im Kindergartenjahr 2012\/2013 den gew\u00fcnschten Platz bekommen, ist fraglich.<\/strong> So muss bei einigen Einrichtungen noch mit der Heimaufsicht die r\u00e4umliche Belegung gekl\u00e4rt werden. Mit kurzfristigen Entscheidungen sei nicht zu rechnen, erkl\u00e4rt die Verwaltung in der Vorlage zur Sitzung des Kreisjugendhilfeausschusses, der am Montag dem 12.03.2012 getagt hat.<\/p>\n<p><strong>Eltern haben seit einigen Jahren die M\u00f6glichkeit zwischen 3 \u00e2\u20ac\u017eBuchungsfenstern\u00e2\u20ac\u0153 zu w\u00e4hlen<\/strong>, und zwar zwischen 25 Stunden pro Woche, 35 Stunden pro Woche und 45 Stunden pro Woche. Die 45 Stunden-Betreuung wird immer mehr zum Renner. Im Kiga-Jahr 2008\/2009 wurde sie \u00e2\u20ac\u017enur\u00e2\u20ac\u0153 f\u00fcr rund 23 Prozent der Kinder gebucht; im Kiga-Jahr 2012\/2013 liegt der Prozentsatz bei 37 und ist also um 14 Prozentpunkte h\u00f6her als vor 5 Jahren.<\/p>\n<p>(Zum Kreisjugendamt geh\u00f6ren alle St\u00e4dte und Gemeinden au\u00dfer Arnsberg, Schmallenberg und Sundern. Diese drei Kommunen haben ein eigenes Jugendamt.)<\/p>\n","protected":false},"excerpt":{"rendered":"<p>Obwohl bei uns von Jahr zu Jahr weniger Kinder geboren werden, gibt es im Bereich des Jugendamtes des Hochsauerlandkreises nicht gen\u00fcgend Kindergartenpl\u00e4tze. Vor allem beim Ausbau der Betreuungspl\u00e4tze f\u00fcr Kinder &hellip; <a href=\"https:\/\/www.schiebener.net\/wordpress\/hsk-es-fehlen-immer-noch-kindergartenplatze\/\" class=\"more-link\"><span class=\"screen-reader-text\">\u201eHSK: Es fehlen immer noch Kindergartenpl\u00e4tze\u201c <\/span>weiterlesen<\/a><\/p>\n","protected":false},"author":25,"featured_media":0,"comment_status":"open","ping_status":"open","sticky":false,"template":"","format":"standard","meta":{"footnotes":""},"categories":[3,80,24],"tags":[212,2169],"class_list":["post-17548","post","type-post","status-publish","format-standard","hentry","category-bildung-und-schule","category-lokales","category-politik","tag-hochsauerland","tag-kindergarten"],"_links":{"self":[{"href":"https:\/\/www.schiebener.net\/wordpress\/wp-json\/wp\/v2\/posts\/17548","targetHints":{"allow":["GET"]}}],"collection":[{"href":"https:\/\/www.schiebener.net\/wordpress\/wp-json\/wp\/v2\/posts"}],"about":[{"href":"https:\/\/www.schiebener.net\/wordpress\/wp-json\/wp\/v2\/types\/post"}],"author":[{"embeddable":true,"href":"https:\/\/www.schiebener.net\/wordpress\/wp-json\/wp\/v2\/users\/25"}],"replies":[{"embeddable":true,"href":"https:\/\/www.schiebener.net\/wordpress\/wp-json\/wp\/v2\/comments?post=17548"}],"version-history":[{"count":0,"href":"https:\/\/www.schiebener.net\/wordpress\/wp-json\/wp\/v2\/posts\/17548\/revisions"}],"wp:attachment":[{"href":"https:\/\/www.schiebener.net\/wordpress\/wp-json\/wp\/v2\/media?parent=17548"}],"wp:term":[{"taxonomy":"category","embeddable":true,"href":"https:\/\/www.schiebener.net\/wordpress\/wp-json\/wp\/v2\/categories?post=17548"},{"taxonomy":"post_tag","embeddable":true,"href":"https:\/\/www.schiebener.net\/wordpress\/wp-json\/wp\/v2\/tags?post=17548"}],"curies":[{"name":"wp","href":"https:\/\/api.w.org\/{rel}","templated":true}]}}