{"id":1711,"date":"2009-01-05T10:37:06","date_gmt":"2009-01-05T09:37:06","guid":{"rendered":"http:\/\/www.schiebener.net\/wordpress\/?p=1711"},"modified":"2009-01-05T14:52:26","modified_gmt":"2009-01-05T13:52:26","slug":"nrw-gefangen-in-der-religion-befangen-im-streit","status":"publish","type":"post","link":"https:\/\/www.schiebener.net\/wordpress\/nrw-gefangen-in-der-religion-befangen-im-streit\/","title":{"rendered":"NRW. Gefangen in der Religion &#8211; befangen im Streit"},"content":{"rendered":"<p>Sowohl <a href=\"http:\/\/www.wdr.de\/themen\/kultur\/religion\/islam\/konflikte\/kalisch\/081231.jhtml\" target=\"_blank\">beim WDR<\/a> als auch <a href=\"http:\/\/www.sueddeutsche.de\/956386\/349\/2701279\/Kein-Kotau-vor-den-Verbaenden.html\" target=\"_blank\">in der S\u00fcddeutschen Zeitung<\/a> berichtet Johannes Nitschmann \u00fcber einen Streit zwischen NRW Hochschulminister Andreas Pinkwart(FDP) und dem CDU-Landtagsfraktionsvorsitzenden Helmut Stahl:<\/p>\n<h2>Islam Professor Kalisch entzweit Regierung in NRW<\/h2>\n<blockquote><p>D\u00fcsseldorf &#8211; Die aufgek\u00fcndigte Zusammenarbeit des M\u00fcnsteraner Islamprofessors Muhammad Sven Kalisch und des Koordinationsrates der Muslime bei der Lehrerausbildung hat zwischen den Spitzen der nordrhein-westf\u00e4lischen Regierungsparteien einen Grundsatzstreit ausgel\u00f6st. In einem der S\u00fcddeutschen Zeitung bekannt gewordenen Briefwechsel werfen sich NRW-Hochschulminister Andreas Pinkwart (FDP) und der Vorsitzende der CDU-Fraktion im D\u00fcsseldorfer Landtag, Helmut Stahl, vor, im Fall Kalisch die Landesverfassung zu missachten. W\u00e4hrend Pinkwart, der zugleich FDP-Landesvorsitzender ist, den muslimischen Verb\u00e4nden &#8211; wie allen Religionsgemeinschaften &#8211; ein Mitsprachrecht bei der Besetzung des Lehrstuhls f\u00fcr die Ausbildung von Islamkunde-Lehrern einr\u00e4umen will, pocht der CDU-Fraktionschef auf die Freiheit der Wissenschaft: &#8222;Einen Kotau vor den islamischen Verb\u00e4nden darf es nicht geben.&#8220; &#8230; <a href=\"http:\/\/www.sueddeutsche.de\/956386\/349\/2701279\/Kein-Kotau-vor-den-Verbaenden.html\" target=\"_blank\">weiter in der SZ<\/a><\/p><\/blockquote>\n<p>Diese Auseinandersetzung ist die <strong>Rache der fehlenden Trennung von Staat und Kirche<\/strong> im Bildungssystem von Nordrhein-Westfalen.<\/p>\n<p>Es ist nicht &#8222;Islam-Professor Kalisch&#8220;(Nitschmann in der SZ), der die Regierung in NRW entzweit(ebenda), sondern die religi\u00f6se Grundlage der <a href=\"http:\/\/www.landtag.nrw.de\/portal\/WWW\/GB_II\/II.2\/Gesetze\/Verfassung_NRW.jsp\" target=\"_blank\">NRW-Verfassung<\/a>. In Artikel 7[Grunds\u00e4tze der Erziehung] hei\u00dft es in Absatz 1 (Hervorhebungen von mir):<\/p>\n<blockquote><p>Ehrfurcht vor <strong>Gott<\/strong>, Achtung vor der W\u00fcrde des Menschen und Bereitschaft zum sozialen Handeln zu wecken, ist vornehmstes Ziel der Erziehung.<\/p>\n<p>Artikel 12[Schularten] Absatz 3:<\/p>\n<p>Grundschulen sind Gemeinschaftsschulen, <strong>Bekenntnisschulen<\/strong> oder Weltanschauungsschulen&#8230;.<\/p>\n<p>Absatz 6:<\/p>\n<p>In <strong>Bekenntnisschulen<\/strong> werden Kinder des <strong>katholischen oder des evangelischen Glaubens oder einer anderen Religionsgemeinschaft<\/strong> nach den Grunds\u00e4tzen des betreffenden Bekenntnisses unterrichtet und erzogen&#8230;.<\/p>\n<p>Artikel 14[Religionsunterricht]<\/p>\n<p>(1) Der <strong>Religionsunterricht ist ordentliches Lehrfach<\/strong> an allen Schulen, mit Ausnahme der Weltanschauungsschulen (bekenntnisfreien Schulen). F\u00fcr die religi\u00f6se Unterweisung bedarf der <strong>Lehrer der Bevollm\u00e4chtigung durch die Kirche oder durch die Religionsgemeinschaft<\/strong>. Kein Lehrer darf gezwungen werden, Religionsunterricht zu erteilen.<\/p>\n<p>(2) Lehrpl\u00e4ne und Lehrb\u00fccher f\u00fcr den Religionsunterricht sind i<strong>m Einvernehmen mit der Kirche oder Religionsgemeinschaft<\/strong> zu bestimmen.<\/p>\n<p>(3) <strong>Unbeschadet des staatlichen Aufsichtsrechtes haben die Kirchen oder die Religionsgemeinschaften das Recht<\/strong>, nach einem mit der Unterrichtsverwaltung vereinbarten Verfahren sich durch Einsichtnahme zu vergewissern, da\u00df der Religionsunterricht in \u00dcbereinstimmung mit ihren Lehren und Anforderungen erteilt wird.<\/p>\n<p>(4) Die Befreiung vom Religionsunterricht ist abh\u00e4ngig von einer schriftlichen Willenserkl\u00e4rung der Erziehungsberechtigten oder des religionsm\u00fcndigen Sch\u00fclers.<\/p>\n<p>&#8230; und so weiter und so fort.<\/p><\/blockquote>\n<p>Das Arrangement zwischen Staat und katholischer bzw. protestantischer Kirche ging so lange gut, wie diese beiden Religionsgemeinschaften das \u00f6ffentliche Leben eindeutig dominierten. Doch jetzt wollen die Muslime rein ins Boot.<\/p>\n<p>Hat es bisher einen Aufschrei gegeben, wenn zum Beispiel katholischen Lehrerinnen und Lehrern an staatlichen(!) Schulen die Lehrerlaubnis entzogen wurde, weil sie geschieden waren und erneut heirateten? Da fuckelt die Kirche an den b\u00fcrgerlichen Existenzen herum und es wird von der  Gesellschaft akzeptiert, wenn auch hier und da mit einem privaten Protestgemurmel.<\/p>\n<p>Wir werden in einer zunehmend multireligi\u00f6sen Gesellschaft nicht ohne eine konsequente S\u00e4kularisierung auskommen, es sei denn die bisherigen Nutznie\u00dfer legen es auf einen &#8222;Clash der Religionen&#8220; an.<\/p>\n<p>Update (Paul Scheffer Interview): Seit 3 Tagen habe ich <a href=\"http:\/\/www.taz.de\/1\/leben\/alltag\/artikel\/1\/es-geht-auch-um-verlust\/\" target=\"_blank\">diesen Link im K\u00f6cher. <\/a><\/p>\n","protected":false},"excerpt":{"rendered":"<p>Sowohl beim WDR als auch in der S\u00fcddeutschen Zeitung berichtet Johannes Nitschmann \u00fcber einen Streit zwischen NRW Hochschulminister Andreas Pinkwart(FDP) und dem CDU-Landtagsfraktionsvorsitzenden Helmut Stahl: Islam Professor Kalisch entzweit Regierung &hellip; <a href=\"https:\/\/www.schiebener.net\/wordpress\/nrw-gefangen-in-der-religion-befangen-im-streit\/\" class=\"more-link\"><span class=\"screen-reader-text\">\u201eNRW. Gefangen in der Religion &#8211; befangen im Streit\u201c <\/span>weiterlesen<\/a><\/p>\n","protected":false},"author":3,"featured_media":0,"comment_status":"open","ping_status":"open","sticky":false,"template":"","format":"standard","meta":{"footnotes":""},"categories":[3,46],"tags":[210,324,5853,323],"class_list":["post-1711","post","type-post","status-publish","format-standard","hentry","category-bildung-und-schule","category-philosophie","tag-kirche","tag-paul-scheffer","tag-religion","tag-sakularisierung"],"_links":{"self":[{"href":"https:\/\/www.schiebener.net\/wordpress\/wp-json\/wp\/v2\/posts\/1711","targetHints":{"allow":["GET"]}}],"collection":[{"href":"https:\/\/www.schiebener.net\/wordpress\/wp-json\/wp\/v2\/posts"}],"about":[{"href":"https:\/\/www.schiebener.net\/wordpress\/wp-json\/wp\/v2\/types\/post"}],"author":[{"embeddable":true,"href":"https:\/\/www.schiebener.net\/wordpress\/wp-json\/wp\/v2\/users\/3"}],"replies":[{"embeddable":true,"href":"https:\/\/www.schiebener.net\/wordpress\/wp-json\/wp\/v2\/comments?post=1711"}],"version-history":[{"count":0,"href":"https:\/\/www.schiebener.net\/wordpress\/wp-json\/wp\/v2\/posts\/1711\/revisions"}],"wp:attachment":[{"href":"https:\/\/www.schiebener.net\/wordpress\/wp-json\/wp\/v2\/media?parent=1711"}],"wp:term":[{"taxonomy":"category","embeddable":true,"href":"https:\/\/www.schiebener.net\/wordpress\/wp-json\/wp\/v2\/categories?post=1711"},{"taxonomy":"post_tag","embeddable":true,"href":"https:\/\/www.schiebener.net\/wordpress\/wp-json\/wp\/v2\/tags?post=1711"}],"curies":[{"name":"wp","href":"https:\/\/api.w.org\/{rel}","templated":true}]}}