{"id":17090,"date":"2012-02-22T22:32:26","date_gmt":"2012-02-22T21:32:26","guid":{"rendered":"http:\/\/www.schiebener.net\/wordpress\/?p=17090"},"modified":"2012-02-22T23:25:08","modified_gmt":"2012-02-22T22:25:08","slug":"donnerstag-23-februar-2012-um-1200-uhr-schweigeminute","status":"publish","type":"post","link":"https:\/\/www.schiebener.net\/wordpress\/donnerstag-23-februar-2012-um-1200-uhr-schweigeminute\/","title":{"rendered":"Donnerstag, 23. Februar 2012, um 12:00 Uhr:  Schweigeminute"},"content":{"rendered":"<p><strong>Nazis haben meine Mitmenschen ermordet. Warum sie und nicht mich?<\/strong><\/p>\n<p>Was unterscheidet sie von mir?<\/p>\n<p>Sie sind erst vor kurzem nach Deutschland gekommen. &#8222;Vor kurzem&#8220; &#8211; das hei\u00dft vor zwei, einer oder in dieser Generation.<\/p>\n<p>Ich hei\u00dfe nicht Eren und nicht Ibrahim, sondern Hans.<\/p>\n<p>Meine Vorfahren sind vor drei bzw. vier Generationen ins Ruhrgebiet eingewandert. Sie wurden damals angefeindet. Meine Gro\u00dfmutter hat sich dem Druck gebeugt und aus einer polnischen Ludovika wurde eine freundliche deutsche Oma Luise.<\/p>\n<p>Die Nazis, die unbehelligt durch Deutschland marodierten und kaltbl\u00fctig Menschen mit vermutetem Migrationshintergrund ermordeten, haben meine Landsleute, meine Mitmenschen umgebracht.<\/p>\n<p><a href=\"http:\/\/www.schiebener.net\/wordpress\/?p=14819\" target=\"_blank\">Mein Entsetzen<\/a> vom November , dass wir es damals nicht geschafft haben, unmittelbar nach Bekanntwerden der Mordserie deutscher Nazis ein sichtbares Zeichen zu setzen, ist immer noch nicht abgeflaut.<\/p>\n<p>Heute allerdings bin ich halbwegs froh, dass wir morgen, am Donnerstag, dem 23. Februar 2012 um 12:00 sp\u00e4t, aber irgendwie endlich doch eine Schweigeminute einlegen.<\/p>\n<p class=\"bodytext\"><a href=\"http:\/\/www.gew-nrw.de\/index.php?id=622\" target=\"_blank\"><strong>Gemeinsamer Aufruf der  Bundesvereinigung der Deutschen Arbeitgeberverb\u00e4nde und des Deutschen  Gewerkschaftsbundes zum Gedenken an die Opfer rechtsextremistischer  Gewalt<br \/>\n<\/strong><\/a><br \/>\n&#8222;Die von rechtsextremistischen Gewaltt\u00e4tern ver\u00fcbten Morde,  Raub\u00fcberf\u00e4lle und Anschl\u00e4ge erf\u00fcllen die Menschen in Deutschland mit  Abscheu und Entsetzen. Wir trauern um die Opfer. Unser Mitgef\u00fchl gilt  den Familien und Freunden, die geliebte Menschen verloren haben. Wir  sind tief betroffen, dass nach den Erfahrungen der  nationalsozialistischen Diktatur in Deutschland diese entsetzlichen  Verbrechen geschehen konnten.<\/p>\n<p>Arbeitgeber und Gewerkschaften  treten gemeinsam ein f\u00fcr ein Deutschland, in dem Rechtsextremismus,  Fremdenfeindlichkeit und Antisemitismus keinen Platz haben.<\/p>\n<p>In  den Unternehmen in Deutschland ist zwischen den Besch\u00e4ftigten ethnische  und kulturelle Vielfalt gelebte Realit\u00e4t. Die Betriebe geben zahlreiche  Beispiele f\u00fcr erfolgreiche Integration, Respekt und Toleranz. Wir stehen  daher gemeinsam in der Pflicht, rechtsextremem Gedankengut entschieden  entgegenzutreten.<\/p>\n<p>Der Deutsche Gewerkschaftsbund und die  Bundesvereinigung der Deutschen Arbeitgeberverb\u00e4nde rufen die Menschen  in Deutschland dazu auf, am Donnerstag, 23. Februar 2012, um 12:00 Uhr  f\u00fcr eine Schweigeminute in ihrer Arbeit innezuhalten. Dies geschieht  zeitgleich mit dem zentralen Staatsakt der Verfassungsorgane des Bundes  f\u00fcr die Opfer rechtsextremistischer Gewalt.<\/p>\n<p>Im stillen Gedenken an die Opfer soll ein kraftvolles Zeichen gesetzt werden:<\/p>\n<ul>\n<li>ein Zeichen der Trauer und des Mitgef\u00fchls mit den Opfern, ihren Familien und Freunden,<\/li>\n<li>ein Zeichen der Verurteilung von Fremdenhass, Rassismus und rechtsextremer Gewalt,<\/li>\n<li>ein Zeichen f\u00fcr die Vielfalt und Offenheit Deutschlands.&#8220;<\/li>\n<\/ul>\n<p><a href=\"http:\/\/www.gew-nrw.de\/fileadmin\/download\/Standpunkt\/Aufruf.pdf\" target=\"_blank\"><strong>Macht mit!<\/strong><\/a><\/p>\n","protected":false},"excerpt":{"rendered":"<p>Nazis haben meine Mitmenschen ermordet. Warum sie und nicht mich? Was unterscheidet sie von mir? Sie sind erst vor kurzem nach Deutschland gekommen. &#8222;Vor kurzem&#8220; &#8211; das hei\u00dft vor zwei, &hellip; <a href=\"https:\/\/www.schiebener.net\/wordpress\/donnerstag-23-februar-2012-um-1200-uhr-schweigeminute\/\" class=\"more-link\"><span class=\"screen-reader-text\">\u201eDonnerstag, 23. Februar 2012, um 12:00 Uhr:  Schweigeminute\u201c <\/span>weiterlesen<\/a><\/p>\n","protected":false},"author":3,"featured_media":0,"comment_status":"open","ping_status":"open","sticky":false,"template":"","format":"standard","meta":{"footnotes":""},"categories":[2489,24],"tags":[1196,3166,3473,512],"class_list":["post-17090","post","type-post","status-publish","format-standard","hentry","category-in-eigener-sache","category-politik","tag-dgb","tag-gedenkminute","tag-nazimorde","tag-neonazis"],"_links":{"self":[{"href":"https:\/\/www.schiebener.net\/wordpress\/wp-json\/wp\/v2\/posts\/17090","targetHints":{"allow":["GET"]}}],"collection":[{"href":"https:\/\/www.schiebener.net\/wordpress\/wp-json\/wp\/v2\/posts"}],"about":[{"href":"https:\/\/www.schiebener.net\/wordpress\/wp-json\/wp\/v2\/types\/post"}],"author":[{"embeddable":true,"href":"https:\/\/www.schiebener.net\/wordpress\/wp-json\/wp\/v2\/users\/3"}],"replies":[{"embeddable":true,"href":"https:\/\/www.schiebener.net\/wordpress\/wp-json\/wp\/v2\/comments?post=17090"}],"version-history":[{"count":0,"href":"https:\/\/www.schiebener.net\/wordpress\/wp-json\/wp\/v2\/posts\/17090\/revisions"}],"wp:attachment":[{"href":"https:\/\/www.schiebener.net\/wordpress\/wp-json\/wp\/v2\/media?parent=17090"}],"wp:term":[{"taxonomy":"category","embeddable":true,"href":"https:\/\/www.schiebener.net\/wordpress\/wp-json\/wp\/v2\/categories?post=17090"},{"taxonomy":"post_tag","embeddable":true,"href":"https:\/\/www.schiebener.net\/wordpress\/wp-json\/wp\/v2\/tags?post=17090"}],"curies":[{"name":"wp","href":"https:\/\/api.w.org\/{rel}","templated":true}]}}