{"id":17055,"date":"2012-02-21T23:15:11","date_gmt":"2012-02-21T22:15:11","guid":{"rendered":"http:\/\/www.schiebener.net\/wordpress\/?p=17055"},"modified":"2025-08-23T08:52:05","modified_gmt":"2025-08-23T06:52:05","slug":"urbanes-wohnen-viii-hafencity-hamburg","status":"publish","type":"post","link":"https:\/\/www.schiebener.net\/wordpress\/urbanes-wohnen-viii-hafencity-hamburg\/","title":{"rendered":"Urbanes Wohnen VIII: Hafencity Hamburg"},"content":{"rendered":"\n<h3 class=\"wp-block-heading\">In loser Folge ver\u00f6ffentlichen wir<a href=\"http:\/\/www.schiebener.net\/wordpress\/?cat=3096\" target=\"_blank\" rel=\"noreferrer noopener\"> Fotos aus st\u00e4dtischen Wohnquartieren<\/a> in Metropolen rund um die Welt.<\/h3>\n\n\n<div class=\"wp-block-image size-full wp-image-17054\">\n<figure class=\"aligncenter\"><a href=\"https:\/\/www.schiebener.net\/wordpress\/wp-content\/uploads\/2012\/02\/webhafencitydsc_0101_1.jpg\"><img loading=\"lazy\" decoding=\"async\" width=\"512\" height=\"340\" src=\"http:\/\/www.schiebener.net\/wordpress\/wp-content\/uploads\/2012\/02\/webhafencitydsc_0101_1.jpg\" alt=\"webhafencitydsc_0101_1\" class=\"wp-image-17054\" srcset=\"https:\/\/www.schiebener.net\/wordpress\/wp-content\/uploads\/2012\/02\/webhafencitydsc_0101_1.jpg 512w, https:\/\/www.schiebener.net\/wordpress\/wp-content\/uploads\/2012\/02\/webhafencitydsc_0101_1-300x199.jpg 300w\" sizes=\"auto, (max-width: 512px) 85vw, 512px\" \/><\/a><figcaption class=\"wp-element-caption\">Hafencity, im Hintergrund der neue &#8218;Traditionshafen Hamburg&#8216; (fotos: chris)<\/figcaption><\/figure>\n<\/div>\n\n\n<p class=\"has-text-align-left\"><strong>Wenn Sie gen\u00fcgend Kleingeld haben, dann wohnen Sie hier unter Ihresgleichen. Die Einwohner der Hafencity sind sozial recht homogen, was an den <a href=\"http:\/\/www.immobilienscout24.de\/Suche\/S-T\/Wohnung-Kauf\/Hamburg\/Hamburg\/HafenCity\" target=\"_blank\" rel=\"noopener\">horrenden Quadratmeterpreisen<\/a> in dem riesigen Neubauareal liegt. <\/strong><\/p>\n\n\n<div class=\"wp-block-image size-full wp-image-17056\">\n<figure class=\"aligncenter\"><img loading=\"lazy\" decoding=\"async\" width=\"512\" height=\"343\" src=\"http:\/\/www.schiebener.net\/wordpress\/wp-content\/uploads\/2012\/02\/webgatedsc_0096.jpg\" alt=\"webgatedsc_0096\" class=\"wp-image-17056\" srcset=\"https:\/\/www.schiebener.net\/wordpress\/wp-content\/uploads\/2012\/02\/webgatedsc_0096.jpg 512w, https:\/\/www.schiebener.net\/wordpress\/wp-content\/uploads\/2012\/02\/webgatedsc_0096-300x200.jpg 300w\" sizes=\"auto, (max-width: 512px) 85vw, 512px\" \/><figcaption class=\"wp-element-caption\">Der Zugang ist versperrt. Wohnungen in der Hafencity.<\/figcaption><\/figure>\n<\/div>\n\n\n<p class=\"has-text-align-left\">Die Zug\u00e4nge zu den Wohnungen sind an manchen Orten durch Z\u00e4une und Pforten gesichert. In den USA nennt man dies &#8222;gated communities&#8220;. Die Bewohner m\u00f6chten sich abgrenzen, sie wollen unter sich bleiben und sie wollen nicht, dass Fremde ihre Hinterh\u00f6fe passieren oder gar an ihren T\u00fcren schellen. Die Welt wird auf Distanz gehalten.<\/p>\n\n\n<div class=\"wp-block-image size-full wp-image-17057\">\n<figure class=\"aligncenter\"><img loading=\"lazy\" decoding=\"async\" width=\"512\" height=\"343\" src=\"http:\/\/www.schiebener.net\/wordpress\/wp-content\/uploads\/2012\/02\/webunileverdsc_0078.jpg\" alt=\"webunileverdsc_0078\" class=\"wp-image-17057\" srcset=\"https:\/\/www.schiebener.net\/wordpress\/wp-content\/uploads\/2012\/02\/webunileverdsc_0078.jpg 512w, https:\/\/www.schiebener.net\/wordpress\/wp-content\/uploads\/2012\/02\/webunileverdsc_0078-300x200.jpg 300w\" sizes=\"auto, (max-width: 512px) 85vw, 512px\" \/><figcaption class=\"wp-element-caption\">B\u00fcrogeb\u00e4ude von Unilever in der Hafencity.<\/figcaption><\/figure>\n<\/div>\n\n\n<p class=\"has-text-align-left\">Unilever nutzt ein riesiges B\u00fcrogeb\u00e4ude direkt am Elbufer. Im Erdgeschoss l\u00e4dt ein Laden zum Einkauf. Sp\u00e4testens jetzt lernt der Besucher, was der Lebensmittelgigant alles herstellt: Von Langnese-Eis \u00fcber Rama und BiFi-Minisalami, OMO, Axe-Deo und vieles mehr. Nebenan befindet sich ein Caf\u00e9 mit Elbblick und moderaten Preisen. Auch hier werden die Produkte von Unilever angeboten.<\/p>\n\n\n<div class=\"wp-block-image size-full wp-image-17058\">\n<figure class=\"aligncenter\"><img loading=\"lazy\" decoding=\"async\" width=\"395\" height=\"512\" src=\"http:\/\/www.schiebener.net\/wordpress\/wp-content\/uploads\/2012\/02\/webelbp_dsc_0131_1.jpg\" alt=\"webelbp_dsc_0131_1\" class=\"wp-image-17058\" srcset=\"https:\/\/www.schiebener.net\/wordpress\/wp-content\/uploads\/2012\/02\/webelbp_dsc_0131_1.jpg 395w, https:\/\/www.schiebener.net\/wordpress\/wp-content\/uploads\/2012\/02\/webelbp_dsc_0131_1-231x300.jpg 231w\" sizes=\"auto, (max-width: 395px) 85vw, 395px\" \/><figcaption class=\"wp-element-caption\">Im Hintergrund die Elbphilharmonie, im Vordergrund der dazugeh\u00f6rige Pavillon.<\/figcaption><\/figure>\n<\/div>\n\n\n<p class=\"has-text-align-left\">Und nat\u00fcrlich geh\u00f6rt sie zur Hafencity: die Elbphilharmonie. Das neue Wahrzeichen der Stadt,&nbsp; das &#8218;Leuchtturmprojekt&#8216;. Jahr der Fertigstellung? Weiterhin ungewiss.<\/p>\n\n\n\n<p class=\"has-text-align-left\">Im Vordergrund des Bildes befindet sich die Au\u00dfenfassade des <a href=\"http:\/\/www.hafencity.com\/de\/infocenter\/elbphilharmonie-pavillon-.html\" target=\"_blank\" rel=\"noopener\">Elbphilharmonie Pavillons<\/a>. Hier &#8222;bieten &nbsp;H\u00f6r- und Sehrohre audiovisuelle Eindr\u00fccke von den Elbphilharmonie Konzerten&#8220;, so die Information auf der Homepage der Hafencity. Momentan finden diese Konzerte allerdings noch in der Laeiszhalle am Johannes-Brahms-Platz statt.<\/p>\n\n\n\n<p class=\"has-text-align-left\"><strong>Fazit: <\/strong>Der neue Hamburger Stadtteil ist kalt und distanziert. Es fehlt an Menschen, B\u00e4umen und selbst Hunde vermisse ich. Ach ja, und als wir in einem der zahllosen Restaurants nach einem Buchgesch\u00e4ft fragen, hei\u00dft es:&nbsp; &#8222;Nein, das gibt es hier nicht.&#8220;&nbsp; Wer will blo\u00df&nbsp; in so einem Stadtteil wohnen?<\/p>\n\n\n\n<p class=\"has-text-align-left\">&nbsp;<\/p>\n","protected":false},"excerpt":{"rendered":"<p>In loser Folge ver\u00f6ffentlichen wir Fotos aus st\u00e4dtischen Wohnquartieren in Metropolen rund um die Welt. Wenn Sie gen\u00fcgend Kleingeld haben, dann wohnen Sie hier unter Ihresgleichen. Die Einwohner der Hafencity &hellip; <a href=\"https:\/\/www.schiebener.net\/wordpress\/urbanes-wohnen-viii-hafencity-hamburg\/\" class=\"more-link\"><span class=\"screen-reader-text\">\u201eUrbanes Wohnen VIII: Hafencity Hamburg\u201c <\/span>weiterlesen<\/a><\/p>\n","protected":false},"author":21,"featured_media":0,"comment_status":"open","ping_status":"open","sticky":false,"template":"","format":"standard","meta":{"footnotes":""},"categories":[1,83,3096],"tags":[1903,3471,3472],"class_list":["post-17055","post","type-post","status-publish","format-standard","hentry","category-allgemein","category-hamburg-allgemein","category-urbanes-wohnen","tag-elbphilharmonie","tag-hafencity","tag-unilever"],"_links":{"self":[{"href":"https:\/\/www.schiebener.net\/wordpress\/wp-json\/wp\/v2\/posts\/17055","targetHints":{"allow":["GET"]}}],"collection":[{"href":"https:\/\/www.schiebener.net\/wordpress\/wp-json\/wp\/v2\/posts"}],"about":[{"href":"https:\/\/www.schiebener.net\/wordpress\/wp-json\/wp\/v2\/types\/post"}],"author":[{"embeddable":true,"href":"https:\/\/www.schiebener.net\/wordpress\/wp-json\/wp\/v2\/users\/21"}],"replies":[{"embeddable":true,"href":"https:\/\/www.schiebener.net\/wordpress\/wp-json\/wp\/v2\/comments?post=17055"}],"version-history":[{"count":0,"href":"https:\/\/www.schiebener.net\/wordpress\/wp-json\/wp\/v2\/posts\/17055\/revisions"}],"wp:attachment":[{"href":"https:\/\/www.schiebener.net\/wordpress\/wp-json\/wp\/v2\/media?parent=17055"}],"wp:term":[{"taxonomy":"category","embeddable":true,"href":"https:\/\/www.schiebener.net\/wordpress\/wp-json\/wp\/v2\/categories?post=17055"},{"taxonomy":"post_tag","embeddable":true,"href":"https:\/\/www.schiebener.net\/wordpress\/wp-json\/wp\/v2\/tags?post=17055"}],"curies":[{"name":"wp","href":"https:\/\/api.w.org\/{rel}","templated":true}]}}