{"id":17014,"date":"2012-02-19T22:41:48","date_gmt":"2012-02-19T21:41:48","guid":{"rendered":"http:\/\/www.schiebener.net\/wordpress\/?p=17014"},"modified":"2012-02-19T22:41:48","modified_gmt":"2012-02-19T21:41:48","slug":"olsberg-informationen-und-hintergrunde-aus-dem-kreistag-in-meschede","status":"publish","type":"post","link":"https:\/\/www.schiebener.net\/wordpress\/olsberg-informationen-und-hintergrunde-aus-dem-kreistag-in-meschede\/","title":{"rendered":"Olsberg: Informationen und Hintergr\u00fcnde aus dem Kreistag in Meschede"},"content":{"rendered":"<figure id=\"attachment_6947\" aria-describedby=\"caption-attachment-6947\" style=\"width: 180px\" class=\"wp-caption alignleft\"><img loading=\"lazy\" decoding=\"async\" class=\"size-medium wp-image-6947 \" title=\"Das Podium im gro\u00dfen Sitzungssaal des Kreistags\" src=\"http:\/\/www.schiebener.net\/wordpress\/wp-content\/uploads\/2010\/03\/notdienst04-300x225.jpg\" alt=\"Im gro\u00dfen Sitzungssaal des Kreistags in Meschede (archiv: zoom)\" width=\"180\" height=\"135\" srcset=\"https:\/\/www.schiebener.net\/wordpress\/wp-content\/uploads\/2010\/03\/notdienst04-300x225.jpg 300w, https:\/\/www.schiebener.net\/wordpress\/wp-content\/uploads\/2010\/03\/notdienst04.jpg 480w\" sizes=\"auto, (max-width: 180px) 85vw, 180px\" \/><figcaption id=\"caption-attachment-6947\" class=\"wp-caption-text\">Im gro\u00dfen Sitzungssaal des Kreistags in Meschede (archiv: zoom)<\/figcaption><\/figure>\n<p><strong>Die Sachkundigen B\u00fcrger der Sauerl\u00e4nder B\u00fcrgerliste (SBL) treffen sich am Dienstag, dem 21.02.2012 um 19.00 Uhr im Restaurant der Aslan-Klinik in Olsberg. <\/strong><\/p>\n<p><strong>SBL-Kreistagsmitglied Reinhard Loos<\/strong> m\u00f6chte an diesem Abend \u00fcber die Themen der n\u00e4chsten Kreistagssitzung am 24.02.2012 informieren.<\/p>\n<p><strong>Die Sachkundigen B\u00fcrger<\/strong> berichten aus den Ausschusssitzungen die in den letzten Tagen stattfanden.<\/p>\n<p><strong>M\u00f6gliche Themen und Diskussionspunkte:<br \/>\n<\/strong><\/p>\n<ul> Gesamtschule zur Vergr\u00f6\u00dferung des Schulangebots einrichten<br \/>\nApothekennotdienst durch politische Massnahmen verbessern<br \/>\nEinsatz f\u00fcr Demographiefaktor, Fl\u00e4chenschl\u00fcssel, Einkommensgrenze<br \/>\nf\u00fcr ZWS, Jagdsteuer im Gemeindefinanzierungsgesetz<br \/>\nProjekt \u00e2\u20ac\u017eambulant vor station\u00e4r\u00e2\u20ac\u0153 f\u00fcr SGB XII-Empf\u00e4nger streichen<\/ul>\n<p><strong>Erholungs- und Sportzentrum Winterberg GmbH (Bobbahn, Schanzen):<\/strong><\/p>\n<p>Antrag, die Bobbahn in Winterberg einschl. der zust\u00e4ndigen Gesellschaft mittelfristig d.h. in den n\u00e4chsten 3-5 Jahren an die Stadt Winterberg, einen strategischen Partner oder ein Wirtschaftsunternehmen zu \u00fcbergeben.<\/p>\n<p><strong>Hierzu sollte die Verwaltung zun\u00e4chst einmal eine \u00dcbersicht \u00fcber folgende Punkte erstellen<\/strong><br \/>\n1. bisherige Kosten<br \/>\n2. Bilanzwert<br \/>\n3. Vertragslaufzeiten<br \/>\n4. Wirtschaftliche Perspektive f\u00fcr die n\u00e4chsten Jahre<br \/>\n5. Besonderheiten wie Verkn\u00fcpfungen mit der Schanze in Winterberg<\/p>\n<p><strong>Musikschule:<\/strong><br \/>\nVerzicht auf Anhebung der Entgelte (um 5%)<br \/>\nStattdessen Durchf\u00fchrung von Ferienkursen: Mehreinnahmen und Angebotserweiterung (vgl. Kunstsommer Arnsberg mit vielen Angeboten zu Ende der Sommerferien)<\/p>\n<p><strong>Blaues Haus:<\/strong><br \/>\nKosten f\u00fcr den Kreis mindestens \u00bd Mio h\u00f6her als bisher angek\u00fcndigt<br \/>\nVerzicht auf den Anbau im Garten des \u00e2\u20ac\u017eBlauen Hauses\u00e2\u20ac\u0153<br \/>\nUnterbringung des Medienzentrums im Kreishaus Arnsberg<br \/>\ndurch entsprechende Umplanung lassen sich ca. \u00bd Mio Euro einsparen.<\/p>\n<p><strong>Mobile Soziale Dienste:<\/strong><br \/>\nBeibehaltung der F\u00f6rderung, f\u00fcr alle 3 Anbieter (Awo, Lebenshilfe, Diakonie)<br \/>\nKeine \u00e2\u20ac\u017eAkzeptanz\u00e2\u20ac\u0153 bei Tr\u00e4gern f\u00fcr Streichung vorhanden<br \/>\nStreichung h\u00e4tte keinen wesentlichen Einspareffekt, weil die Tr\u00e4ger dann ihre Stundens\u00e4tze erh\u00f6hen m\u00fcssten<br \/>\nnur einige wenige Selbstzahler w\u00e4ren betroffen.<\/p>\n<p><strong>Kreishaushalt<\/strong><br \/>\nDer Hebesatz der Kreisumlage (KU) darf nicht \u00e2\u20ac\u201c wie geplant \u00e2\u20ac\u201c um 1,51 bzw. neuerdings um 1,10 Prozentpunkte angehoben (vor der Verrechnung der Finanzierungsbeteiligung an den KdU), sondern muss auf dem bisherigen Niveau bleiben.<\/p>\n<p><strong>Argumente:<\/strong><\/p>\n<p>Im Haushaltsplan der Kreises ist ein struktureller \u00dcberschu\u00df von fast 5 Mio Euro enthalten, der faktisch den Mehreinnahmen aus der Erh\u00f6hung der Kreisumlage (KU) entspricht. Dabei ist zu ber\u00fccksichtigen, dass der Hebesatz zur Umlage des LWL nur um 0,4 Punkte (statt 0,6) steigen wird.<\/p>\n<p>Gleichzeitig steht dem Kreis noch mehr als seine volle Ausgleichsr\u00fccklage zur Verf\u00fcgung, die bei der Einrichtung zum 01.01.2008 40,8 Mio Euro betrug und nun auf 43,6 Mio Euro angestiegen ist.<\/p>\n<p>Das Defizit im Haushaltsjahr 2011 kann durch die \u00dcbersch\u00fcsse aus den Jahren 2008, 2009 und 2010 mehr als ausgeglichen werden, so dass auch deswegen keine Anhebung der KU erforderlich ist.<\/p>\n<p>Wegen der schlechten Finanzlage der Gemeinden sollten diese nicht mit Abgabenerh\u00f6hungen belastet werden, w\u00e4hrend der Kreis aus den Mehreinnahmen seine Ausgleichsr\u00fccklage weiter aufbaut.<\/p>\n<p><strong>Es gibt viel zu besprechen. Alle interessierten B\u00fcrger sind herzlich zur SBL-Versammlung eingeladen.<\/strong><\/p>\n<p><strong>Anfahrt:<\/strong><br \/>\nDie Aslan-Klinik liegt von Assinghausen kommend gleich am Ortseingang von Olsberg. Rechts in N\u00e4he der Apotheke und Fielmann abbiegen, Richtung Kurpark. Da landet man schnell bei den Parkpl\u00e4tzen der Klinik. Das Restaurant ist in einem nobel aussehenden Geb\u00e4ude mit eleganter, geschwungener Treppe.<\/p>\n<p><a href=\"http:\/\/www.aslan.info\/olsberg\/anfahrt_olsberg.html\" target=\"_blank\">http:\/\/www.aslan.info\/olsberg\/anfahrt_olsberg.html<\/a><\/p>\n<p><a href=\"http:\/\/www.aslan.info\/olsberg.html\" target=\"_blank\">http:\/\/www.aslan.info\/olsberg.html<\/a><\/p>\n","protected":false},"excerpt":{"rendered":"<p>Die Sachkundigen B\u00fcrger der Sauerl\u00e4nder B\u00fcrgerliste (SBL) treffen sich am Dienstag, dem 21.02.2012 um 19.00 Uhr im Restaurant der Aslan-Klinik in Olsberg. SBL-Kreistagsmitglied Reinhard Loos m\u00f6chte an diesem Abend \u00fcber &hellip; <a href=\"https:\/\/www.schiebener.net\/wordpress\/olsberg-informationen-und-hintergrunde-aus-dem-kreistag-in-meschede\/\" class=\"more-link\"><span class=\"screen-reader-text\">\u201eOlsberg: Informationen und Hintergr\u00fcnde aus dem Kreistag in Meschede\u201c <\/span>weiterlesen<\/a><\/p>\n","protected":false},"author":17,"featured_media":0,"comment_status":"open","ping_status":"open","sticky":false,"template":"","format":"standard","meta":{"footnotes":""},"categories":[303,80,24,1043],"tags":[3470,190,227,294],"class_list":["post-17014","post","type-post","status-publish","format-standard","hentry","category-in-unserem-briefkasten","category-lokales","category-politik","category-pressemitteilungen","tag-aslan-klink","tag-olsberg","tag-sauerlander-burgerliste","tag-sbl"],"_links":{"self":[{"href":"https:\/\/www.schiebener.net\/wordpress\/wp-json\/wp\/v2\/posts\/17014","targetHints":{"allow":["GET"]}}],"collection":[{"href":"https:\/\/www.schiebener.net\/wordpress\/wp-json\/wp\/v2\/posts"}],"about":[{"href":"https:\/\/www.schiebener.net\/wordpress\/wp-json\/wp\/v2\/types\/post"}],"author":[{"embeddable":true,"href":"https:\/\/www.schiebener.net\/wordpress\/wp-json\/wp\/v2\/users\/17"}],"replies":[{"embeddable":true,"href":"https:\/\/www.schiebener.net\/wordpress\/wp-json\/wp\/v2\/comments?post=17014"}],"version-history":[{"count":0,"href":"https:\/\/www.schiebener.net\/wordpress\/wp-json\/wp\/v2\/posts\/17014\/revisions"}],"wp:attachment":[{"href":"https:\/\/www.schiebener.net\/wordpress\/wp-json\/wp\/v2\/media?parent=17014"}],"wp:term":[{"taxonomy":"category","embeddable":true,"href":"https:\/\/www.schiebener.net\/wordpress\/wp-json\/wp\/v2\/categories?post=17014"},{"taxonomy":"post_tag","embeddable":true,"href":"https:\/\/www.schiebener.net\/wordpress\/wp-json\/wp\/v2\/tags?post=17014"}],"curies":[{"name":"wp","href":"https:\/\/api.w.org\/{rel}","templated":true}]}}