{"id":17011,"date":"2012-02-19T20:51:37","date_gmt":"2012-02-19T19:51:37","guid":{"rendered":"http:\/\/www.schiebener.net\/wordpress\/?p=17011"},"modified":"2012-02-19T20:51:37","modified_gmt":"2012-02-19T19:51:37","slug":"ich-will-einen-sauerlander-als-bundesprasidenten-heinrich-lubke","status":"publish","type":"post","link":"https:\/\/www.schiebener.net\/wordpress\/ich-will-einen-sauerlander-als-bundesprasidenten-heinrich-lubke\/","title":{"rendered":"Ich will einen Sauerl\u00e4nder als Bundespr\u00e4sidenten: Heinrich L\u00fcbke."},"content":{"rendered":"<p><iframe loading=\"lazy\" width=\"480\" height=\"360\" src=\"http:\/\/www.youtube.com\/embed\/t2cNS4wZTK4\" frameborder=\"0\" allowfullscreen><\/iframe><\/p>\n","protected":false},"excerpt":{"rendered":"","protected":false},"author":3,"featured_media":0,"comment_status":"open","ping_status":"open","sticky":false,"template":"","format":"standard","meta":{"footnotes":""},"categories":[174,2489],"tags":[1640,609],"class_list":["post-17011","post","type-post","status-publish","format-standard","hentry","category-dit-und-dat","category-in-eigener-sache","tag-bundesprasident","tag-heinrich-lubke"],"_links":{"self":[{"href":"https:\/\/www.schiebener.net\/wordpress\/wp-json\/wp\/v2\/posts\/17011","targetHints":{"allow":["GET"]}}],"collection":[{"href":"https:\/\/www.schiebener.net\/wordpress\/wp-json\/wp\/v2\/posts"}],"about":[{"href":"https:\/\/www.schiebener.net\/wordpress\/wp-json\/wp\/v2\/types\/post"}],"author":[{"embeddable":true,"href":"https:\/\/www.schiebener.net\/wordpress\/wp-json\/wp\/v2\/users\/3"}],"replies":[{"embeddable":true,"href":"https:\/\/www.schiebener.net\/wordpress\/wp-json\/wp\/v2\/comments?post=17011"}],"version-history":[{"count":0,"href":"https:\/\/www.schiebener.net\/wordpress\/wp-json\/wp\/v2\/posts\/17011\/revisions"}],"wp:attachment":[{"href":"https:\/\/www.schiebener.net\/wordpress\/wp-json\/wp\/v2\/media?parent=17011"}],"wp:term":[{"taxonomy":"category","embeddable":true,"href":"https:\/\/www.schiebener.net\/wordpress\/wp-json\/wp\/v2\/categories?post=17011"},{"taxonomy":"post_tag","embeddable":true,"href":"https:\/\/www.schiebener.net\/wordpress\/wp-json\/wp\/v2\/tags?post=17011"}],"curies":[{"name":"wp","href":"https:\/\/api.w.org\/{rel}","templated":true}]}}